{"id":13827,"date":"2014-12-01T19:03:00","date_gmt":"2014-12-02T01:03:00","guid":{"rendered":"http:\/\/www.lospoliticosveracruz.com.mx\/?p=13827"},"modified":"2014-12-01T19:03:00","modified_gmt":"2014-12-02T01:03:00","slug":"serralde-y-la-decadencia-panista","status":"publish","type":"post","link":"https:\/\/lospoliticosveracruz.com.mx\/?p=13827","title":{"rendered":"Serralde y la decadencia panista"},"content":{"rendered":"<p><a href=\"http:\/\/www.lospoliticosveracruz.com.mx\/wp-content\/uploads\/2014\/12\/V\u00edctor-Serralde.jpg\"><img loading=\"lazy\" decoding=\"async\" class=\"alignnone size-medium wp-image-13829\" src=\"http:\/\/www.lospoliticosveracruz.com.mx\/wp-content\/uploads\/2014\/12\/V\u00edctor-Serralde-300x162.jpg\" alt=\"V\u00edctor Serralde\" width=\"300\" height=\"162\" \/><\/a><\/p>\n<p><strong>Luis Manuel Toto P\u00f3lito<\/strong><\/p>\n<p><em>Observatorio<\/em><\/p>\n<p>Al intentar homogenizar las corrientes panistas en los Tuxtlas, el diputado federal por el distrito 13 por Huatusco V\u00edctor Serralde, este domingo dej\u00f3 muy en claro que las cosas no andan bien al interior del blanquiazul.<br \/>\nM\u00e1s cuando se atrevi\u00f3 a exclamar que no ped\u00eda unidad, tan solo la capacidad para dialogar entre quienes buscan ser los pr\u00f3ximos dirigentes municipales, y de paso, quienes quieren ser los abanderados en las contiendas federales del 2015.<br \/>\nA la reuni\u00f3n que fue privada, llegaron unas cien personas de todo el distrito 19, que comprende desde Catemaco hasta Acula y Amatitl\u00e1n, y para sorpresa solo unos 15 activos panistas asistieron de un aproximado a los 680.<br \/>\nLa presentaci\u00f3n sumamente suave, mientras que el discurso rob\u00f3 m\u00e1s de 40 minutos a los invitados, que entre tanto y tanto, prefirieron comer tacos de Tilapan y tomar refresco jarochito, la pl\u00e1tica aburrida aburrida.<br \/>\nReson\u00f3 dentro del mon\u00f3logo gran parte de su carrera pol\u00edtica, pero sembr\u00f3 la idea a los invitados, cuando habl\u00f3 sobre la estrategia que utiliz\u00f3 para unir al PAN en Veracruz en la elecci\u00f3n llamada de \u201cunidad\u201d hace unos meses, que dio como resultado poner a Pepe Mancha y Domingo Baena Corval\u00e1 en la presidencia del partido en el estado.<br \/>\nAh\u00ed expres\u00f3 que una forma de persuadir a Enrique Cambranis de unirse al equipo, fue \u201cacalambr\u00e1ndolo\u201d, ya que en todo caso Serralde utilizar\u00eda a Miguel \u00c1ngel Yunes Linares para hacerle un frente y fulminarlo, caso similar al reunirse con MIYULI, a quien tambi\u00e9n hizo retumbar con la insinuaci\u00f3n que utilizar\u00eda a Cambranis para bajarlo de su nube, m\u00e9todo pol\u00edtico que funcion\u00f3 en ese entonces.<br \/>\nDesde el arranque del evento, la estrella fue el diputado federal, quien atento se\u00f1al\u00f3 la participaci\u00f3n ciudadana y la importancia de apoyar a los candidatos del distrito, que buscan ser los pr\u00f3ximos dirigentes municipales, sin embargo nadie insisti\u00f3 m\u00e1s, todos prefirieron callar, aunque el Pollo Turrent andaba ah\u00ed, nadie lo pel\u00f3, pobre de \u00e9l.<br \/>\nLos panistas desde luego, quedaron con la idea que la visita del legislador de la c\u00e1mara baja, fue para exponer su trabajo, debido a las comisiones que este mantiene: Desarrollo Rural, Marina\u00a0y Seguridad P\u00fablica,<br \/>\nEn realidad, intent\u00f3 \u201cunir\u201d, lo que por revanchismos est\u00e1 desunido, y que podr\u00eda causar una batalla en pr\u00f3ximas semanas, sobre todo, cuando pretenden poner peso a la balanza de algunos candidatos.<\/p>\n","protected":false},"excerpt":{"rendered":"<p>Luis Manuel Toto P\u00f3lito Observatorio Al intentar homogenizar las corrientes panistas en los Tuxtlas, el diputado federal por el distrito 13 por Huatusco V\u00edctor Serralde, este domingo dej\u00f3 muy en claro que las cosas no andan bien al interior del blanquiazul. M\u00e1s cuando se atrevi\u00f3 a exclamar que no ped\u00eda unidad, tan solo la capacidad [&hellip;]<\/p>\n","protected":false},"author":2,"featured_media":0,"comment_status":"open","ping_status":"open","sticky":false,"template":"","format":"standard","meta":{"_jetpack_newsletter_access":"","_jetpack_dont_email_post_to_subs":false,"_jetpack_newsletter_tier_id":0,"_jetpack_memberships_contains_paywalled_content":false,"_jetpack_memberships_contains_paid_content":false,"footnotes":""},"categories":[70],"tags":[1066,428,266,1065],"class_list":["post-13827","post","type-post","status-publish","format-standard","hentry","category-de-opinion","tag-domingo-bahena","tag-miguel-angel-yunes-linares","tag-pan","tag-pepe-mancha"],"jetpack_featured_media_url":"","jetpack_sharing_enabled":true,"jetpack_shortlink":"https:\/\/wp.me\/p4Qcd3-3B1","_links":{"self":[{"href":"https:\/\/lospoliticosveracruz.com.mx\/index.php?rest_route=\/wp\/v2\/posts\/13827","targetHints":{"allow":["GET"]}}],"collection":[{"href":"https:\/\/lospoliticosveracruz.com.mx\/index.php?rest_route=\/wp\/v2\/posts"}],"about":[{"href":"https:\/\/lospoliticosveracruz.com.mx\/index.php?rest_route=\/wp\/v2\/types\/post"}],"author":[{"embeddable":true,"href":"https:\/\/lospoliticosveracruz.com.mx\/index.php?rest_route=\/wp\/v2\/users\/2"}],"replies":[{"embeddable":true,"href":"https:\/\/lospoliticosveracruz.com.mx\/index.php?rest_route=%2Fwp%2Fv2%2Fcomments&post=13827"}],"version-history":[{"count":2,"href":"https:\/\/lospoliticosveracruz.com.mx\/index.php?rest_route=\/wp\/v2\/posts\/13827\/revisions"}],"predecessor-version":[{"id":13830,"href":"https:\/\/lospoliticosveracruz.com.mx\/index.php?rest_route=\/wp\/v2\/posts\/13827\/revisions\/13830"}],"wp:attachment":[{"href":"https:\/\/lospoliticosveracruz.com.mx\/index.php?rest_route=%2Fwp%2Fv2%2Fmedia&parent=13827"}],"wp:term":[{"taxonomy":"category","embeddable":true,"href":"https:\/\/lospoliticosveracruz.com.mx\/index.php?rest_route=%2Fwp%2Fv2%2Fcategories&post=13827"},{"taxonomy":"post_tag","embeddable":true,"href":"https:\/\/lospoliticosveracruz.com.mx\/index.php?rest_route=%2Fwp%2Fv2%2Ftags&post=13827"}],"curies":[{"name":"wp","href":"https:\/\/api.w.org\/{rel}","templated":true}]}}