{"id":13831,"date":"2014-12-01T20:32:09","date_gmt":"2014-12-02T02:32:09","guid":{"rendered":"http:\/\/www.lospoliticosveracruz.com.mx\/?p=13831"},"modified":"2014-12-01T20:32:09","modified_gmt":"2014-12-02T02:32:09","slug":"crimen-y-corrupcion-seguiran-impunes","status":"publish","type":"post","link":"https:\/\/lospoliticosveracruz.com.mx\/?p=13831","title":{"rendered":"\u00bfCrimen y corrupci\u00f3n seguir\u00e1n impunes?"},"content":{"rendered":"<p><a href=\"http:\/\/www.lospoliticosveracruz.com.mx\/wp-content\/uploads\/2014\/11\/Enrique-Pe\u00f1a-Nieto.png\"><img loading=\"lazy\" decoding=\"async\" class=\"alignnone size-medium wp-image-13766\" src=\"http:\/\/www.lospoliticosveracruz.com.mx\/wp-content\/uploads\/2014\/11\/Enrique-Pe\u00f1a-Nieto-300x167.png\" alt=\"Enrique Pe\u00f1a Nieto\" width=\"300\" height=\"167\" \/><\/a><\/p>\n<p><strong>\u00c1lvaro Belin Andrade<\/strong><\/p>\n<p><em>Hora Libre<\/em><\/p>\n<p>&nbsp;<\/p>\n<p>Ayer cumpli\u00f3 Enrique Pe\u00f1a Nieto dos a\u00f1os al frente del gobierno federal, y ya las luces que gobiernos y medios de comunicaci\u00f3n internacionales le ve\u00edan, incluso con el aura de convertirse en el salvador de M\u00e9xico (Saving Mexico), se han apagado estrepitosamente.<br \/>\nAunque sus opositores de todo color ven en esa cada vez m\u00e1s endeble figura una oportunidad: muchos pidiendo que renuncie al cargo, y los partidos pol\u00edticos como el escenario m\u00e1s conveniente para lograr triunfos electorales en las elecciones intermedias del 2015 e, incluso, la derrota priista en 2018, lo cierto es que su debilidad afecta cada vez m\u00e1s al pa\u00eds entero.<br \/>\nPocos le creen o est\u00e1n con \u00e9l (cuatro de cada 10 mexicanos, seg\u00fan encuestas), lo que debe obligarlo a dar muestras de una voluntad para cambiar las cosas y corregir el rumbo de las reformas ya aprobadas.<br \/>\nSus soluciones medi\u00e1ticas a los temas de la seguridad, la procuraci\u00f3n de justicia, la transparencia y la impunidad, adem\u00e1s de requerir acciones inmediatas y efectivas, deben ser acompa\u00f1adas de un combate frontal a la corrupci\u00f3n galopante que no solo permea en las corporaciones policiacas locales y en los ayuntamientos del pa\u00eds.<br \/>\nPara cualquier mexicano queda claro que la clase pol\u00edtica, sea del tinte que sea, ha utilizado los puestos p\u00fablicos para enriquecerse de manera bochornosa, y lo seguir\u00e1 haciendo porque no hay un m\u00ednimo castigo por disponer ilegalmente de los recursos del erario para engrosar fortunas fortuitas y escandalosas.<br \/>\nY eso ocurre en cualquier escala de la estructura del poder, comenzando por el propio Presidente de la Rep\u00fablica y su numerosa familia, funcionarios federales, gobernadores de los estados, l\u00edderes sindicales, alcaldes y hasta el m\u00e1s in\u00fatil de los funcionarios estatales.<br \/>\nDe nada servir\u00e1 que se destinen recursos, por ejemplo, a crear condiciones de desarrollo en el sur del pa\u00eds, como en los estados de Chiapas, Oaxaca y Guerrero, que recibir\u00e1n inmensas inversiones en infraestructura y promoci\u00f3n para que en sus territorios se asienten empresas que generen empleos, si m\u00e1s de la mitad quedar\u00e1n en el camino gracias a la voracidad de toda clase de funcionarios p\u00fablicos que sean designados para hacerse cargo de los programas.<br \/>\nEl grave problema del pa\u00eds no solo radica en la impunidad con que act\u00faan los grupos criminales que han quebrado la econom\u00eda de miles de familias, se han saldado con decenas de miles de mexicanos asesinados y han privado de la libertad a otro tanto.<br \/>\nEl problema es que las acciones consideradas por Pe\u00f1a en su dec\u00e1logo, el relativo a la transparencia y el combate a la corrupci\u00f3n, debi\u00f3 haber comenzado de inmediato, para llevar a tribunales a exalcaldes, exgobernadores y exfuncionarios que ya robaron, que ya flagelaron las finanzas p\u00fablicas y se encuentran en pleno disfrute del dinero de los mexicanos.<br \/>\nPensar en que se har\u00e1 borr\u00f3n y cuenta nueva ser\u00eda tanto como aceptar a un gobierno federal c\u00f3mplice con quienes nos han dejado pr\u00e1cticamente en calzones, como ha ocurrido en Veracruz en los \u00faltimos 16 a\u00f1os. \u00bfCu\u00e1les fueron los compromisos asumidos por el PRI para ganar los comicios federales que tienen en el poder a un Pe\u00f1a Nieto d\u00e9bil? \u00bfProteger con total impunidad a los corruptos de todos conocidos?<\/p>\n<p><strong>La cultura como comercio<\/strong><\/p>\n<p>Para quienes gobiernan Veracruz, la cultura es el bien menos valorado. A la reducci\u00f3n asfixiante de los presupuestos destinados a la promoci\u00f3n de la cultura y a la infraestructura destinada a la educaci\u00f3n y difusi\u00f3n art\u00edstica, habr\u00e1 que agregar la utilizaci\u00f3n de las fiestas populares que se encargaban de mantener vivas las tradiciones y expresiones genuinas del arte veracruzano para convertirlas en insufribles espect\u00e1culos dise\u00f1ados para atraer el turismo.<br \/>\nEl gobierno estatal se ha encargado en los \u00faltimos a\u00f1os de expropiar las fiestas populares para imponer modelos totalmente ajenos a las comunidades, mientras sus medios de comunicaci\u00f3n han sido desprovistos de las expresiones aut\u00f3ctonas en aras de un descabellado rating en competencia con las televisoras y radiodifusoras comerciales.<br \/>\nDestaco lo dicho por un buen amigo, Ram\u00f3n Guti\u00e9rrez, del grupo Son de Madera, en entrevista con Luis Barria, publicado en su columna El jazz bajo la manga, que se difunde en el portal y el semanario impreso de Formato Siete:<br \/>\n\u201cMe siento un poco frustrado con lo que ha pasado en los \u00faltimos a\u00f1os en nuestro pa\u00eds, los espacios en las radios comerciales y en la propia radio del Estado se han cerrado, hay un monopolio que maneja la industria del espect\u00e1culo y uno oye a los mismos grupos de m\u00fasica comercial programados en Xalapa, en el Estado de M\u00e9xico, en Coatzacoalcos, en Tabasco y eso es triste, aunque nosotros tenemos muchos espacios y seguimos viajando y seguimos tocando, es triste para todos los dem\u00e1s.<br \/>\n\u201cHace dos o tres d\u00e9cadas ten\u00edamos esos espacios, s\u00ed hab\u00eda esa sensibilidad por la parte institucional pero ahora ya no y nosotros nos damos cuenta de que si cerramos las puertas a la diversidad, no s\u00f3lo de la m\u00fasica tradicional sino de todo lo que se hace en M\u00e9xico, nos estamos condenando a lo que estamos viviendo ahora con la violencia\u201d.<br \/>\nAl referirse a la expropiaci\u00f3n de las fiestas populares, el sonero que ha recorrido el mundo difundiendo el son jarocho se\u00f1ala:<br \/>\n\u201cM\u00e9xico se ha convertido en un pa\u00eds que niega totalmente nuestra cultura. La feria de Tlacotalpan, por ejemplo, la hicimos los soneros desde hace 30 a\u00f1os, fue independiente, es una feria totalmente nacida del son jarocho, de la contracultura, y vemos c\u00f3mo se la apropi\u00f3 el Gobierno del Estado, pero tambi\u00e9n con el consentimiento de mucha gente que est\u00e1 dentro del son.<br \/>\n\u201cLa Universidad Veracruzana necesita abrir los espacios que se han cerrado a la cultura popular, porque se ha limitado a los grupos que tienen su representaci\u00f3n y los tiene ah\u00ed, encasillados, con una estructura inamovible que llega a veces hasta la petrificaci\u00f3n. La cultura oficial no ha podido moverse de una manera que retribuya a la propia sociedad y eso tiene que ver desde la estructura de rector\u00eda hasta los propios artistas\u201d.<br \/>\nOjal\u00e1 podamos reflexionar colectivamente sobre estos retrocesos vividos en nuestra entidad.<\/p>\n<p>Comentarios: belin.alvaro@gmail.com | http:\/\/formato7.com\/author\/abelin\/ | Twitter: @HoraLibre<\/p>\n","protected":false},"excerpt":{"rendered":"<p>\u00c1lvaro Belin Andrade Hora Libre &nbsp; Ayer cumpli\u00f3 Enrique Pe\u00f1a Nieto dos a\u00f1os al frente del gobierno federal, y ya las luces que gobiernos y medios de comunicaci\u00f3n internacionales le ve\u00edan, incluso con el aura de convertirse en el salvador de M\u00e9xico (Saving Mexico), se han apagado estrepitosamente. Aunque sus opositores de todo color ven [&hellip;]<\/p>\n","protected":false},"author":2,"featured_media":0,"comment_status":"open","ping_status":"open","sticky":false,"template":"","format":"standard","meta":{"_jetpack_newsletter_access":"","_jetpack_dont_email_post_to_subs":false,"_jetpack_newsletter_tier_id":0,"_jetpack_memberships_contains_paywalled_content":false,"_jetpack_memberships_contains_paid_content":false,"footnotes":""},"categories":[70],"tags":[282,281,1067],"class_list":["post-13831","post","type-post","status-publish","format-standard","hentry","category-de-opinion","tag-corrupcion","tag-enrique-pena-nieto","tag-transparencia"],"jetpack_featured_media_url":"","jetpack_sharing_enabled":true,"jetpack_shortlink":"https:\/\/wp.me\/p4Qcd3-3B5","_links":{"self":[{"href":"https:\/\/lospoliticosveracruz.com.mx\/index.php?rest_route=\/wp\/v2\/posts\/13831","targetHints":{"allow":["GET"]}}],"collection":[{"href":"https:\/\/lospoliticosveracruz.com.mx\/index.php?rest_route=\/wp\/v2\/posts"}],"about":[{"href":"https:\/\/lospoliticosveracruz.com.mx\/index.php?rest_route=\/wp\/v2\/types\/post"}],"author":[{"embeddable":true,"href":"https:\/\/lospoliticosveracruz.com.mx\/index.php?rest_route=\/wp\/v2\/users\/2"}],"replies":[{"embeddable":true,"href":"https:\/\/lospoliticosveracruz.com.mx\/index.php?rest_route=%2Fwp%2Fv2%2Fcomments&post=13831"}],"version-history":[{"count":2,"href":"https:\/\/lospoliticosveracruz.com.mx\/index.php?rest_route=\/wp\/v2\/posts\/13831\/revisions"}],"predecessor-version":[{"id":13833,"href":"https:\/\/lospoliticosveracruz.com.mx\/index.php?rest_route=\/wp\/v2\/posts\/13831\/revisions\/13833"}],"wp:attachment":[{"href":"https:\/\/lospoliticosveracruz.com.mx\/index.php?rest_route=%2Fwp%2Fv2%2Fmedia&parent=13831"}],"wp:term":[{"taxonomy":"category","embeddable":true,"href":"https:\/\/lospoliticosveracruz.com.mx\/index.php?rest_route=%2Fwp%2Fv2%2Fcategories&post=13831"},{"taxonomy":"post_tag","embeddable":true,"href":"https:\/\/lospoliticosveracruz.com.mx\/index.php?rest_route=%2Fwp%2Fv2%2Ftags&post=13831"}],"curies":[{"name":"wp","href":"https:\/\/api.w.org\/{rel}","templated":true}]}}