{"id":138356,"date":"2025-02-21T10:47:56","date_gmt":"2025-02-21T16:47:56","guid":{"rendered":"https:\/\/lospoliticosveracruz.com.mx\/?p=138356"},"modified":"2025-02-21T10:48:23","modified_gmt":"2025-02-21T16:48:23","slug":"sin-periodismo-independiente-no-hay-democracia","status":"publish","type":"post","link":"https:\/\/lospoliticosveracruz.com.mx\/?p=138356","title":{"rendered":"SIN PERIODISMO INDEPENDIENTE NO HAY DEMOCRACIA"},"content":{"rendered":"\n<p>S\u00edguenos ahora tambi\u00e9n en WhatsApp.\u00a0<a href=\"https:\/\/whatsapp.com\/channel\/0029Va8zRWlEKyZIP3Z1dF0e\"><strong>Da clic aqu\u00ed<\/strong><\/a><\/p>\n\n\n\n<p><strong>Inocencio Y\u00e1\u00f1ez Vicencio<\/strong><\/p>\n\n\n\n<p>El art\u00edculo que hoy nos pone en su portal, nuestro amigo J. Antonio Nemi Dib, no puede dejar de leerse por lo que dice y lo que nos pone en la mesa de discusi\u00f3n.<br>Gracias To\u00f1o, por nutrirnos todos los d\u00edas con la informaci\u00f3n m\u00e1s relevante pero tambi\u00e9n por obsequiarnos con tu agudeza una excelente selecci\u00f3n tem\u00e1tica.<br>Creo que la reflexi\u00f3n m\u00e1s importante es que subraya que el Estado liberal no puede existir sin periodismo libre e independiente, que m\u00e1s all\u00e1 de cualquier ideolog\u00eda de comprometa con la verdad. C\u00f3mo dice Alasdair Macintryre, en su bello libro: Justicia y Racionalidad: hacer de la investigaci\u00f3n una alternativa a los valores compartidos. M\u00e1s que creer hay que investigar sino queremos ser de esclavos de una opini\u00f3n manipulada.<br>Esa es la tarea del periodista libre e independiente, pero tambi\u00e9n advierte a la ciudadan\u00eda que expulgue las notas e informaci\u00f3n que le suministran los medios, dejando claro que el conocimiento intuitivo es muy importante si se libera de tareas y cantaletas.<br>El \u00fanico partido que quien escribe debiera tomar es a favor de la racionalidad, que no es otra cosa que: el sentido normativo de procedimientos democr\u00e1ticos que habr\u00e1n de tener por fin asegurar que todas las cuestiones socialmente relevantes puedan convertirse en tema, se les pueda tratar con argumentos e imaginaci\u00f3n y se les pueda dar soluci\u00f3n que , respetando por igual la integridad de cada individuo y de cada forma de vida, resulten en beneficio de todos por igual( H\u00e9ctor Ghiretti. La izquierda.Editorial Ariel. Espa\u00f1a. 2002. Pag. 81).<br>La democracia parlamentaria ha sido calificada por connotados pensadores como r\u00e9gimen de opini\u00f3n p\u00fablica. Es cierto que opini\u00f3n p\u00fablica no debe confundirse con opini\u00f3n publicada, pero sin duda alguna est\u00e1 \u00faltima contribuye a conformar la primera. Es imposible configurar un sistema democr\u00e1tico que no cuente con mecanismos y voluntad para permear la opini\u00f3n p\u00fablica, por algo, Max Weber, que fue un gran defensor del parlamentarismo, sosten\u00eda como uno de los requisitos del pol\u00edtico: el pulso pol\u00edtico, la sensibilidad pol\u00edtica, en el entendido que el debate racional s\u00f3lo y \u00fanicamente puede ser \u00fatil si los actores est\u00e1n bien informados. Por eso el pol\u00edtico honesto y sincero debiera dar gracias a quienes hacen posible que le llegue la informaci\u00f3n de muchos problemas que la estructura vertical hace dif\u00edcil transmitir y sobre todo que le llegue sin distorsionar, para que pueda tomar las mejores decisiones.<br>Hoy por hoy la prensa es la mejor correa de transmisi\u00f3n que tiene la sociedad para ventilar sus problemas y quienes ejercen el poder p\u00fablico para cumplir su funci\u00f3n de servidores p\u00fablicos, pero eso nunca lo podr\u00e1 lograr con seudoperiodistas, paleros, que viven no para el periodismo sino del periodismo. Lo he dicho y vuelvo a hacerlo. Los gobernantes tienen derecho a tener su prensa, a lo que no tienen derecho es a tratar de suplir la prensa libre e independiente por la prensa oficial. Los gobernantes tienen sus grupos, partidos y peri\u00f3dicos que su tarea es producir apoyos, pero la tarea del periodismo libre e independiente es resistir y oponerse al abuso del poder y ejercer la cr\u00edtica.<br>Los gobiernos de Morena, como nunca antes, se han dedicado a hacer limpia de periodistas cr\u00edticos en empresas y medios, denostar y difamar periodistas y a lanzarlos a sus sabuesos desde las inquisitorias Ma\u00f1aneras, por lo que en estos momentos en los poderes del Estado de han concentrado en una sola persona y la persecuci\u00f3n e impartici\u00f3n de justicia es facciosa y al gusto de la autocracia morenista, la necesidad de una prensa aut\u00f3noma queda como el \u00faltimo reducto de la libertad y la esperanza de recobrar pronto nuestra Rep\u00fablica.<br>Saludos con mi invariable afecto en su cumplea\u00f1os a Carlos Jes\u00fas Rodr\u00edguez, que sobrevio a una brutal represi\u00f3n, por parte de orates que hoy sirven a los hip\u00f3critas y sinverg\u00fcenzas de Morena.<\/p>\n","protected":false},"excerpt":{"rendered":"<p>S\u00edguenos ahora tambi\u00e9n en WhatsApp.\u00a0Da clic aqu\u00ed Inocencio Y\u00e1\u00f1ez Vicencio El art\u00edculo que hoy nos pone en su portal, nuestro amigo J. Antonio Nemi Dib, no puede dejar de leerse por lo que dice y lo que nos pone en la mesa de discusi\u00f3n.Gracias To\u00f1o, por nutrirnos todos los d\u00edas con la informaci\u00f3n m\u00e1s relevante [&hellip;]<\/p>\n","protected":false},"author":2,"featured_media":120033,"comment_status":"closed","ping_status":"closed","sticky":false,"template":"","format":"standard","meta":{"_jetpack_newsletter_access":"","_jetpack_dont_email_post_to_subs":false,"_jetpack_newsletter_tier_id":0,"_jetpack_memberships_contains_paywalled_content":false,"_jetpack_memberships_contains_paid_content":false,"footnotes":""},"categories":[70],"tags":[1026,195],"class_list":["post-138356","post","type-post","status-publish","format-standard","has-post-thumbnail","hentry","category-de-opinion","tag-morena","tag-veracruz"],"jetpack_featured_media_url":"https:\/\/lospoliticosveracruz.com.mx\/wp-content\/uploads\/2024\/03\/Inocencio-Yanez-Vicencio.jpg","jetpack_sharing_enabled":true,"jetpack_shortlink":"https:\/\/wp.me\/p4Qcd3-zZy","_links":{"self":[{"href":"https:\/\/lospoliticosveracruz.com.mx\/index.php?rest_route=\/wp\/v2\/posts\/138356","targetHints":{"allow":["GET"]}}],"collection":[{"href":"https:\/\/lospoliticosveracruz.com.mx\/index.php?rest_route=\/wp\/v2\/posts"}],"about":[{"href":"https:\/\/lospoliticosveracruz.com.mx\/index.php?rest_route=\/wp\/v2\/types\/post"}],"author":[{"embeddable":true,"href":"https:\/\/lospoliticosveracruz.com.mx\/index.php?rest_route=\/wp\/v2\/users\/2"}],"replies":[{"embeddable":true,"href":"https:\/\/lospoliticosveracruz.com.mx\/index.php?rest_route=%2Fwp%2Fv2%2Fcomments&post=138356"}],"version-history":[{"count":2,"href":"https:\/\/lospoliticosveracruz.com.mx\/index.php?rest_route=\/wp\/v2\/posts\/138356\/revisions"}],"predecessor-version":[{"id":138358,"href":"https:\/\/lospoliticosveracruz.com.mx\/index.php?rest_route=\/wp\/v2\/posts\/138356\/revisions\/138358"}],"wp:featuredmedia":[{"embeddable":true,"href":"https:\/\/lospoliticosveracruz.com.mx\/index.php?rest_route=\/wp\/v2\/media\/120033"}],"wp:attachment":[{"href":"https:\/\/lospoliticosveracruz.com.mx\/index.php?rest_route=%2Fwp%2Fv2%2Fmedia&parent=138356"}],"wp:term":[{"taxonomy":"category","embeddable":true,"href":"https:\/\/lospoliticosveracruz.com.mx\/index.php?rest_route=%2Fwp%2Fv2%2Fcategories&post=138356"},{"taxonomy":"post_tag","embeddable":true,"href":"https:\/\/lospoliticosveracruz.com.mx\/index.php?rest_route=%2Fwp%2Fv2%2Ftags&post=138356"}],"curies":[{"name":"wp","href":"https:\/\/api.w.org\/{rel}","templated":true}]}}