{"id":138359,"date":"2025-02-21T12:46:03","date_gmt":"2025-02-21T18:46:03","guid":{"rendered":"https:\/\/lospoliticosveracruz.com.mx\/?p=138359"},"modified":"2025-02-21T12:46:17","modified_gmt":"2025-02-21T18:46:17","slug":"salud-mental-2","status":"publish","type":"post","link":"https:\/\/lospoliticosveracruz.com.mx\/?p=138359","title":{"rendered":"SALUD MENTAL"},"content":{"rendered":"\n<p>S\u00edguenos ahora tambi\u00e9n en WhatsApp.&nbsp;<a href=\"https:\/\/whatsapp.com\/channel\/0029Va8zRWlEKyZIP3Z1dF0e\"><strong><em>Da clic aqu\u00ed<\/em><\/strong><\/a><\/p>\n\n\n\n<p><strong>Vicente Luna Hern\u00e1ndez&nbsp;<\/strong><\/p>\n\n\n\n<p>El Estado de Quer\u00e9taro se convirti\u00f3 el primer Estado del pa\u00eds en establecer una medida gubernamental \u2013 misma que despu\u00e9s ser\u00e1 Ley \u2013 para prohibir el uso de tel\u00e9fonos celulares en escuelas de nivel b\u00e1sico y medio superior, tanto en instituciones p\u00fablicas como privadas, misma medida que entr\u00f3 en vigor el pasado jueves 20 de febrero del a\u00f1o en curso, \u00bfse necesitan maestros o celulares en Veracruz?<\/p>\n\n\n\n<p>Es una realidad \u2013 misma que debe ser reconocida y&nbsp;&nbsp;atendida por autoridades, maestros y padres de familia \u2013 que el uso excesivo del tel\u00e9fono celular afecta de manera grave la salud mental de las ni\u00f1as, ni\u00f1os y adolescentes, quienes caen en el uso excesivo del celular podr\u00e1n estar en todos lados menos en las aulas o el patio de sus escuelas, podr\u00e1n tener enfrente a sus maestros pero no los ven ni los oyen, \u00bfqui\u00e9nes son los verdaderos responsables?<\/p>\n\n\n\n<p>En Quer\u00e9taro la misma disposici\u00f3n oficial se\u00f1ala: \u201cLos tel\u00e9fonos celulares solo se permitir\u00e1n para fines educativos indicados por los profesores o en emergencias personales, Adem\u00e1s, se brindar\u00e1n asesor\u00edas a padres de familia y comunidades sobre el uso seguro y responsable de la tecnolog\u00eda\u201d.<\/p>\n\n\n\n<p>Hay un refr\u00e1n que dice: \u201cA grandes males grandes remedios\u201d y es una realidad que la libertad del uso de un celular entre los ni\u00f1os y adolescentes ha ca\u00eddo en \u201clibertinaje celul\u00edtico\u201d esto mismo provoca \u2013 entre quienes caen en esta t\u00f3xica pr\u00e1ctica \u2013 ansiedad, depresi\u00f3n, aislamiento social y problemas emocionales graves al no saber manejar, asimilar y procesar toda la informaci\u00f3n recibida en su celular durante el tiempo que pasan en sus escuelas, afectando su desarrollo escolar y su convivencia social, \u00bfhabr\u00e1 alg\u00fan grupo social que se oponga a qu\u00e9 se regule el uso del celular en las escuelas?<\/p>\n\n\n\n<p>Lo cierto es que en los tiempos actuales las y los maestros no tienen la autoridad que ten\u00edan en tiempos pasados, enfrentar la ira, enojo, molestia de madres y padres por ejercer su autoridad dentro de un aula ha sido y es un tema dif\u00edcil de procesar, lo cierto es que se debe dignificar al magisterio pero los primeros que deben hacerlo es el magisterio en su desempe\u00f1o y en su toma de decisiones en beneficio del estudiante, \u00bf qui\u00e9nes son los primeros responsables en el cuidado y en la educaci\u00f3n dentro de una escuela?<\/p>\n\n\n\n<p>Es necesario que cada grupo social cumpla su responsabilidad, pero lo cierto es: \u201cQue no esperen las y los maestros que las y los padres de familia hagan sus tareas pero que no esperen las madres y los padres de familia&nbsp;&nbsp;&#8211; esto es por la equidad de genero &#8211; que las y los maestros hagan la suya, \u00bfqu\u00e9 parte no queda clara?<\/p>\n\n\n\n<p>\u201cEn todas las escuelas de educaci\u00f3n primaria, secundara y bachillerato las y los alumnos deben dejar sus tel\u00e9fonos celulares antes de ingresar a clases, con este tipo de acciones, se piensa fomentar una mejor convivencia escolar y un mayor enfoque en los estudios\u201d, esto se dice en Quer\u00e9taro \u00bfqu\u00e9 se necesita dentro de un sal\u00f3n de clases? \u00bfUna maestra o maestra responsable o un celular encendido?<\/p>\n\n\n\n<p>M\u00e1s all\u00e1 de ciertas molestias \u2013 nunca faltar\u00e1n \u2013 que cause esta medida, hay que valorar la salud mental de las ni\u00f1as, ni\u00f1os y adolescentes del pa\u00eds, es un tema de inter\u00e9s p\u00fablico: \u201cEl objetivo es generar conciencia sobre las afectaciones psicol\u00f3gicas y sociales que pueda tener el uso constante de celulares y los contenidos en las redes sociales\u201d, esta es la premisa mayor en la decisi\u00f3n del Gobernador de Quer\u00e9taro \u2013 por cierto veracruzano &#8211; ese es el tema a discutir y el cuidado de la salud f\u00edsica y mental de los estudiantes es de todos: gobierno, magisterio y madres y padres de familia, \u00bfhabr\u00e1 alguien en contra de esta disposici\u00f3n oficial?<\/p>\n\n\n\n<p>Lo cierto es que se acude a una instituci\u00f3n educativa a aprender y a interactuar con las y los compa\u00f1eros, lo cierto es que el uso excesivo de los celulares en los centros escolares impide la sana convivencia entre alumnos y afecta el desarrollo educativo al provocar distracciones que impiden un mejor aprendizaje escolar, lo cierto es que es la hora que el poder legislativo y el poder ejecutivo en Veracruz tomen cartas en el asunto e impulsen acciones legales que permitan atender la salud mental de las ni\u00f1as, ni\u00f1os y adolescentes, con alineamientos a diversos marcos legales nacionales e internacionales, como la Convenci\u00f3n sobre los Derechos del ni\u00f1o, La Convenci\u00f3n Americana sobre Derechos Humanos, la Constituci\u00f3n de M\u00e9xico y la Ley de Derechos de ni\u00f1as, ni\u00f1os y adolescentes y ma\u00f1ana, tal vez ma\u00f1ana, esta disposici\u00f3n llegue a las aulas universitarias, \u00bfpor qu\u00e9 el uso de un celular en un sal\u00f3n escolar?<\/p>\n\n\n\n<p>P.D.- Con el \u00e1nimo que la suma de amor que tienen para dar: clase gobernante, magisterio y madres y padres de familia sea lo suficiente para cuidar a las ni\u00f1as, ni\u00f1os y adolescentes\u2026Escribir\u00e9 otro d\u00eda.<\/p>\n","protected":false},"excerpt":{"rendered":"<p>S\u00edguenos ahora tambi\u00e9n en WhatsApp.&nbsp;Da clic aqu\u00ed Vicente Luna Hern\u00e1ndez&nbsp; El Estado de Quer\u00e9taro se convirti\u00f3 el primer Estado del pa\u00eds en establecer una medida gubernamental \u2013 misma que despu\u00e9s ser\u00e1 Ley \u2013 para prohibir el uso de tel\u00e9fonos celulares en escuelas de nivel b\u00e1sico y medio superior, tanto en instituciones p\u00fablicas como privadas, misma [&hellip;]<\/p>\n","protected":false},"author":2,"featured_media":120017,"comment_status":"closed","ping_status":"closed","sticky":false,"template":"","format":"standard","meta":{"_jetpack_newsletter_access":"","_jetpack_dont_email_post_to_subs":false,"_jetpack_newsletter_tier_id":0,"_jetpack_memberships_contains_paywalled_content":false,"_jetpack_memberships_contains_paid_content":false,"footnotes":""},"categories":[70],"tags":[],"class_list":["post-138359","post","type-post","status-publish","format-standard","has-post-thumbnail","hentry","category-de-opinion"],"jetpack_featured_media_url":"https:\/\/lospoliticosveracruz.com.mx\/wp-content\/uploads\/2024\/03\/Vicente-Luna.jpg","jetpack_sharing_enabled":true,"jetpack_shortlink":"https:\/\/wp.me\/p4Qcd3-zZB","_links":{"self":[{"href":"https:\/\/lospoliticosveracruz.com.mx\/index.php?rest_route=\/wp\/v2\/posts\/138359","targetHints":{"allow":["GET"]}}],"collection":[{"href":"https:\/\/lospoliticosveracruz.com.mx\/index.php?rest_route=\/wp\/v2\/posts"}],"about":[{"href":"https:\/\/lospoliticosveracruz.com.mx\/index.php?rest_route=\/wp\/v2\/types\/post"}],"author":[{"embeddable":true,"href":"https:\/\/lospoliticosveracruz.com.mx\/index.php?rest_route=\/wp\/v2\/users\/2"}],"replies":[{"embeddable":true,"href":"https:\/\/lospoliticosveracruz.com.mx\/index.php?rest_route=%2Fwp%2Fv2%2Fcomments&post=138359"}],"version-history":[{"count":1,"href":"https:\/\/lospoliticosveracruz.com.mx\/index.php?rest_route=\/wp\/v2\/posts\/138359\/revisions"}],"predecessor-version":[{"id":138360,"href":"https:\/\/lospoliticosveracruz.com.mx\/index.php?rest_route=\/wp\/v2\/posts\/138359\/revisions\/138360"}],"wp:featuredmedia":[{"embeddable":true,"href":"https:\/\/lospoliticosveracruz.com.mx\/index.php?rest_route=\/wp\/v2\/media\/120017"}],"wp:attachment":[{"href":"https:\/\/lospoliticosveracruz.com.mx\/index.php?rest_route=%2Fwp%2Fv2%2Fmedia&parent=138359"}],"wp:term":[{"taxonomy":"category","embeddable":true,"href":"https:\/\/lospoliticosveracruz.com.mx\/index.php?rest_route=%2Fwp%2Fv2%2Fcategories&post=138359"},{"taxonomy":"post_tag","embeddable":true,"href":"https:\/\/lospoliticosveracruz.com.mx\/index.php?rest_route=%2Fwp%2Fv2%2Ftags&post=138359"}],"curies":[{"name":"wp","href":"https:\/\/api.w.org\/{rel}","templated":true}]}}