{"id":13836,"date":"2014-12-01T22:01:16","date_gmt":"2014-12-02T04:01:16","guid":{"rendered":"http:\/\/www.lospoliticosveracruz.com.mx\/?p=13836"},"modified":"2014-12-01T22:01:16","modified_gmt":"2014-12-02T04:01:16","slug":"spinoso-el-carismatico","status":"publish","type":"post","link":"https:\/\/lospoliticosveracruz.com.mx\/?p=13836","title":{"rendered":"Spinoso, el carism\u00e1tico"},"content":{"rendered":"<p><a href=\"http:\/\/www.lospoliticosveracruz.com.mx\/wp-content\/uploads\/2014\/12\/Edgar-Spinoso.jpg\"><img loading=\"lazy\" decoding=\"async\" class=\"alignnone size-medium wp-image-13834\" src=\"http:\/\/www.lospoliticosveracruz.com.mx\/wp-content\/uploads\/2014\/12\/Edgar-Spinoso-300x172.jpg\" alt=\"Edgar Spinoso\" width=\"300\" height=\"172\" \/><\/a><\/p>\n<p>&nbsp;<\/p>\n<p>&nbsp;<\/p>\n<p><strong>Salvador Mu\u00f1oz<\/strong><\/p>\n<p><em>Los Pol\u00edticos<\/em><\/p>\n<p>&nbsp;<\/p>\n<p><strong><strong>\u00a0<\/strong><\/strong><\/p>\n<p>Con diciembre, inicia la cuenta regresiva no s\u00f3lo para el fin de a\u00f1o, sino para ir definiendo candidatos a la diputaci\u00f3n federal, en este caso, por parte del PRI, que son los que m\u00e1s se mueven y m\u00e1s bulla hacen para que los vean y escuchen.<\/p>\n<p>Hay distritos donde no se hace tanta bulla, como el de Mart\u00ednez de la Torre, por citar un ejemplo, donde citan ya a Edgar Spinoso Carrera como candidato seguro, por encima de Lorena Pi\u00f1\u00f3n y Karla Estrada, damas que tiene rato, ven\u00edan barbechando la tierra para que justo en este momento, cultivar cada una su candidatura\u2026 pero tal parece que el carisma de Edgar Spinoso as\u00ed como la cercan\u00eda con la gente, la atenci\u00f3n, el gusto por servir, quitando lo popular del ex funcionario de la SEV y UV, han hecho que el partido crea que puede ser su mejor opci\u00f3n (si ya me ment\u00f3 \u00a0la madre, me la gan\u00e9\u2026 estaba siendo sarc\u00e1stico).<\/p>\n<p>Realmente Edgar Spinoso es un funcionario (porque ni pol\u00edtico) exquisito, que gusta m\u00e1s del roce con gente de peso y pesos pero no con los de centavos.<\/p>\n<p>Su candidatura, si es que se da, estar\u00e1 basada en econom\u00eda, pero no tanto porque tenga estudios para crear el desarrollo en esta rama de un distrito que es en s\u00ed, rico por cualquier lado que se le vea, aunque concentrado el poder econ\u00f3mico en las casi familias de siempre.<\/p>\n<p>Cuando uno refiere \u201ccandidatura de econom\u00eda\u201d, implica que har\u00e1 \u00a0lo que muchos \u201ccandidatos empresarios\u201d hacen para ganar adeptos: \u00a1comprarlos!<\/p>\n<p>La t\u00e9cnica no es nueva pero no por ello deja de ser efectiva hasta en un alto porcentaje, aunque claro, tambi\u00e9n cuenta la disciplina de los l\u00edderes locales, regionales, que una vez que son convencidos, ellos tienen que hacer lo mismo con sus seguidores: decirles que el candidato que viene es el Mes\u00edas esperado, y hay que votar por \u00e9l\u2026<\/p>\n<p>La menci\u00f3n de Edgar Spinoso como probable candidato no debe de sorprendernos\u2026 el PRI es un partido que en los \u00faltimos a\u00f1os y elecciones se ha caracterizado por experimentar, por exponer candidatos hechizos, por inventar l\u00edderes de papel (moneda), o por apoyar al compadre, al amigo o hasta a sus guaruras\u2026 s\u00ed, lo s\u00e9\u2026 casi siempre es as\u00ed&#8230;<\/p>\n<p>No podemos negar que a veces se tiene \u00e9xito, como fue el caso de Javier M\u00e9ndez, ex alcalde de Tecolutla\u2026 \u00bflo ubica? Era el \u201cguarura\u201d de Fidel Herrera. \u00bfNo? Fue m\u00e1s conocido por su apodo: El Cobra\u2026 \u201cbueno: \u00c9l cobra, pero su jefe recib\u00eda el dinero\u201d, contaban el chiste. O por qu\u00e9 \u00a0no recordar el caso de Nayeli Jarillo, de Tlapacoyan y Gustavo Tronco\u2026 \u00a1funcion\u00f3!! Aunque no funcion\u00f3 \u00a0un Sergio Pazos Navarrete en Boca del R\u00edo; Salvador Abell\u00e1 \u00a0Garc\u00eda en C\u00f3rdoba; y por all\u00ed, hasta Oliver, el hermano del titular del Trabajo, Marco Antonio Aguilar Yunes, entre algunos\u2026<\/p>\n<p>Pero ah\u00ed est\u00e1 \u00a0el caso de Edgar Spinoso Carrera, el tipo que fue exhibido a ocho columnas cuando sali\u00f3 de la SEV y pintaba como candidato\u2026 a una investigaci\u00f3n a fondo, y hoy es potencial candidato \u00a1pero a una curul!<\/p>\n<p>Y puede que no sea carism\u00e1tico, puede que tampoco sea popular, puede que carezca de trabajo partidista, que ni tenga un \u00e1pice de vocaci\u00f3n de servicio; \u00a1vamos! que no tenga nada de pol\u00edtico, pero tiene algo con lo que ni Lorena Pi\u00f1\u00f3n o Karla Estrada pueden competir: Dinero\u2026<\/p>\n<p>Y con Dinero, poco importa que le falten atributos pol\u00edticos a Edgar Spinoso si puede comprar espacios, conciencias y con ello, cumplir un sue\u00f1o que tiene rato que acaricia: Ser diputado\u2026 \u00bfpara qu\u00e9? \u00a1Qui\u00e9n sabe! Pero es una espinita que trae atravesada desde hace rato pero hoy, est\u00e1 \u00a0dispuesto en invertir para cristalizar un sue\u00f1o que puede ser la pesadilla de Lorena Pi\u00f1\u00f3n y Karla Estrada, a menos que ocurriera el milagro y la equidad de G\u00e9nero les hiciera justicia\u2026 \u00a1eso s\u00ed ser\u00eda un sue\u00f1o! aunque a estas alturas, suena m\u00e1s a utop\u00eda.<\/p>\n<p><strong><strong>\u00a0<\/strong><\/strong><\/p>\n<p>smcainito@gmail.com<\/p>\n<p>&nbsp;<\/p>\n<p>&nbsp;<\/p>\n","protected":false},"excerpt":{"rendered":"<p>&nbsp; &nbsp; Salvador Mu\u00f1oz Los Pol\u00edticos &nbsp; \u00a0 Con diciembre, inicia la cuenta regresiva no s\u00f3lo para el fin de a\u00f1o, sino para ir definiendo candidatos a la diputaci\u00f3n federal, en este caso, por parte del PRI, que son los que m\u00e1s se mueven y m\u00e1s bulla hacen para que los vean y escuchen. Hay [&hellip;]<\/p>\n","protected":false},"author":2,"featured_media":0,"comment_status":"open","ping_status":"open","sticky":false,"template":"","format":"standard","meta":{"_jetpack_newsletter_access":"","_jetpack_dont_email_post_to_subs":false,"_jetpack_newsletter_tier_id":0,"_jetpack_memberships_contains_paywalled_content":false,"_jetpack_memberships_contains_paid_content":false,"footnotes":""},"categories":[70],"tags":[1068,1069,1070,963],"class_list":["post-13836","post","type-post","status-publish","format-standard","hentry","category-de-opinion","tag-edgar-spinoso","tag-karla-estrada","tag-lorena-pinon","tag-martinez-de-la-torre"],"jetpack_featured_media_url":"","jetpack_sharing_enabled":true,"jetpack_shortlink":"https:\/\/wp.me\/p4Qcd3-3Ba","_links":{"self":[{"href":"https:\/\/lospoliticosveracruz.com.mx\/index.php?rest_route=\/wp\/v2\/posts\/13836","targetHints":{"allow":["GET"]}}],"collection":[{"href":"https:\/\/lospoliticosveracruz.com.mx\/index.php?rest_route=\/wp\/v2\/posts"}],"about":[{"href":"https:\/\/lospoliticosveracruz.com.mx\/index.php?rest_route=\/wp\/v2\/types\/post"}],"author":[{"embeddable":true,"href":"https:\/\/lospoliticosveracruz.com.mx\/index.php?rest_route=\/wp\/v2\/users\/2"}],"replies":[{"embeddable":true,"href":"https:\/\/lospoliticosveracruz.com.mx\/index.php?rest_route=%2Fwp%2Fv2%2Fcomments&post=13836"}],"version-history":[{"count":1,"href":"https:\/\/lospoliticosveracruz.com.mx\/index.php?rest_route=\/wp\/v2\/posts\/13836\/revisions"}],"predecessor-version":[{"id":13837,"href":"https:\/\/lospoliticosveracruz.com.mx\/index.php?rest_route=\/wp\/v2\/posts\/13836\/revisions\/13837"}],"wp:attachment":[{"href":"https:\/\/lospoliticosveracruz.com.mx\/index.php?rest_route=%2Fwp%2Fv2%2Fmedia&parent=13836"}],"wp:term":[{"taxonomy":"category","embeddable":true,"href":"https:\/\/lospoliticosveracruz.com.mx\/index.php?rest_route=%2Fwp%2Fv2%2Fcategories&post=13836"},{"taxonomy":"post_tag","embeddable":true,"href":"https:\/\/lospoliticosveracruz.com.mx\/index.php?rest_route=%2Fwp%2Fv2%2Ftags&post=13836"}],"curies":[{"name":"wp","href":"https:\/\/api.w.org\/{rel}","templated":true}]}}