{"id":138372,"date":"2025-02-21T13:58:34","date_gmt":"2025-02-21T19:58:34","guid":{"rendered":"https:\/\/lospoliticosveracruz.com.mx\/?p=138372"},"modified":"2025-02-21T13:59:03","modified_gmt":"2025-02-21T19:59:03","slug":"xalapa-nos-une-y-merece-mas","status":"publish","type":"post","link":"https:\/\/lospoliticosveracruz.com.mx\/?p=138372","title":{"rendered":"XALAPA NOS UNE Y MERECE M\u00c1S"},"content":{"rendered":"\n<p>S\u00edguenos ahora tambi\u00e9n en WhatsApp.\u00a0<a href=\"https:\/\/whatsapp.com\/channel\/0029Va8zRWlEKyZIP3Z1dF0e\"><strong>Da clic aqu\u00ed<\/strong><\/a><\/p>\n\n\n\n<p><\/p>\n\n\n\n<p><strong>Maribel Ramirez Topete<\/strong><\/p>\n\n\n\n<p>He recibido la procedencia de mi registro como precandidata a la alcald\u00eda de Xalapa por el Partido Acci\u00f3n Nacional (PAN). Este momento representa no solo un compromiso personal, sino tambi\u00e9n una profunda responsabilidad con nuestra ciudad.<\/p>\n\n\n\n<p>Xalapa es una ciudad rica en historia y cultura, pero enfrenta desaf\u00edos que no podemos seguir ignorando. Creo firmemente en el derecho a la ciudad, en la necesidad de espacios p\u00fablicos seguros, accesibles y planeados con una visi\u00f3n de futuro. La movilidad, el orden urbano y los servicios p\u00fablicos de calidad no deben ser privilegios de unos pocos, sino derechos garantizados para todas y todos.<\/p>\n\n\n\n<p>Tambi\u00e9n estoy convencida de que no puede haber desarrollo sin una cultura de paz. La seguridad no se logra \u00fanicamente con mayor vigilancia, sino a trav\u00e9s de estrategias que fortalezcan el tejido social y promuevan la convivencia arm\u00f3nica y el respeto entre todos los que compartimos esta hermosa ciudad. La prevenci\u00f3n del delito, la educaci\u00f3n en valores y el fomento de proyectos comunitarios son claves para recuperar la tranquilidad que tanto anhelamos.<\/p>\n\n\n\n<p>La familia es el pilar de nuestra sociedad, y desde el gobierno municipal debemos generar pol\u00edticas p\u00fablicas que la fortalezcan. Una ciudad que apuesta por el bienestar de las familias es una ciudad que avanza con solidez. Desde el empleo hasta la educaci\u00f3n, desde los espacios recreativos hasta la atenci\u00f3n en salud, cada decisi\u00f3n de gobierno debe considerar su impacto en la calidad de vida de quienes aqu\u00ed vivimos, el derecho a la ciudad.<\/p>\n\n\n\n<p>En este camino, me acompa\u00f1a el Dr. Miguel \u00c1ngel Llera Bello, quien aspira a la sindicatura con el mismo compromiso de construir una administraci\u00f3n municipal eficiente, cercana y con visi\u00f3n de futuro.<\/p>\n\n\n\n<p>Hoy m\u00e1s que nunca, Xalapa nos une. Nos une el amor por nuestra ciudad, el anhelo de verla prosperar y la convicci\u00f3n de que merece m\u00e1s. Estoy lista para aportar mi experiencia, mi capacidad de gesti\u00f3n, con cada xalape\u00f1a y xalape\u00f1o.<\/p>\n\n\n\n<p>Este proceso interno es una oportunidad para reflexionar sobre lo que queremos para nuestra ciudad. Xalapa nos une y merece m\u00e1s.<\/p>\n","protected":false},"excerpt":{"rendered":"<p>S\u00edguenos ahora tambi\u00e9n en WhatsApp.\u00a0Da clic aqu\u00ed Maribel Ramirez Topete He recibido la procedencia de mi registro como precandidata a la alcald\u00eda de Xalapa por el Partido Acci\u00f3n Nacional (PAN). Este momento representa no solo un compromiso personal, sino tambi\u00e9n una profunda responsabilidad con nuestra ciudad. Xalapa es una ciudad rica en historia y cultura, [&hellip;]<\/p>\n","protected":false},"author":2,"featured_media":120031,"comment_status":"closed","ping_status":"closed","sticky":false,"template":"","format":"standard","meta":{"_jetpack_newsletter_access":"","_jetpack_dont_email_post_to_subs":false,"_jetpack_newsletter_tier_id":0,"_jetpack_memberships_contains_paywalled_content":false,"_jetpack_memberships_contains_paid_content":false,"footnotes":""},"categories":[70],"tags":[],"class_list":["post-138372","post","type-post","status-publish","format-standard","has-post-thumbnail","hentry","category-de-opinion"],"jetpack_featured_media_url":"https:\/\/lospoliticosveracruz.com.mx\/wp-content\/uploads\/2024\/03\/Maribel-Ramirez-Topete.jpg","jetpack_sharing_enabled":true,"jetpack_shortlink":"https:\/\/wp.me\/p4Qcd3-zZO","_links":{"self":[{"href":"https:\/\/lospoliticosveracruz.com.mx\/index.php?rest_route=\/wp\/v2\/posts\/138372","targetHints":{"allow":["GET"]}}],"collection":[{"href":"https:\/\/lospoliticosveracruz.com.mx\/index.php?rest_route=\/wp\/v2\/posts"}],"about":[{"href":"https:\/\/lospoliticosveracruz.com.mx\/index.php?rest_route=\/wp\/v2\/types\/post"}],"author":[{"embeddable":true,"href":"https:\/\/lospoliticosveracruz.com.mx\/index.php?rest_route=\/wp\/v2\/users\/2"}],"replies":[{"embeddable":true,"href":"https:\/\/lospoliticosveracruz.com.mx\/index.php?rest_route=%2Fwp%2Fv2%2Fcomments&post=138372"}],"version-history":[{"count":2,"href":"https:\/\/lospoliticosveracruz.com.mx\/index.php?rest_route=\/wp\/v2\/posts\/138372\/revisions"}],"predecessor-version":[{"id":138374,"href":"https:\/\/lospoliticosveracruz.com.mx\/index.php?rest_route=\/wp\/v2\/posts\/138372\/revisions\/138374"}],"wp:featuredmedia":[{"embeddable":true,"href":"https:\/\/lospoliticosveracruz.com.mx\/index.php?rest_route=\/wp\/v2\/media\/120031"}],"wp:attachment":[{"href":"https:\/\/lospoliticosveracruz.com.mx\/index.php?rest_route=%2Fwp%2Fv2%2Fmedia&parent=138372"}],"wp:term":[{"taxonomy":"category","embeddable":true,"href":"https:\/\/lospoliticosveracruz.com.mx\/index.php?rest_route=%2Fwp%2Fv2%2Fcategories&post=138372"},{"taxonomy":"post_tag","embeddable":true,"href":"https:\/\/lospoliticosveracruz.com.mx\/index.php?rest_route=%2Fwp%2Fv2%2Ftags&post=138372"}],"curies":[{"name":"wp","href":"https:\/\/api.w.org\/{rel}","templated":true}]}}