{"id":138375,"date":"2025-02-21T14:04:21","date_gmt":"2025-02-21T20:04:21","guid":{"rendered":"https:\/\/lospoliticosveracruz.com.mx\/?p=138375"},"modified":"2025-02-21T14:04:36","modified_gmt":"2025-02-21T20:04:36","slug":"sesver-atiende-inconformidad-en-platon-sanchez","status":"publish","type":"post","link":"https:\/\/lospoliticosveracruz.com.mx\/?p=138375","title":{"rendered":"SESVER ATIENDE INCONFORMIDAD EN PLAT\u00d3N S\u00c1NCHEZ"},"content":{"rendered":"\n<p><strong>De la Redacci\u00f3n<\/strong><\/p>\n\n\n\n<p>Fuentes extra oficiales al interior de la Secretar\u00eda de Salud de Veracruz (SESVER) informaron que, ante el paro realizado por 10 trabajadores y la huelga de hambre iniciada por la enfermera Laura Teresa Soto Rojas, adscrita a la UNEME Plat\u00f3n S\u00e1nchez, se han tomado las acciones necesarias para garantizar el adecuado funcionamiento de la unidad m\u00e9dica.<\/p>\n\n\n\n<p>Desde noviembre de 2024, la enfermera Laura Teresa Soto Rojas ha sido se\u00f1alada por personal de la UNEME, incluyendo m\u00e9dicos y enfermeras, por presuntos actos de hostigamiento laboral.<\/p>\n\n\n\n<p>Trascendio que se determin\u00f3 un cambio en su jornada laboral, medida que gener\u00f3 su inconformidad y posteriores denuncias en contra de la Direcci\u00f3n y Administraci\u00f3n de la unidad.<\/p>\n\n\n\n<p>Derivado de la intervenci\u00f3n de la Direcci\u00f3n Jur\u00eddica, se ha mantenido una comunicaci\u00f3n permanente con la UNEME y ha evitado la imposici\u00f3n de medidas dr\u00e1sticas, priorizando soluciones pac\u00edficas.<\/p>\n\n\n\n<p>Como parte de este esfuerzo, se program\u00f3 un taller de integraci\u00f3n para el 25 y 26 de febrero, con el objetivo de fortalecer la armon\u00eda y el trabajo en equipo dentro de la unidad m\u00e9dica.<\/p>\n\n\n\n<p>Cabe mencionar que, la enfermera Soto Rojas interpuso una denuncia ante la Fiscal\u00eda en contra de la Directora de la UNEME por el delito de \u00abcoacci\u00f3n\u00bb, motivo por el cual la autoridad ministerial cit\u00f3 a la Directora para comparecer el pasado 14 de febrero.<\/p>\n","protected":false},"excerpt":{"rendered":"<p>De la Redacci\u00f3n Fuentes extra oficiales al interior de la Secretar\u00eda de Salud de Veracruz (SESVER) informaron que, ante el paro realizado por 10 trabajadores y la huelga de hambre iniciada por la enfermera Laura Teresa Soto Rojas, adscrita a la UNEME Plat\u00f3n S\u00e1nchez, se han tomado las acciones necesarias para garantizar el adecuado funcionamiento [&hellip;]<\/p>\n","protected":false},"author":2,"featured_media":135398,"comment_status":"closed","ping_status":"closed","sticky":false,"template":"","format":"standard","meta":{"_jetpack_newsletter_access":"","_jetpack_dont_email_post_to_subs":false,"_jetpack_newsletter_tier_id":0,"_jetpack_memberships_contains_paywalled_content":false,"_jetpack_memberships_contains_paid_content":false,"footnotes":""},"categories":[73],"tags":[43074,998],"class_list":["post-138375","post","type-post","status-publish","format-standard","has-post-thumbnail","hentry","category-de-boleto","tag-laura-teresa-soto-rojas","tag-sesver"],"jetpack_featured_media_url":"https:\/\/lospoliticosveracruz.com.mx\/wp-content\/uploads\/2025\/01\/Sesver.jpg","jetpack_sharing_enabled":true,"jetpack_shortlink":"https:\/\/wp.me\/p4Qcd3-zZR","_links":{"self":[{"href":"https:\/\/lospoliticosveracruz.com.mx\/index.php?rest_route=\/wp\/v2\/posts\/138375","targetHints":{"allow":["GET"]}}],"collection":[{"href":"https:\/\/lospoliticosveracruz.com.mx\/index.php?rest_route=\/wp\/v2\/posts"}],"about":[{"href":"https:\/\/lospoliticosveracruz.com.mx\/index.php?rest_route=\/wp\/v2\/types\/post"}],"author":[{"embeddable":true,"href":"https:\/\/lospoliticosveracruz.com.mx\/index.php?rest_route=\/wp\/v2\/users\/2"}],"replies":[{"embeddable":true,"href":"https:\/\/lospoliticosveracruz.com.mx\/index.php?rest_route=%2Fwp%2Fv2%2Fcomments&post=138375"}],"version-history":[{"count":1,"href":"https:\/\/lospoliticosveracruz.com.mx\/index.php?rest_route=\/wp\/v2\/posts\/138375\/revisions"}],"predecessor-version":[{"id":138376,"href":"https:\/\/lospoliticosveracruz.com.mx\/index.php?rest_route=\/wp\/v2\/posts\/138375\/revisions\/138376"}],"wp:featuredmedia":[{"embeddable":true,"href":"https:\/\/lospoliticosveracruz.com.mx\/index.php?rest_route=\/wp\/v2\/media\/135398"}],"wp:attachment":[{"href":"https:\/\/lospoliticosveracruz.com.mx\/index.php?rest_route=%2Fwp%2Fv2%2Fmedia&parent=138375"}],"wp:term":[{"taxonomy":"category","embeddable":true,"href":"https:\/\/lospoliticosveracruz.com.mx\/index.php?rest_route=%2Fwp%2Fv2%2Fcategories&post=138375"},{"taxonomy":"post_tag","embeddable":true,"href":"https:\/\/lospoliticosveracruz.com.mx\/index.php?rest_route=%2Fwp%2Fv2%2Ftags&post=138375"}],"curies":[{"name":"wp","href":"https:\/\/api.w.org\/{rel}","templated":true}]}}