{"id":139025,"date":"2025-03-04T19:46:43","date_gmt":"2025-03-05T01:46:43","guid":{"rendered":"https:\/\/lospoliticosveracruz.com.mx\/?p=139025"},"modified":"2025-03-04T19:47:02","modified_gmt":"2025-03-05T01:47:02","slug":"estiaje-2025-advertencia-para-toda-la-poblacion","status":"publish","type":"post","link":"https:\/\/lospoliticosveracruz.com.mx\/?p=139025","title":{"rendered":"ESTIAJE 2025: ADVERTENCIA PARA TODA LA POBLACI\u00d3N"},"content":{"rendered":"\n<p>S\u00edguenos ahora tambi\u00e9n en WhatsApp.\u00a0<a href=\"https:\/\/whatsapp.com\/channel\/0029Va8zRWlEKyZIP3Z1dF0e\"><strong>Da clic aqu\u00ed<\/strong><\/a><\/p>\n\n\n\n<p><\/p>\n\n\n\n<p><strong>Jos\u00e9 Luis Enr\u00edquez Ambell<br><\/strong><em>Caf\u00e9 de Ma\u00f1ana<br><\/em><\/p>\n\n\n\n<p>Las autoridades responsables advirtieron que para el mes de febrero de este a\u00f1o, ten\u00edan las<br>proyecciones de lluvias dentro o por abajo de la media en los municipios de la zona norte y el centro&nbsp;de Veracruz, y ligeramente por arriba en la regi\u00f3n sur. \u00abEste d\u00e9ficit de lluvias &#8211; as\u00ed lo a\u00f1adieron desde principios de a\u00f1o &#8211; afectar\u00eda los niveles de r\u00edos, presas, lagos, lagunas y pozos; y el suministro de agua potable a casas y negocios de manera importante\u00bb.<\/p>\n\n\n<div class=\"wp-block-image\">\n<figure class=\"alignleft size-thumbnail\"><a href=\"https:\/\/lospoliticosveracruz.com.mx\/wp-content\/uploads\/2025\/02\/Mastografia.jpeg\"><img loading=\"lazy\" decoding=\"async\" width=\"150\" height=\"150\" src=\"https:\/\/lospoliticosveracruz.com.mx\/wp-content\/uploads\/2025\/02\/Mastografia-150x150.jpeg\" alt=\"\" class=\"wp-image-138625\" srcset=\"https:\/\/lospoliticosveracruz.com.mx\/wp-content\/uploads\/2025\/02\/Mastografia-150x150.jpeg 150w, https:\/\/lospoliticosveracruz.com.mx\/wp-content\/uploads\/2025\/02\/Mastografia-125x125.jpeg 125w\" sizes=\"auto, (max-width: 150px) 100vw, 150px\" \/><\/a><\/figure><\/div>\n\n\n<p>Hace varias semanas la CONAGUA indic\u00f3 que la poblaci\u00f3n deb\u00eda cuidar el agua, dado que la sequ\u00eda en 2024 se mitig\u00f3 en un 30 % en el territorio nacional, \u00absituaci\u00f3n que lleva a tener un pron\u00f3stico de amplia sequ\u00eda este 2025\u00bb.<\/p>\n\n\n\n<p>La Comisi\u00f3n Nacional del Agua nos ha venido diciendo tambien que el pronostic\u00f3 para la temporada de estiaje este el a\u00f1o durar\u00e1 aproximadamente seis meses, toda vez que comenz\u00f3 en los \u00faltimos d\u00edas de noviembre de 2024 y concluir\u00e1 &#8211; m\u00e1s menos &#8211; cuando se registren las primeras precipitaciones pluviales en mayo pr\u00f3ximo o sea, a\u00fan faltan varias semanas.<\/p>\n\n\n\n<p>Expertos en la materia en M\u00e9xico y Veracruz, y consultados, aseguran que hay elementos para estimar una severa crisis h\u00eddrica a pesar de que en las \u00faltimas semanas han ocurrido lluvias incluso hasta torrenciales en algunas regiones, y a\u00fan as\u00ed persiste la sequ\u00eda.<\/p>\n\n\n\n<p>La Conagua hace unas semanas expres\u00f3 que al menos hasta el primer mes del a\u00f1o,- enero,- 6 municipios presentaban \u00absequedad anormal\u00bb y aunado a que febrero suele resultar tambi\u00e9n un periodo de baja precipitaci\u00f3n nos lleva a tener que pensar que habr\u00e1 al menos de aqu\u00ed a mayo un d\u00e9ficit mayor de agua.<\/p>\n\n\n\n<p>As\u00ed pues, el anuncio oficial por el Gobierno de la Rep\u00fablica, nos advierte de la voluntad para atender este por dem\u00e1s problema may\u00fasculo para la poblaci\u00f3n en su conjunto.<\/p>\n\n\n\n<p>Y es que las obras de reparaci\u00f3n de las redes se agua potable no significa ni traduce en trabajos o acciones para tener m\u00e1s agua, y lo que en verdad hace falta es el agua.<\/p>\n\n\n\n<p><strong>DE SOBREMESA<\/strong><\/p>\n\n\n\n<p>Este d\u00eda 5 de marzo, inicia \u00abLa Cuaresma\u00bb,- el mi\u00e9rcoles de Ceniza,- y es tiempo para la reflexi\u00f3n, penitencia y preparaci\u00f3n de la Pascua de la Resurrecci\u00f3n, y comenzando el llamado Mi\u00e9rcoles de Ceniza y camino a la conmemoraci\u00f3n del jueves (17 de abril) de la crucifixi\u00f3n de Jes\u00fas, dentro de la llamada Semana Santa, que termina el domingo de Resurrecci\u00f3n (20 de abril) de acuerdo a la f\u00e9 cristiana, aunque para efectos escolares y laborales se le conoce como las vacaciones de la Semana Mayor.<\/p>\n\n\n\n<p>La Iglesia Cat\u00f3lica asegura que es el momento para purificarse de las faltas, de creer y recibir a Dios en la vida, de encontrarse con el, por medio del perd\u00f3n y reconciliaci\u00f3n, y de ah\u00ed vienen costumbres como la oraci\u00f3n, el ayuno, la limosna e imposici\u00f3n de ceniza en la frente al ir a las parroquias e iglesias.<\/p>\n\n\n\n<p>Todo eso, en honor y recuerdo a los cuarenta d\u00edas que Jes\u00fas pas\u00f3 en el desierto antes de comenzar su ministerio p\u00fablico.<\/p>\n\n\n\n<p><strong>UN CAF\u00c9 LECHERO LIGTH<\/strong><\/p>\n\n\n\n<p>Y, por cierto, este mi\u00e9rcoles habr\u00e1 reuni\u00f3n de trabajo de la Presidenta Claudia Sheinbaum con los 23 gobernadores que tienen en sus entidades IMSS Bienestar, en la sede del Poder Ejecutivo Federal, y donde habr\u00e1 de revisarse &#8211; seg\u00fan se sabe &#8211; las obras y acciones para la mejor infraestructura, el abasto oportuno de los medicamentos, el presupuesto para el suministro de alimentos, entre otros asuntos del sector salud.<\/p>\n\n\n\n<p><em><strong>UN CAF\u00c9 CON PILONCILLO<\/strong><\/em><\/p>\n\n\n\n<p>Los cambios en el tablero del ajedrez oficial de la Ingeniera Roc\u00edo Nahle seguir\u00e1n durante el presente mes movi\u00e9ndose para efectos de la contienda municipal venidera y que estar\u00e1n produciendo reacomodos en la estructura humana del gobierno. Enhorabuena.<\/p>\n\n\n\n<p>\u00a1ES CUANTO!<\/p>\n\n\n\n<p>enriquezambell@gmail.com;<br>enamjl62@gmail.com<\/p>\n","protected":false},"excerpt":{"rendered":"<p>S\u00edguenos ahora tambi\u00e9n en WhatsApp.\u00a0Da clic aqu\u00ed Jos\u00e9 Luis Enr\u00edquez AmbellCaf\u00e9 de Ma\u00f1ana Las autoridades responsables advirtieron que para el mes de febrero de este a\u00f1o, ten\u00edan lasproyecciones de lluvias dentro o por abajo de la media en los municipios de la zona norte y el centro&nbsp;de Veracruz, y ligeramente por arriba en la regi\u00f3n [&hellip;]<\/p>\n","protected":false},"author":2,"featured_media":119814,"comment_status":"closed","ping_status":"closed","sticky":false,"template":"","format":"standard","meta":{"_jetpack_newsletter_access":"","_jetpack_dont_email_post_to_subs":false,"_jetpack_newsletter_tier_id":0,"_jetpack_memberships_contains_paywalled_content":false,"_jetpack_memberships_contains_paid_content":false,"footnotes":""},"categories":[70],"tags":[205,8383],"class_list":["post-139025","post","type-post","status-publish","format-standard","has-post-thumbnail","hentry","category-de-opinion","tag-conagua","tag-jose-luis-enriquez-ambell"],"jetpack_featured_media_url":"https:\/\/lospoliticosveracruz.com.mx\/wp-content\/uploads\/2024\/03\/Ambell.jpg","jetpack_sharing_enabled":true,"jetpack_shortlink":"https:\/\/wp.me\/p4Qcd3-Aal","_links":{"self":[{"href":"https:\/\/lospoliticosveracruz.com.mx\/index.php?rest_route=\/wp\/v2\/posts\/139025","targetHints":{"allow":["GET"]}}],"collection":[{"href":"https:\/\/lospoliticosveracruz.com.mx\/index.php?rest_route=\/wp\/v2\/posts"}],"about":[{"href":"https:\/\/lospoliticosveracruz.com.mx\/index.php?rest_route=\/wp\/v2\/types\/post"}],"author":[{"embeddable":true,"href":"https:\/\/lospoliticosveracruz.com.mx\/index.php?rest_route=\/wp\/v2\/users\/2"}],"replies":[{"embeddable":true,"href":"https:\/\/lospoliticosveracruz.com.mx\/index.php?rest_route=%2Fwp%2Fv2%2Fcomments&post=139025"}],"version-history":[{"count":2,"href":"https:\/\/lospoliticosveracruz.com.mx\/index.php?rest_route=\/wp\/v2\/posts\/139025\/revisions"}],"predecessor-version":[{"id":139027,"href":"https:\/\/lospoliticosveracruz.com.mx\/index.php?rest_route=\/wp\/v2\/posts\/139025\/revisions\/139027"}],"wp:featuredmedia":[{"embeddable":true,"href":"https:\/\/lospoliticosveracruz.com.mx\/index.php?rest_route=\/wp\/v2\/media\/119814"}],"wp:attachment":[{"href":"https:\/\/lospoliticosveracruz.com.mx\/index.php?rest_route=%2Fwp%2Fv2%2Fmedia&parent=139025"}],"wp:term":[{"taxonomy":"category","embeddable":true,"href":"https:\/\/lospoliticosveracruz.com.mx\/index.php?rest_route=%2Fwp%2Fv2%2Fcategories&post=139025"},{"taxonomy":"post_tag","embeddable":true,"href":"https:\/\/lospoliticosveracruz.com.mx\/index.php?rest_route=%2Fwp%2Fv2%2Ftags&post=139025"}],"curies":[{"name":"wp","href":"https:\/\/api.w.org\/{rel}","templated":true}]}}