{"id":139436,"date":"2025-03-11T07:22:35","date_gmt":"2025-03-11T13:22:35","guid":{"rendered":"https:\/\/lospoliticosveracruz.com.mx\/?p=139436"},"modified":"2025-03-11T07:22:50","modified_gmt":"2025-03-11T13:22:50","slug":"el-caos-de-las-obras-xalapenas","status":"publish","type":"post","link":"https:\/\/lospoliticosveracruz.com.mx\/?p=139436","title":{"rendered":"EL CAOS DE LAS OBRAS XALAPE\u00d1AS"},"content":{"rendered":"\n<p>[S\u00edguenos ahora tambi\u00e9n en WhatsApp.\u00a0<a href=\"https:\/\/whatsapp.com\/channel\/0029Va8zRWlEKyZIP3Z1dF0e\"><strong><em>Da clic aqu\u00ed<\/em><\/strong><\/a>]\u00a0<\/p>\n\n\n\n<p><strong>Yamiri Rodr\u00edguez Madrid<\/strong><\/p>\n\n\n\n<p><em>La vuelta a Veracruz en un teclazo<\/em><\/p>\n\n\n\n<p>Est\u00e1 muy bien que se hagan obras en la capital veracruzana; lo que est\u00e1 p\u00e9simo es que no se planeen ni se socialicen con la poblaci\u00f3n. &nbsp; &nbsp; Es cierto que, durante ya varios a\u00f1os, se hab\u00edan dejado casi en el abandono nuestras calles, los espacios p\u00fablicos y su mantenimiento. &nbsp;Esta administraci\u00f3n municipal morenista le ha metido con todo al tema, pero lo ha hecho sin orden, lo que termina por desquiciar a Xalapa.<\/p>\n\n\n\n<p>El a\u00f1o pasado, todav\u00eda siendo presidente municipal Ricardo Ahued, repaviment\u00f3 parte del Circuito Presidentes. Sin embargo, ahora hay tremendos tubos sobre dicha arteria que ocupan casi carril y medio porque hay que introducirlos. &nbsp; \u00bfPor qu\u00e9 no se hizo cuando abrieron durante semanas? \u00bfPor qu\u00e9 no se hacen obras integrales sabiendo que pr\u00e1cticamente no hay v\u00edas alternas en la ciudad?<\/p>\n\n\n\n<p>Les ha fallado tambi\u00e9n la socializaci\u00f3n de las obras. &nbsp; Muchas personas no se enteran de en cu\u00e1ntos puntos de la ciudad hay obras, cu\u00e1nto cuestan, para qu\u00e9 son o cu\u00e1ndo van a terminar. &nbsp; Tienen pantallas donde podr\u00edan avisar que en 15 d\u00edas inician una obra; que x o y punto est\u00e1 cerrado. &nbsp; Poner una lona en el lugar de los trabajos tambi\u00e9n ayudar\u00eda a socializarlos, aunado a que es una acci\u00f3n de transparencia informar cu\u00e1nto se invierte y cu\u00e1nto tiempo va a llevar. &nbsp;Todos la leer\u00edamos atrapados en el tr\u00e1fico, pero no, les cuesta trabajo hacerlo.<\/p>\n\n\n\n<p>Tenemos una capital mal planeada, que ha crecido de manera desordenada, pero como dec\u00eda Cristina Pacheco, aqu\u00ed nos toc\u00f3 vivir. &nbsp;Son nuestras autoridades las encargadas de solucionar los problemas, no darle m\u00e1s a la ciudadan\u00eda, generando un tr\u00e1fico m\u00e1s ca\u00f3tico que de costumbre. &nbsp;No nos queda m\u00e1s que aguantar, los meses que sean, la locura que hay en el Circuito Presidentes, Murillo Vidal, R\u00e9bsamen, Araucarias y las otras obras que hay por todo Xalapa.<\/p>\n\n\n\n<p>@YamiriRodriguez<\/p>\n","protected":false},"excerpt":{"rendered":"<p>[S\u00edguenos ahora tambi\u00e9n en WhatsApp.\u00a0Da clic aqu\u00ed]\u00a0 Yamiri Rodr\u00edguez Madrid La vuelta a Veracruz en un teclazo Est\u00e1 muy bien que se hagan obras en la capital veracruzana; lo que est\u00e1 p\u00e9simo es que no se planeen ni se socialicen con la poblaci\u00f3n. &nbsp; &nbsp; Es cierto que, durante ya varios a\u00f1os, se hab\u00edan dejado [&hellip;]<\/p>\n","protected":false},"author":2,"featured_media":133405,"comment_status":"closed","ping_status":"closed","sticky":false,"template":"","format":"standard","meta":{"_jetpack_newsletter_access":"","_jetpack_dont_email_post_to_subs":false,"_jetpack_newsletter_tier_id":0,"_jetpack_memberships_contains_paywalled_content":false,"_jetpack_memberships_contains_paid_content":false,"footnotes":""},"categories":[70],"tags":[1026,6146,876,96],"class_list":["post-139436","post","type-post","status-publish","format-standard","has-post-thumbnail","hentry","category-de-opinion","tag-morena","tag-obras","tag-ricardo-ahued","tag-xalapa"],"jetpack_featured_media_url":"https:\/\/lospoliticosveracruz.com.mx\/wp-content\/uploads\/2024\/12\/Yamiri.jpg","jetpack_sharing_enabled":true,"jetpack_shortlink":"https:\/\/wp.me\/p4Qcd3-AgY","_links":{"self":[{"href":"https:\/\/lospoliticosveracruz.com.mx\/index.php?rest_route=\/wp\/v2\/posts\/139436","targetHints":{"allow":["GET"]}}],"collection":[{"href":"https:\/\/lospoliticosveracruz.com.mx\/index.php?rest_route=\/wp\/v2\/posts"}],"about":[{"href":"https:\/\/lospoliticosveracruz.com.mx\/index.php?rest_route=\/wp\/v2\/types\/post"}],"author":[{"embeddable":true,"href":"https:\/\/lospoliticosveracruz.com.mx\/index.php?rest_route=\/wp\/v2\/users\/2"}],"replies":[{"embeddable":true,"href":"https:\/\/lospoliticosveracruz.com.mx\/index.php?rest_route=%2Fwp%2Fv2%2Fcomments&post=139436"}],"version-history":[{"count":2,"href":"https:\/\/lospoliticosveracruz.com.mx\/index.php?rest_route=\/wp\/v2\/posts\/139436\/revisions"}],"predecessor-version":[{"id":139438,"href":"https:\/\/lospoliticosveracruz.com.mx\/index.php?rest_route=\/wp\/v2\/posts\/139436\/revisions\/139438"}],"wp:featuredmedia":[{"embeddable":true,"href":"https:\/\/lospoliticosveracruz.com.mx\/index.php?rest_route=\/wp\/v2\/media\/133405"}],"wp:attachment":[{"href":"https:\/\/lospoliticosveracruz.com.mx\/index.php?rest_route=%2Fwp%2Fv2%2Fmedia&parent=139436"}],"wp:term":[{"taxonomy":"category","embeddable":true,"href":"https:\/\/lospoliticosveracruz.com.mx\/index.php?rest_route=%2Fwp%2Fv2%2Fcategories&post=139436"},{"taxonomy":"post_tag","embeddable":true,"href":"https:\/\/lospoliticosveracruz.com.mx\/index.php?rest_route=%2Fwp%2Fv2%2Ftags&post=139436"}],"curies":[{"name":"wp","href":"https:\/\/api.w.org\/{rel}","templated":true}]}}