{"id":139489,"date":"2025-03-11T20:08:48","date_gmt":"2025-03-12T02:08:48","guid":{"rendered":"https:\/\/lospoliticosveracruz.com.mx\/?p=139489"},"modified":"2025-03-11T20:09:00","modified_gmt":"2025-03-12T02:09:00","slug":"el-numismatico","status":"publish","type":"post","link":"https:\/\/lospoliticosveracruz.com.mx\/?p=139489","title":{"rendered":"EL NUMISM\u00c1TICO!"},"content":{"rendered":"\n<p><a href=\"https:\/\/whatsapp.com\/channel\/0029Va8zRWlEKyZIP3Z1dF0e\"><strong>\u2002\u2002<\/strong><strong>\u00da<\/strong><strong>NETE A NUESTRO CANAL<\/strong><strong><\/strong><\/a><\/p>\n\n\n\n<p>\u00a1<a href=\"https:\/\/whatsapp.com\/channel\/0029Va8zRWlEKyZIP3Z1dF0e\"><strong>LOS POL\u00cd<\/strong><strong>TICOS VERACRUZ<\/strong><\/a> ya est\u00e1 en WhatsApp!<\/p>\n\n\n\n<p><\/p>\n\n\n\n<p>Se trata de cuatro colecciones: la Prehisp\u00e1nica; la conmemorativa a los 100 a\u00f1os de creaci\u00f3n del Banco de M\u00e9xico; la Colecci\u00f3n \u201cPatrimonio inmaterial de M\u00e9xico\u201d; y las monedas conmemorativas de la Copa Mundial FIFA 2026<\/p>\n\n\n<div class=\"wp-block-image\">\n<figure class=\"alignleft size-thumbnail\"><a href=\"https:\/\/lospoliticosveracruz.com.mx\/wp-content\/uploads\/2025\/02\/Mastografia.jpeg\"><img loading=\"lazy\" decoding=\"async\" width=\"150\" height=\"150\" src=\"https:\/\/lospoliticosveracruz.com.mx\/wp-content\/uploads\/2025\/02\/Mastografia-150x150.jpeg\" alt=\"\" class=\"wp-image-138625\" srcset=\"https:\/\/lospoliticosveracruz.com.mx\/wp-content\/uploads\/2025\/02\/Mastografia-150x150.jpeg 150w, https:\/\/lospoliticosveracruz.com.mx\/wp-content\/uploads\/2025\/02\/Mastografia-125x125.jpeg 125w\" sizes=\"auto, (max-width: 150px) 100vw, 150px\" \/><\/a><\/figure><\/div>\n\n\n<p>Esta \u00faltima resulta por dem\u00e1s oportuna pues como sabemos, en 2026, Canad\u00e1 y Estados Unidos, ser\u00e1n junto con M\u00e9xico, coanfitriones del evento deportivo con m\u00e1s espectadores a nivel mundial.<\/p>\n\n\n\n<ul class=\"wp-block-list\">\n<li>La colecci\u00f3n de monedas no solo representa un s\u00edmbolo invaluable de nuestras ra\u00edces y nuestra historia, tambi\u00e9n reafirman el orgullo y la responsabilidad de ser mexicanos.<\/li>\n<\/ul>\n","protected":false},"excerpt":{"rendered":"<p>\u2002\u2002\u00daNETE A NUESTRO CANAL \u00a1LOS POL\u00cdTICOS VERACRUZ ya est\u00e1 en WhatsApp! Se trata de cuatro colecciones: la Prehisp\u00e1nica; la conmemorativa a los 100 a\u00f1os de creaci\u00f3n del Banco de M\u00e9xico; la Colecci\u00f3n \u201cPatrimonio inmaterial de M\u00e9xico\u201d; y las monedas conmemorativas de la Copa Mundial FIFA 2026 Esta \u00faltima resulta por dem\u00e1s oportuna pues como sabemos, [&hellip;]<\/p>\n","protected":false},"author":2,"featured_media":139490,"comment_status":"closed","ping_status":"closed","sticky":false,"template":"","format":"standard","meta":{"_jetpack_newsletter_access":"","_jetpack_dont_email_post_to_subs":false,"_jetpack_newsletter_tier_id":0,"_jetpack_memberships_contains_paywalled_content":false,"_jetpack_memberships_contains_paid_content":false,"footnotes":""},"categories":[73],"tags":[],"class_list":["post-139489","post","type-post","status-publish","format-standard","has-post-thumbnail","hentry","category-de-boleto"],"jetpack_featured_media_url":"https:\/\/lospoliticosveracruz.com.mx\/wp-content\/uploads\/2025\/03\/Chiquiyunes.jpeg","jetpack_sharing_enabled":true,"jetpack_shortlink":"https:\/\/wp.me\/p4Qcd3-AhP","_links":{"self":[{"href":"https:\/\/lospoliticosveracruz.com.mx\/index.php?rest_route=\/wp\/v2\/posts\/139489","targetHints":{"allow":["GET"]}}],"collection":[{"href":"https:\/\/lospoliticosveracruz.com.mx\/index.php?rest_route=\/wp\/v2\/posts"}],"about":[{"href":"https:\/\/lospoliticosveracruz.com.mx\/index.php?rest_route=\/wp\/v2\/types\/post"}],"author":[{"embeddable":true,"href":"https:\/\/lospoliticosveracruz.com.mx\/index.php?rest_route=\/wp\/v2\/users\/2"}],"replies":[{"embeddable":true,"href":"https:\/\/lospoliticosveracruz.com.mx\/index.php?rest_route=%2Fwp%2Fv2%2Fcomments&post=139489"}],"version-history":[{"count":1,"href":"https:\/\/lospoliticosveracruz.com.mx\/index.php?rest_route=\/wp\/v2\/posts\/139489\/revisions"}],"predecessor-version":[{"id":139491,"href":"https:\/\/lospoliticosveracruz.com.mx\/index.php?rest_route=\/wp\/v2\/posts\/139489\/revisions\/139491"}],"wp:featuredmedia":[{"embeddable":true,"href":"https:\/\/lospoliticosveracruz.com.mx\/index.php?rest_route=\/wp\/v2\/media\/139490"}],"wp:attachment":[{"href":"https:\/\/lospoliticosveracruz.com.mx\/index.php?rest_route=%2Fwp%2Fv2%2Fmedia&parent=139489"}],"wp:term":[{"taxonomy":"category","embeddable":true,"href":"https:\/\/lospoliticosveracruz.com.mx\/index.php?rest_route=%2Fwp%2Fv2%2Fcategories&post=139489"},{"taxonomy":"post_tag","embeddable":true,"href":"https:\/\/lospoliticosveracruz.com.mx\/index.php?rest_route=%2Fwp%2Fv2%2Ftags&post=139489"}],"curies":[{"name":"wp","href":"https:\/\/api.w.org\/{rel}","templated":true}]}}