{"id":139546,"date":"2025-03-12T20:57:00","date_gmt":"2025-03-13T02:57:00","guid":{"rendered":"https:\/\/lospoliticosveracruz.com.mx\/?p=139546"},"modified":"2025-03-12T16:03:51","modified_gmt":"2025-03-12T22:03:51","slug":"capo-lina-y-javier-herrera","status":"publish","type":"post","link":"https:\/\/lospoliticosveracruz.com.mx\/?p=139546","title":{"rendered":"CAPO-LINA Y JAVIER HERRERA"},"content":{"rendered":"\n<p><a href=\"https:\/\/whatsapp.com\/channel\/0029Va8zRWlEKyZIP3Z1dF0e\"><strong>\u2002\u2002<\/strong><strong>\u00da<\/strong><strong>NETE A NUESTRO CANAL<\/strong><strong><\/strong><\/a><\/p>\n\n\n\n<p>\u00a1<a href=\"https:\/\/whatsapp.com\/channel\/0029Va8zRWlEKyZIP3Z1dF0e\"><strong>LOS POL\u00cd<\/strong><strong>TICOS VERACRUZ<\/strong><\/a> ya est\u00e1 en WhatsApp!<\/p>\n\n\n\n<p><\/p>\n\n\n\n<p><strong>Salvador Mu\u00f1oz<br><\/strong><em>Los Pol\u00edticos<\/em><\/p>\n\n\n\n<p>Lleg\u00f3 discreto a San L\u00e1zaro. La primera impresi\u00f3n que dio, y la l\u00f3gica, era que iba a visitar al legislador Pedro Haces Barba\u2026 pero no\u2026 agarr\u00f3 camino a las oficinas verdes y por all\u00e1 se perdi\u00f3.<br>Ser\u00eda \u00e9l mismo el encargado de dar a conocer a sus cercanos el motivo de su visita a San L\u00e1zaro\u2026 fue a ver a Javier Herrera Borunda.<br>Dicen los que estuvieron en reciente reuni\u00f3n con Enrique Santos Mendoza, conocido como Capulina, apodado Capo-Lina, que el \u201cDiputado de las Redes Sociales\u201d platic\u00f3 el motivo de su viaje a San L\u00e1zaro.<br>\u00bfDiputado de las Redes Sociales? \u00a1Ah! Es que Santos Mendoza se mantiene en Facebook como \u201cDip. Enrique Santos Mendoza\u201d cuando ya tiene rato que dej\u00f3 de serlo.<\/p>\n\n\n<div class=\"wp-block-image\">\n<figure class=\"alignleft size-thumbnail\"><a href=\"https:\/\/lospoliticosveracruz.com.mx\/wp-content\/uploads\/2025\/02\/Mastografia.jpeg\"><img loading=\"lazy\" decoding=\"async\" width=\"150\" height=\"150\" src=\"https:\/\/lospoliticosveracruz.com.mx\/wp-content\/uploads\/2025\/02\/Mastografia-150x150.jpeg\" alt=\"\" class=\"wp-image-138625\" srcset=\"https:\/\/lospoliticosveracruz.com.mx\/wp-content\/uploads\/2025\/02\/Mastografia-150x150.jpeg 150w, https:\/\/lospoliticosveracruz.com.mx\/wp-content\/uploads\/2025\/02\/Mastografia-125x125.jpeg 125w\" sizes=\"auto, (max-width: 150px) 100vw, 150px\" \/><\/a><\/figure><\/div>\n\n\n<p><br>Volviendo al asunto, aseguran que Santos Mendoza fue a buscar el apoyo del PVEM v\u00eda Javier Herrera Borunda, para afianzar su candidatura\u2026<br>Eso es lo que \u00e9l dice pero\u2026<br>II<br>Hace m\u00e1s de tres a\u00f1os, las encuestas pon\u00edan al frente por la curul local a Arely Bonilla seguida de Nacho Luna\u2026 En \u00faltimo lugar, Luis Ronaldo Z\u00e1rate, ficha del hoy exiliado Bola 8\u2026<br>Se cuenta que Citlali Hern\u00e1ndez, entonces poderosa secretaria general del Morenazo, lleg\u00f3 a Xalapa buscando a Arey Bonilla para presentarla como \u201cPromotora\u201d pero \u00e9sta ya estaba a cientos de kil\u00f3metros de distancia, allende la frontera, por dos cosas:<br>El entonces secretario de Gobierno, Bola 8, a pesar de que los resultados le eran favorables para la empresaria, le dijo: \u201cNo es tu tiempo\u201d\u2026<br>A ello se agrega que \u201cfuerzas oscuras\u201d la \u201cinvitaron\u201d a un \u201cretiro espiritual\u201d por lo que tuvo que poner tierra de por medio para evitar que le echaran tierra pero a paladas.<br>Entonces, al no tener a la candidata, hubo un peque\u00f1o ajuste: darle al PT la candidatura por ese distrito y es as\u00ed que Luis Ronaldo, siendo \u00faltimo lugar en las encuestas internas de Morena, acab\u00f3 siendo candidato del PT.<br>III<br>Con esos antecedentes, hay otra explicaci\u00f3n para que Enrique Santos Mendoza haya ido a San L\u00e1zaro a buscar a Javier Herrera Borunda\u2026<br>Sabedor de que todas las encuestas lo ponen en \u00faltimo lugar, juega su \u00faltima carta con el hijo del Consentido de Nopaltepec: Ser candidato del PVEM en Coatepec por la presidencia municipal.<br>Vamos! Intenta hacer la Coreana (como lo hizo Luis Ronaldo Z\u00e1rate) y pasar del \u00faltimo lugar, a candidato! Y en una de \u00e9sas, lo logra\u2026 salvo por algunos ligeros detalles\u2026<br>El primero, es que Capo-Lina no tiene de padrino a Bola 8\u2026 segundo: en una de \u00e9sas, la cuesti\u00f3n de g\u00e9nero le juegue una mala pasada y por \u00faltimo, quiz\u00e1s la m\u00e1s relevante: Pedro Haces no est\u00e1 en el \u00e1nimo de Andy L\u00f3pez Beltr\u00e1n.<br>\u00bfY eso qu\u00e9 tendr\u00eda que ver con el PVEM? Mucho! Darle cabida y la candidatura en el PVEM a Enrique Santos Mendoza, siervo de Haces, implicar\u00eda enemistarse con Andy y eso es algo que seguramente Javier Herrera no quiere\u2026<br>Habr\u00e1 que esperar que los Morenos entreguen los resultados y ah\u00ed se ver\u00e1 qu\u00e9 tan democr\u00e1tico es el partido como para hacer respetar las encuestas o permitir que se d\u00e9 de nuevo otra candidatura \u201cCoreana\u201d como la que le permiti\u00f3 a Luis Ronaldo llegar a ser diputado\u2026<\/p>\n","protected":false},"excerpt":{"rendered":"<p>\u2002\u2002\u00daNETE A NUESTRO CANAL \u00a1LOS POL\u00cdTICOS VERACRUZ ya est\u00e1 en WhatsApp! Salvador Mu\u00f1ozLos Pol\u00edticos Lleg\u00f3 discreto a San L\u00e1zaro. La primera impresi\u00f3n que dio, y la l\u00f3gica, era que iba a visitar al legislador Pedro Haces Barba\u2026 pero no\u2026 agarr\u00f3 camino a las oficinas verdes y por all\u00e1 se perdi\u00f3.Ser\u00eda \u00e9l mismo el encargado de [&hellip;]<\/p>\n","protected":false},"author":2,"featured_media":138112,"comment_status":"closed","ping_status":"closed","sticky":false,"template":"","format":"standard","meta":{"_jetpack_newsletter_access":"","_jetpack_dont_email_post_to_subs":false,"_jetpack_newsletter_tier_id":0,"_jetpack_memberships_contains_paywalled_content":false,"_jetpack_memberships_contains_paid_content":false,"footnotes":""},"categories":[70],"tags":[43214,27781,1124],"class_list":["post-139546","post","type-post","status-publish","format-standard","has-post-thumbnail","hentry","category-de-opinion","tag-capo-lina","tag-enrique-santos-mendoza","tag-javier-herrera-borunda"],"jetpack_featured_media_url":"https:\/\/lospoliticosveracruz.com.mx\/wp-content\/uploads\/2025\/02\/Chava-Munoz.jpg","jetpack_sharing_enabled":true,"jetpack_shortlink":"https:\/\/wp.me\/p4Qcd3-AiK","_links":{"self":[{"href":"https:\/\/lospoliticosveracruz.com.mx\/index.php?rest_route=\/wp\/v2\/posts\/139546","targetHints":{"allow":["GET"]}}],"collection":[{"href":"https:\/\/lospoliticosveracruz.com.mx\/index.php?rest_route=\/wp\/v2\/posts"}],"about":[{"href":"https:\/\/lospoliticosveracruz.com.mx\/index.php?rest_route=\/wp\/v2\/types\/post"}],"author":[{"embeddable":true,"href":"https:\/\/lospoliticosveracruz.com.mx\/index.php?rest_route=\/wp\/v2\/users\/2"}],"replies":[{"embeddable":true,"href":"https:\/\/lospoliticosveracruz.com.mx\/index.php?rest_route=%2Fwp%2Fv2%2Fcomments&post=139546"}],"version-history":[{"count":2,"href":"https:\/\/lospoliticosveracruz.com.mx\/index.php?rest_route=\/wp\/v2\/posts\/139546\/revisions"}],"predecessor-version":[{"id":139548,"href":"https:\/\/lospoliticosveracruz.com.mx\/index.php?rest_route=\/wp\/v2\/posts\/139546\/revisions\/139548"}],"wp:featuredmedia":[{"embeddable":true,"href":"https:\/\/lospoliticosveracruz.com.mx\/index.php?rest_route=\/wp\/v2\/media\/138112"}],"wp:attachment":[{"href":"https:\/\/lospoliticosveracruz.com.mx\/index.php?rest_route=%2Fwp%2Fv2%2Fmedia&parent=139546"}],"wp:term":[{"taxonomy":"category","embeddable":true,"href":"https:\/\/lospoliticosveracruz.com.mx\/index.php?rest_route=%2Fwp%2Fv2%2Fcategories&post=139546"},{"taxonomy":"post_tag","embeddable":true,"href":"https:\/\/lospoliticosveracruz.com.mx\/index.php?rest_route=%2Fwp%2Fv2%2Ftags&post=139546"}],"curies":[{"name":"wp","href":"https:\/\/api.w.org\/{rel}","templated":true}]}}