{"id":139561,"date":"2025-03-12T21:30:39","date_gmt":"2025-03-13T03:30:39","guid":{"rendered":"https:\/\/lospoliticosveracruz.com.mx\/?p=139561"},"modified":"2025-03-12T21:30:58","modified_gmt":"2025-03-13T03:30:58","slug":"fge-alfileres","status":"publish","type":"post","link":"https:\/\/lospoliticosveracruz.com.mx\/?p=139561","title":{"rendered":"FGE\u2026 ALFILERES"},"content":{"rendered":"\n<p><\/p>\n\n\n\n<ul class=\"wp-block-list\">\n<li><a href=\"https:\/\/whatsapp.com\/channel\/0029Va8zRWlEKyZIP3Z1dF0e\"><strong>\u2002\u2002<\/strong><strong>\u00da<\/strong><strong>NETE A NUESTRO CANAL<\/strong><\/a><\/li>\n\n\n\n<li>\u00a1<a href=\"https:\/\/whatsapp.com\/channel\/0029Va8zRWlEKyZIP3Z1dF0e\"><strong>LOS POL\u00cd<\/strong><strong>TICOS VERACRUZ<\/strong><\/a> ya est\u00e1 en WhatsApp!<\/li>\n<\/ul>\n\n\n\n<p><\/p>\n\n\n\n<p><strong>Miguel Valera<br><\/strong><em>Contrase\u00f1as<br><\/em>Sobra decir que, desde su llegada al Gobierno del Estado de Veracruz, la ingeniera Roc\u00edo Nahle Garc\u00eda tom\u00f3 el control total del Estado de Veracruz. El poder, dicen los cl\u00e1sicos, es para ejercerse. Su estilo particular, as\u00ed se ve por ejemplo en su pol\u00edtica de comunicaci\u00f3n, es de omnipresencia, de estar en todos los temas, de atender todos los problemas, de no dejar espacios vac\u00edos, porque ah\u00ed, como dicen los estrategas, donde hay huecos siempre habr\u00e1 alguien que quiera llenarlos.<\/p>\n\n\n<div class=\"wp-block-image\">\n<figure class=\"alignleft size-thumbnail\"><a href=\"https:\/\/lospoliticosveracruz.com.mx\/wp-content\/uploads\/2025\/02\/Mastografia.jpeg\"><img loading=\"lazy\" decoding=\"async\" width=\"150\" height=\"150\" src=\"https:\/\/lospoliticosveracruz.com.mx\/wp-content\/uploads\/2025\/02\/Mastografia-150x150.jpeg\" alt=\"\" class=\"wp-image-138625\" srcset=\"https:\/\/lospoliticosveracruz.com.mx\/wp-content\/uploads\/2025\/02\/Mastografia-150x150.jpeg 150w, https:\/\/lospoliticosveracruz.com.mx\/wp-content\/uploads\/2025\/02\/Mastografia-125x125.jpeg 125w\" sizes=\"auto, (max-width: 150px) 100vw, 150px\" \/><\/a><\/figure><\/div>\n\n\n<p>Por eso, desde el Congreso del Estado, impuls\u00f3 una reforma para tomar el control de la Fiscal\u00eda General del Estado de Veracruz que en su momento, control\u00f3 a su antojo el entonces Secretario de Gobierno, Eric Patrocinio Cisneros Burgos. Todos, desde todos lados, apostaron que la salida de la Fiscal Ver\u00f3nica Hern\u00e1ndez Giad\u00e1ns ser\u00eda inminente. Han pasado m\u00e1s de cien d\u00edas y la abogada egresada de la Universidad Veracruzana sigue ah\u00ed.<\/p>\n\n\n\n<p>\u00bfQu\u00e9 ha pasado? \u00bfPor qu\u00e9 no la ha movido? \u00bfQu\u00e9 le ha impedido tomar el control total de esa dependencia? \u00bfEs realmente el respeto a la autonom\u00eda o es un acto de sororidad con una mujer que tuvo que sortear la fragilidad de las circunstancias pol\u00edticas? No lo sabemos. Lo cierto es que Ver\u00f3nica Hern\u00e1ndez Giad\u00e1ns, Notaria P\u00fablica, Secretaria del Ayuntamiento de Xalapa, Directora Jur\u00eddica en la capital veracruzana, con amplia experiencia en el sector p\u00fablico, se ha mantenido ah\u00ed, por una sola raz\u00f3n, por la voluntad de quien manda en Veracruz.<\/p>\n\n\n\n<p>Sin embargo, el martes 11 de marzo de este a\u00f1o, la Comisi\u00f3n Nacional de Derechos Humanos le solicit\u00f3 a Ver\u00f3nica Hern\u00e1ndez Giad\u00e1ns, como titular de la Fiscal\u00eda, aceptar una Recomendaci\u00f3n de la Comisi\u00f3n Estatal de Derechos Humanos que preside Namiko Matzumoto Ben\u00edtez, por la desaparici\u00f3n de una persona.<\/p>\n\n\n\n<p>Dice el parte informativo en el bajante: \u201cLa FGE de Veracruz vulner\u00f3 los derechos humanos a la legalidad y seguridad jur\u00eddica en agravio de una v\u00edctima de desaparici\u00f3n y cuatro personas m\u00e1s\u201d.<\/p>\n\n\n\n<p>S\u00ed, as\u00ed como lo lee usted.<\/p>\n\n\n\n<p>Se trata de la Recomendaci\u00f3n 8\/2025 a la Fiscal\u00eda General del Estado de Veracruz (FGE) por negarse a aceptar un pronunciamiento similar emitido por la Comisi\u00f3n Estatal de Derechos Humanos de Veracruz (CEDHV), relacionado por la deficiente investigaci\u00f3n de desaparici\u00f3n de una persona, ocurrida en enero del 2011.<\/p>\n\n\n\n<p>En septiembre 20 de 2018 una persona present\u00f3 una queja ante la CEDHV argumentado irregularidades en la investigaci\u00f3n del caso de la desaparici\u00f3n de su hija, atribuibles a personas servidoras p\u00fablicas de la Fiscal\u00eda General de Veracruz. Luego de atender el escrito de queja la Comisi\u00f3n Estatal emiti\u00f3 una recomendaci\u00f3n a dicha autoridad, misma que no fue aceptada.<\/p>\n\n\n\n<p>Ante ello, se present\u00f3 ante la CNDH un recurso de impugnaci\u00f3n mismo que tras ser analizado confirm\u00f3 la violaci\u00f3n a los Derechos Humanos a la legalidad y seguridad jur\u00eddica cometidas en agravio de la persona quejosa, la victima de desaparici\u00f3n y cuatro personas m\u00e1s, atribuibles a un funcionario de la Fiscal\u00eda de Veracruz por falta de fundamentaci\u00f3n y motivaci\u00f3n, as\u00ed como por el deber jur\u00eddico de hacer p\u00fablicas las razones por las cuales no acept\u00f3 la Recomendaci\u00f3n de la Comisi\u00f3n Estatal.<\/p>\n\n\n\n<p>En este sentido, la CNDH recomend\u00f3 a la FGE Veracruz que acepte la Recomendaci\u00f3n 026\/2023 emitida por la Comisi\u00f3n Estatal, cumpliendo con las acciones propuestas en ese documento y en caso de negativa, deber\u00e1 enviarse a la Comisi\u00f3n Nacional evidencia del incumplimiento. Tambi\u00e9n se le solicita que funde y motive p\u00fablicamente cualquier negativa a aceptar recomendaciones emitidas y, si persiste, comparezca ante la Legislatura local.<\/p>\n\n\n\n<p>La CNDH resalta la relevancia de que las autoridades estatales reconozcan y respondan a las Recomendaciones emitidas por los organismos p\u00fablicos de protecci\u00f3n de Derechos Humanos, dado que la Constituci\u00f3n establece la responsabilidad de todas las autoridades de promover, respetar y garantizar los derechos humanos.<\/p>\n\n\n\n<p>Dichas Recomendaciones tienen como objetivo reparar los da\u00f1os, asegurar el respeto a los derechos humanos y brindar la mayor protecci\u00f3n posible a estos, demandando que las autoridades implementen medidas integrales en los tres niveles de gobierno.<\/p>\n\n\n\n<p>La comunicaci\u00f3n es muy clara y el mensaje que deja tambi\u00e9n. \u00bfAceptar\u00e1 la Fiscal esta Recomendaci\u00f3n o har\u00e1 mutis esperando que el destino la alcance? Es pregunta.<\/p>\n\n\n\n<p><strong>\u00bfTUXPAN PARA EL VERDE?<\/strong><\/p>\n\n\n\n<p>Dicen los que saben, que en Tuxpan las cosas est\u00e1n que arden y que los due\u00f1os del Partido Verde, el Senador Manuel Velasco Coello y el diputado federal Javier Herrera Borunda, pusieron sobre la mesa de la negociaci\u00f3n pol\u00edtica el nombre de Alberto Silva Ramos para la presidencia municipal. Que no les interesa ninguna otra demarcaci\u00f3n, s\u00f3lo esa. \u00bfSer\u00e1?<\/p>\n\n\n\n<p>@MValeraH<\/p>\n","protected":false},"excerpt":{"rendered":"<p>Miguel ValeraContrase\u00f1asSobra decir que, desde su llegada al Gobierno del Estado de Veracruz, la ingeniera Roc\u00edo Nahle Garc\u00eda tom\u00f3 el control total del Estado de Veracruz. El poder, dicen los cl\u00e1sicos, es para ejercerse. Su estilo particular, as\u00ed se ve por ejemplo en su pol\u00edtica de comunicaci\u00f3n, es de omnipresencia, de estar en todos los [&hellip;]<\/p>\n","protected":false},"author":2,"featured_media":119815,"comment_status":"closed","ping_status":"closed","sticky":false,"template":"","format":"standard","meta":{"_jetpack_newsletter_access":"","_jetpack_dont_email_post_to_subs":false,"_jetpack_newsletter_tier_id":0,"_jetpack_memberships_contains_paywalled_content":false,"_jetpack_memberships_contains_paid_content":false,"footnotes":""},"categories":[70],"tags":[],"class_list":["post-139561","post","type-post","status-publish","format-standard","has-post-thumbnail","hentry","category-de-opinion"],"jetpack_featured_media_url":"https:\/\/lospoliticosveracruz.com.mx\/wp-content\/uploads\/2024\/03\/Miguel-Valera.jpg","jetpack_sharing_enabled":true,"jetpack_shortlink":"https:\/\/wp.me\/p4Qcd3-AiZ","_links":{"self":[{"href":"https:\/\/lospoliticosveracruz.com.mx\/index.php?rest_route=\/wp\/v2\/posts\/139561","targetHints":{"allow":["GET"]}}],"collection":[{"href":"https:\/\/lospoliticosveracruz.com.mx\/index.php?rest_route=\/wp\/v2\/posts"}],"about":[{"href":"https:\/\/lospoliticosveracruz.com.mx\/index.php?rest_route=\/wp\/v2\/types\/post"}],"author":[{"embeddable":true,"href":"https:\/\/lospoliticosveracruz.com.mx\/index.php?rest_route=\/wp\/v2\/users\/2"}],"replies":[{"embeddable":true,"href":"https:\/\/lospoliticosveracruz.com.mx\/index.php?rest_route=%2Fwp%2Fv2%2Fcomments&post=139561"}],"version-history":[{"count":2,"href":"https:\/\/lospoliticosveracruz.com.mx\/index.php?rest_route=\/wp\/v2\/posts\/139561\/revisions"}],"predecessor-version":[{"id":139563,"href":"https:\/\/lospoliticosveracruz.com.mx\/index.php?rest_route=\/wp\/v2\/posts\/139561\/revisions\/139563"}],"wp:featuredmedia":[{"embeddable":true,"href":"https:\/\/lospoliticosveracruz.com.mx\/index.php?rest_route=\/wp\/v2\/media\/119815"}],"wp:attachment":[{"href":"https:\/\/lospoliticosveracruz.com.mx\/index.php?rest_route=%2Fwp%2Fv2%2Fmedia&parent=139561"}],"wp:term":[{"taxonomy":"category","embeddable":true,"href":"https:\/\/lospoliticosveracruz.com.mx\/index.php?rest_route=%2Fwp%2Fv2%2Fcategories&post=139561"},{"taxonomy":"post_tag","embeddable":true,"href":"https:\/\/lospoliticosveracruz.com.mx\/index.php?rest_route=%2Fwp%2Fv2%2Ftags&post=139561"}],"curies":[{"name":"wp","href":"https:\/\/api.w.org\/{rel}","templated":true}]}}