{"id":139564,"date":"2025-03-12T22:47:19","date_gmt":"2025-03-13T04:47:19","guid":{"rendered":"https:\/\/lospoliticosveracruz.com.mx\/?p=139564"},"modified":"2025-03-12T22:47:46","modified_gmt":"2025-03-13T04:47:46","slug":"la-cndh-dobla-a-hernandez-giadans","status":"publish","type":"post","link":"https:\/\/lospoliticosveracruz.com.mx\/?p=139564","title":{"rendered":"LA CNDH DOBLA A HERN\u00c1NDEZ GIAD\u00c1NS"},"content":{"rendered":"\n<p><strong><a href=\"https:\/\/whatsapp.com\/channel\/0029Va8zRWlEKyZIP3Z1dF0e\">\u2002\u2002<strong>\u00danete a nuestro canal&nbsp;<\/strong>\u2002\u2002\u2002\u2002\u2002\u2002&nbsp;<\/a>\u2002\u2002\u2002\u2002\u2002\u2002&nbsp;<\/strong><\/p>\n\n\n\n<p>\u00a1<strong>LOS POL\u00cdTICOS VERACRUZ<\/strong>&nbsp;ya est\u00e1 en WhatsApp!<\/p>\n\n\n\n<p><strong>Bernardo Guti\u00e9rrez Parra&nbsp;<\/strong><\/p>\n\n\n\n<p><em>Desde el Caf\u00e9&nbsp;<\/em><\/p>\n\n\n\n<p>Una de las razones por la que ser\u00e1 recordada la Fiscal\u00eda General del Estado en tiempos de Ver\u00f3nica Hern\u00e1ndez Giad\u00e1ns, es por su grosera negativa a recibir (y menos acatar) las recomendaciones que le ha hecho la Comisi\u00f3n Estatal de Derechos Humanos (CEDH). Y eso es un p\u00e9simo mensaje para los veracruzanos.<\/p>\n\n\n<div class=\"wp-block-image\">\n<figure class=\"alignleft size-thumbnail\"><a href=\"https:\/\/lospoliticosveracruz.com.mx\/wp-content\/uploads\/2025\/02\/Mastografia.jpeg\"><img loading=\"lazy\" decoding=\"async\" width=\"150\" height=\"150\" src=\"https:\/\/lospoliticosveracruz.com.mx\/wp-content\/uploads\/2025\/02\/Mastografia-150x150.jpeg\" alt=\"\" class=\"wp-image-138625\" srcset=\"https:\/\/lospoliticosveracruz.com.mx\/wp-content\/uploads\/2025\/02\/Mastografia-150x150.jpeg 150w, https:\/\/lospoliticosveracruz.com.mx\/wp-content\/uploads\/2025\/02\/Mastografia-125x125.jpeg 125w\" sizes=\"auto, (max-width: 150px) 100vw, 150px\" \/><\/a><\/figure><\/div>\n\n\n<p>Va un ejemplo de lo anterior.&nbsp;<\/p>\n\n\n\n<p>El 20 de septiembre del 2018, una persona present\u00f3 una queja ante la CEDH argumentado irregularidades en la investigaci\u00f3n del caso de la desaparici\u00f3n de su hija, atribuibles a servidores p\u00fablicos de la Fiscal\u00eda General del Estado. Luego de atender la queja, la Comisi\u00f3n Estatal emiti\u00f3 una recomendaci\u00f3n a la FGE pero no fue aceptada.<\/p>\n\n\n\n<p>Ante esto, la Comisi\u00f3n Estatal present\u00f3 ante la Comisi\u00f3n Nacional de Derechos Humanos, un recurso de impugnaci\u00f3n que tras ser analizado, confirm\u00f3 la violaci\u00f3n a los Derechos Humanos a la legalidad y seguridad jur\u00eddica cometidas en agravio de la persona quejosa, la victima de desaparici\u00f3n y cuatro personas m\u00e1s, atribuibles a un funcionario de la FGE por falta de fundamentaci\u00f3n y motivaci\u00f3n, as\u00ed como por el deber jur\u00eddico de hacer p\u00fablicas las razones por las cuales no acept\u00f3 la recomendaci\u00f3n de la Comisi\u00f3n Estatal.<\/p>\n\n\n\n<p>En este sentido, la CNDH recomend\u00f3 a la FGE de la se\u00f1ora Ver\u00f3nica Hern\u00e1ndez Giad\u00e1ns que acepte la recomendaci\u00f3n 026\/2023 emitida por la Comisi\u00f3n Estatal, cumpliendo con las acciones propuestas en ese documento y en caso de negativa, deber\u00e1 enviarse a la Comisi\u00f3n Nacional evidencia del incumplimiento. Tambi\u00e9n se le solicita que funde y motive p\u00fablicamente cualquier negativa a aceptar recomendaciones emitidas y, si persiste, comparezca ante la Legislatura local.<\/p>\n\n\n\n<p>Aparte de ser una de las fiscal\u00edas estatales peor calificada a nivel nacional y una de las que m\u00e1s rezago tiene, la FGE es (y hay que reiterarlo) la que m\u00e1s recomendaciones ha rechazado.&nbsp;<\/p>\n\n\n\n<p>A principios de este mes, la presidenta de la CEDH, Namiko Matzumoto Benitez, dijo que dado que la Fiscal\u00eda que encabeza Ver\u00f3nica Hern\u00e1ndez Giadans, insist\u00eda en no aceptar las recomendaciones de la Comisi\u00f3n Estatal, buscar\u00eda establecer los plazos para hacerla comparecer ante el Congreso.<\/p>\n\n\n\n<p>Y es que al menos son cuatro las recomendaciones a la FGE donde se comprob\u00f3 que no se actu\u00f3 con apego a derecho en las investigaciones relacionadas con personas desaparecidas, adem\u00e1s de que no se implementaron de forma correcta e inmediata los protocolos de actuaci\u00f3n para este tipo de investigaciones.<\/p>\n\n\n\n<p>En aquella ocasi\u00f3n la doctora Matzumoto dijo que la no aceptaci\u00f3n es una muestra de desinter\u00e9s y ausencia de respeto a las funciones de los Organismos P\u00fablicos Protectores de Derechos Humanos y al sistema no jurisdiccional de protecci\u00f3n de los Derechos Humanos.<\/p>\n\n\n\n<p>Pero al parecer ya no se tolerar\u00e1n m\u00e1s los arranques de soberbia de la se\u00f1ora Hern\u00e1ndez Giad\u00e1ns, la CNDH le est\u00e1 exigiendo que atienda la recomendaci\u00f3n de la Comisi\u00f3n Estatal. Y ya sin Cuitl\u00e1huac Garc\u00eda ni Eric Cisneros para que la protejan, la Fiscal estatal tendr\u00e1 simple y sencillamente que acatar.&nbsp;<\/p>\n\n\n\n<p>bernardogup@hotmail.com<\/p>\n","protected":false},"excerpt":{"rendered":"<p>\u2002\u2002\u00danete a nuestro canal&nbsp;\u2002\u2002\u2002\u2002\u2002\u2002&nbsp;\u2002\u2002\u2002\u2002\u2002\u2002&nbsp; \u00a1LOS POL\u00cdTICOS VERACRUZ&nbsp;ya est\u00e1 en WhatsApp! Bernardo Guti\u00e9rrez Parra&nbsp; Desde el Caf\u00e9&nbsp; Una de las razones por la que ser\u00e1 recordada la Fiscal\u00eda General del Estado en tiempos de Ver\u00f3nica Hern\u00e1ndez Giad\u00e1ns, es por su grosera negativa a recibir (y menos acatar) las recomendaciones que le ha hecho la Comisi\u00f3n Estatal [&hellip;]<\/p>\n","protected":false},"author":2,"featured_media":119914,"comment_status":"closed","ping_status":"closed","sticky":false,"template":"","format":"standard","meta":{"_jetpack_newsletter_access":"","_jetpack_dont_email_post_to_subs":false,"_jetpack_newsletter_tier_id":0,"_jetpack_memberships_contains_paywalled_content":false,"_jetpack_memberships_contains_paid_content":false,"footnotes":""},"categories":[70],"tags":[],"class_list":["post-139564","post","type-post","status-publish","format-standard","has-post-thumbnail","hentry","category-de-opinion"],"jetpack_featured_media_url":"https:\/\/lospoliticosveracruz.com.mx\/wp-content\/uploads\/2024\/03\/Bernardo.jpg","jetpack_sharing_enabled":true,"jetpack_shortlink":"https:\/\/wp.me\/p4Qcd3-Aj2","_links":{"self":[{"href":"https:\/\/lospoliticosveracruz.com.mx\/index.php?rest_route=\/wp\/v2\/posts\/139564","targetHints":{"allow":["GET"]}}],"collection":[{"href":"https:\/\/lospoliticosveracruz.com.mx\/index.php?rest_route=\/wp\/v2\/posts"}],"about":[{"href":"https:\/\/lospoliticosveracruz.com.mx\/index.php?rest_route=\/wp\/v2\/types\/post"}],"author":[{"embeddable":true,"href":"https:\/\/lospoliticosveracruz.com.mx\/index.php?rest_route=\/wp\/v2\/users\/2"}],"replies":[{"embeddable":true,"href":"https:\/\/lospoliticosveracruz.com.mx\/index.php?rest_route=%2Fwp%2Fv2%2Fcomments&post=139564"}],"version-history":[{"count":2,"href":"https:\/\/lospoliticosveracruz.com.mx\/index.php?rest_route=\/wp\/v2\/posts\/139564\/revisions"}],"predecessor-version":[{"id":139566,"href":"https:\/\/lospoliticosveracruz.com.mx\/index.php?rest_route=\/wp\/v2\/posts\/139564\/revisions\/139566"}],"wp:featuredmedia":[{"embeddable":true,"href":"https:\/\/lospoliticosveracruz.com.mx\/index.php?rest_route=\/wp\/v2\/media\/119914"}],"wp:attachment":[{"href":"https:\/\/lospoliticosveracruz.com.mx\/index.php?rest_route=%2Fwp%2Fv2%2Fmedia&parent=139564"}],"wp:term":[{"taxonomy":"category","embeddable":true,"href":"https:\/\/lospoliticosveracruz.com.mx\/index.php?rest_route=%2Fwp%2Fv2%2Fcategories&post=139564"},{"taxonomy":"post_tag","embeddable":true,"href":"https:\/\/lospoliticosveracruz.com.mx\/index.php?rest_route=%2Fwp%2Fv2%2Ftags&post=139564"}],"curies":[{"name":"wp","href":"https:\/\/api.w.org\/{rel}","templated":true}]}}