{"id":139895,"date":"2025-03-18T07:37:34","date_gmt":"2025-03-18T13:37:34","guid":{"rendered":"https:\/\/lospoliticosveracruz.com.mx\/?p=139895"},"modified":"2025-03-18T07:37:51","modified_gmt":"2025-03-18T13:37:51","slug":"teuchitlan-y-veracruz","status":"publish","type":"post","link":"https:\/\/lospoliticosveracruz.com.mx\/?p=139895","title":{"rendered":"TEUCHITL\u00c1N Y VERACRUZ"},"content":{"rendered":"\n<p><a><\/a><a href=\"https:\/\/whatsapp.com\/channel\/0029Va8zRWlEKyZIP3Z1dF0e\"><strong>\u2002\u2002<\/strong><strong>\u00da<\/strong><strong>NETE A NUESTRO CANAL<\/strong><strong><\/strong><\/a><\/p>\n\n\n\n<p>\u00a1<a href=\"https:\/\/whatsapp.com\/channel\/0029Va8zRWlEKyZIP3Z1dF0e\"><strong>LOS POL\u00cd<\/strong><strong>TICOS VERACRUZ<\/strong><\/a> ya est\u00e1 en WhatsApp!<\/p>\n\n\n\n<p><\/p>\n\n\n\n<p><strong>Yamiri Rodr\u00edguez Madrid<br><\/strong><em>La vuelta a Veracruz en un teclazo<\/em><\/p>\n\n\n\n<p>El macabro hallazgo de un centro de adiestramiento en un rancho de Teuchitl\u00e1n Jalisco deber\u00eda estremecernos como sociedad y movernos a investigar cu\u00e1ntos m\u00e1s no habr\u00e1 a lo largo y ancho del territorio. Para Veracruz este no debe ser un tema ni lejano ni menor ya que, desafortunadamente, nuestro estado lidera a nivel nacional en el n\u00famero de fosas clandestinas que hay.<br>De acuerdo con datos de la Comisi\u00f3n Nacional de B\u00fasquedas, hasta su \u00faltima actualizaci\u00f3n en 2023, de las 2 mil 863 fosas que hay en todo el pa\u00eds, 344 est\u00e1n en Veracruz, seguido por Colima que tiene 308 y Sinaloa, con 283. No son solo n\u00fameros, ni cifras oficiales, es el tama\u00f1o del drama social que vivimos en todo el pa\u00eds.<br>Lo que hoy se requiere con urgencia son recursos econ\u00f3micos y humanos que ayuden precisamente al rescate de restos y a su identificaci\u00f3n. Los semefos est\u00e1n llenos; se construyen hasta panteones forenses, pero sin identificar a quienes est\u00e1n ah\u00ed no se hace justicia ni se lleva un poco de consuelo a las familias.<br>Una queja recurrente de familiares de personas desaparecidas ha sido la carencia de reactivos para identificar restos, pero, sobre todo, la falta de humanidad cuando se acercan a muchas de nuestras autoridades y reciben un portazo.<br>No se les puede dar solo palas a las madres y padres buscadores, ni varillas recortadas para hurgar entre la tierra. Hay que darles las herramientas necesarias y, sobre todo, respeto a las familias.<br>Teuchitl\u00e1n no debe ser solo una vig\u00eda, ni un argumento pol\u00edtico de golpeteo; debe ser la raz\u00f3n que nos mueva de una vez por todas a ayudar a cientos de miles de familias que buscan con desesperaci\u00f3n a los suyos, aunque ya haya pasado m\u00e1s de una d\u00e9cada.<br>@YamiriRodriguez<\/p>\n","protected":false},"excerpt":{"rendered":"<p>\u2002\u2002\u00daNETE A NUESTRO CANAL \u00a1LOS POL\u00cdTICOS VERACRUZ ya est\u00e1 en WhatsApp! Yamiri Rodr\u00edguez MadridLa vuelta a Veracruz en un teclazo El macabro hallazgo de un centro de adiestramiento en un rancho de Teuchitl\u00e1n Jalisco deber\u00eda estremecernos como sociedad y movernos a investigar cu\u00e1ntos m\u00e1s no habr\u00e1 a lo largo y ancho del territorio. Para Veracruz [&hellip;]<\/p>\n","protected":false},"author":2,"featured_media":133405,"comment_status":"closed","ping_status":"closed","sticky":false,"template":"","format":"standard","meta":{"_jetpack_newsletter_access":"","_jetpack_dont_email_post_to_subs":false,"_jetpack_newsletter_tier_id":0,"_jetpack_memberships_contains_paywalled_content":false,"_jetpack_memberships_contains_paid_content":false,"footnotes":""},"categories":[70],"tags":[43252,42407],"class_list":["post-139895","post","type-post","status-publish","format-standard","has-post-thumbnail","hentry","category-de-opinion","tag-teuchitlan-jalisco","tag-yamiri-rodriguez-madrid"],"jetpack_featured_media_url":"https:\/\/lospoliticosveracruz.com.mx\/wp-content\/uploads\/2024\/12\/Yamiri.jpg","jetpack_sharing_enabled":true,"jetpack_shortlink":"https:\/\/wp.me\/p4Qcd3-Aon","_links":{"self":[{"href":"https:\/\/lospoliticosveracruz.com.mx\/index.php?rest_route=\/wp\/v2\/posts\/139895","targetHints":{"allow":["GET"]}}],"collection":[{"href":"https:\/\/lospoliticosveracruz.com.mx\/index.php?rest_route=\/wp\/v2\/posts"}],"about":[{"href":"https:\/\/lospoliticosveracruz.com.mx\/index.php?rest_route=\/wp\/v2\/types\/post"}],"author":[{"embeddable":true,"href":"https:\/\/lospoliticosveracruz.com.mx\/index.php?rest_route=\/wp\/v2\/users\/2"}],"replies":[{"embeddable":true,"href":"https:\/\/lospoliticosveracruz.com.mx\/index.php?rest_route=%2Fwp%2Fv2%2Fcomments&post=139895"}],"version-history":[{"count":2,"href":"https:\/\/lospoliticosveracruz.com.mx\/index.php?rest_route=\/wp\/v2\/posts\/139895\/revisions"}],"predecessor-version":[{"id":139899,"href":"https:\/\/lospoliticosveracruz.com.mx\/index.php?rest_route=\/wp\/v2\/posts\/139895\/revisions\/139899"}],"wp:featuredmedia":[{"embeddable":true,"href":"https:\/\/lospoliticosveracruz.com.mx\/index.php?rest_route=\/wp\/v2\/media\/133405"}],"wp:attachment":[{"href":"https:\/\/lospoliticosveracruz.com.mx\/index.php?rest_route=%2Fwp%2Fv2%2Fmedia&parent=139895"}],"wp:term":[{"taxonomy":"category","embeddable":true,"href":"https:\/\/lospoliticosveracruz.com.mx\/index.php?rest_route=%2Fwp%2Fv2%2Fcategories&post=139895"},{"taxonomy":"post_tag","embeddable":true,"href":"https:\/\/lospoliticosveracruz.com.mx\/index.php?rest_route=%2Fwp%2Fv2%2Ftags&post=139895"}],"curies":[{"name":"wp","href":"https:\/\/api.w.org\/{rel}","templated":true}]}}