{"id":140051,"date":"2025-03-19T20:25:18","date_gmt":"2025-03-20T02:25:18","guid":{"rendered":"https:\/\/lospoliticosveracruz.com.mx\/?p=140051"},"modified":"2025-03-19T20:25:52","modified_gmt":"2025-03-20T02:25:52","slug":"la-interculturalidad-y-la-interseccionalidad-en-el-derecho","status":"publish","type":"post","link":"https:\/\/lospoliticosveracruz.com.mx\/?p=140051","title":{"rendered":"LA INTERCULTURALIDAD Y LA INTERSECCIONALIDAD EN EL DERECHO"},"content":{"rendered":"\n<p><a><\/a><a href=\"https:\/\/whatsapp.com\/channel\/0029Va8zRWlEKyZIP3Z1dF0e\"><strong>\u2002\u2002<\/strong><strong>\u00da<\/strong><strong>NETE A NUESTRO CANAL<\/strong><strong><\/strong><\/a><\/p>\n\n\n\n<p>\u00a1<a href=\"https:\/\/whatsapp.com\/channel\/0029Va8zRWlEKyZIP3Z1dF0e\"><strong>LOS POL\u00cd<\/strong><strong>TICOS VERACRUZ<\/strong><\/a> ya est\u00e1 en WhatsApp!<\/p>\n\n\n\n<p><\/p>\n\n\n\n<p><strong>Mara Iliana Cruz Pastrana<br><\/strong>El derecho es un sistema u orden normativo e institucional que regula la conducta externa de las personas, es una herramienta fundamental para la regulaci\u00f3n de las sociedades y la protecci\u00f3n de los derechos humanos. Sin embargo, el derecho tradicionalmente ha sido duramente criticado por su falta de sensibilidad hacia la diversidad cultural y la interseccionalidad.<br>La interculturalidad hace referencia a la interacci\u00f3n y el di\u00e1logo entre diferentes culturas. Pero, en el contexto del derecho, la interculturalidad implica reconocer y respetar las diferencias culturales en la aplicaci\u00f3n de este, lo que puede incluir la consideraci\u00f3n de las pr\u00e1cticas y tradiciones culturales en la resoluci\u00f3n de conflictos y la protecci\u00f3n de los derechos humanos. La perspectiva intercultural es esencial para promover el respeto a los derechos humanos, sobre todo de los pueblos ind\u00edgenas.<br>La interculturalidad no s\u00f3lo habla de convivencia entre diferentes culturas, sino que ensalza sus diferencias como medio para garantizar una convivencia provechosa para todas ellas, enriqueci\u00e9ndose mutuamente.<br>En algunos pa\u00edses, la ley permite la pr\u00e1ctica de la mediaci\u00f3n comunitaria, lo cual implica la resoluci\u00f3n de conflictos a trav\u00e9s de la intervenci\u00f3n de l\u00edderes comunitarios y la aplicaci\u00f3n de pr\u00e1cticas y tradiciones culturales. Este tipo de pr\u00e1cticas puede ser especialmente \u00fatil en comunidades donde la confianza en el sistema judicial formal es baja.<br>La interseccionalidad hace referencia a la forma en que diferentes formas de discriminaci\u00f3n y opresi\u00f3n se cruzan y se refuerzan mutuamente. En el contexto del derecho, la interseccionalidad implica reconocer c\u00f3mo las diferentes formas de discriminaci\u00f3n, como lo son el racismo, el sexismo, la homofobia y la discapacidad, entre otras, las que se intersectan y afectan a las personas de manera diferente.<br>El an\u00e1lisis interseccional tiene como objetivo revelar las variadas identidades, exponer los diferentes tipos de discriminaci\u00f3n y desventaja que se dan como consecuencia de la combinaci\u00f3n de identidades, nos ayuda a entender y a establecer el impacto de dicha convergencia en situaciones de oportunidades y acceso a derechos, y a ver c\u00f3mo las pol\u00edticas, los programas, los servicios y las leyes que inciden sobre un aspecto de nuestras vidas est\u00e1n inexorablemente vinculadas a los dem\u00e1s.<br>Por poner un ejemplo, las mujeres ind\u00edgenas pueden enfrentar discriminaci\u00f3n tanto por su g\u00e9nero como por su origen \u00e9tnico o su situaci\u00f3n econ\u00f3mica, lo que puede afectar su acceso a la justicia y la protecci\u00f3n de sus derechos humanos. Un enfoque interseccional en el derecho implica reconocer y abordar estas formas de discriminaci\u00f3n interseccionales.<br>Un enfoque cr\u00edtico que incorpore la interculturalidad y la interseccionalidad en el derecho es esencial para una justicia m\u00e1s inclusiva, lo que implica: reconocer y respetar las diferencias culturales y la diversidad en la aplicaci\u00f3n del derecho; identificar y abordar las formas de discriminaci\u00f3n y opresi\u00f3n que se intersectan y afectan a las personas de manera diferente; desarrollar pol\u00edticas y pr\u00e1cticas legales que sean sensibles a la diversidad cultural y la interseccionalidad; fomentar la participaci\u00f3n y la inclusi\u00f3n de las comunidades marginadas en la toma de decisiones y la formulaci\u00f3n de pol\u00edticas legales.<br>La interculturalidad y la interseccionalidad son fundamentales para una justicia m\u00e1s inclusiva. Un enfoque cr\u00edtico que incorpore estas perspectivas es esencial para reconocer y respetar las diferencias culturales y la diversidad, y para abordar las formas de discriminaci\u00f3n y opresi\u00f3n que se intersectan y afectan a las personas de manera diferente. Es hora de que el derecho se adapte a la diversidad y se convierta en una herramienta para la justicia y la igualdad para todas, todos y todes.<\/p>\n","protected":false},"excerpt":{"rendered":"<p>\u2002\u2002\u00daNETE A NUESTRO CANAL \u00a1LOS POL\u00cdTICOS VERACRUZ ya est\u00e1 en WhatsApp! Mara Iliana Cruz PastranaEl derecho es un sistema u orden normativo e institucional que regula la conducta externa de las personas, es una herramienta fundamental para la regulaci\u00f3n de las sociedades y la protecci\u00f3n de los derechos humanos. Sin embargo, el derecho tradicionalmente ha [&hellip;]<\/p>\n","protected":false},"author":2,"featured_media":138216,"comment_status":"closed","ping_status":"closed","sticky":false,"template":"","format":"standard","meta":{"_jetpack_newsletter_access":"","_jetpack_dont_email_post_to_subs":false,"_jetpack_newsletter_tier_id":0,"_jetpack_memberships_contains_paywalled_content":false,"_jetpack_memberships_contains_paid_content":false,"footnotes":""},"categories":[70],"tags":[42836],"class_list":["post-140051","post","type-post","status-publish","format-standard","has-post-thumbnail","hentry","category-de-opinion","tag-mara-iliana-cruz-pastrana"],"jetpack_featured_media_url":"https:\/\/lospoliticosveracruz.com.mx\/wp-content\/uploads\/2025\/02\/Mara-Cruz.jpg","jetpack_sharing_enabled":true,"jetpack_shortlink":"https:\/\/wp.me\/p4Qcd3-AqT","_links":{"self":[{"href":"https:\/\/lospoliticosveracruz.com.mx\/index.php?rest_route=\/wp\/v2\/posts\/140051","targetHints":{"allow":["GET"]}}],"collection":[{"href":"https:\/\/lospoliticosveracruz.com.mx\/index.php?rest_route=\/wp\/v2\/posts"}],"about":[{"href":"https:\/\/lospoliticosveracruz.com.mx\/index.php?rest_route=\/wp\/v2\/types\/post"}],"author":[{"embeddable":true,"href":"https:\/\/lospoliticosveracruz.com.mx\/index.php?rest_route=\/wp\/v2\/users\/2"}],"replies":[{"embeddable":true,"href":"https:\/\/lospoliticosveracruz.com.mx\/index.php?rest_route=%2Fwp%2Fv2%2Fcomments&post=140051"}],"version-history":[{"count":1,"href":"https:\/\/lospoliticosveracruz.com.mx\/index.php?rest_route=\/wp\/v2\/posts\/140051\/revisions"}],"predecessor-version":[{"id":140052,"href":"https:\/\/lospoliticosveracruz.com.mx\/index.php?rest_route=\/wp\/v2\/posts\/140051\/revisions\/140052"}],"wp:featuredmedia":[{"embeddable":true,"href":"https:\/\/lospoliticosveracruz.com.mx\/index.php?rest_route=\/wp\/v2\/media\/138216"}],"wp:attachment":[{"href":"https:\/\/lospoliticosveracruz.com.mx\/index.php?rest_route=%2Fwp%2Fv2%2Fmedia&parent=140051"}],"wp:term":[{"taxonomy":"category","embeddable":true,"href":"https:\/\/lospoliticosveracruz.com.mx\/index.php?rest_route=%2Fwp%2Fv2%2Fcategories&post=140051"},{"taxonomy":"post_tag","embeddable":true,"href":"https:\/\/lospoliticosveracruz.com.mx\/index.php?rest_route=%2Fwp%2Fv2%2Ftags&post=140051"}],"curies":[{"name":"wp","href":"https:\/\/api.w.org\/{rel}","templated":true}]}}