{"id":140055,"date":"2025-03-19T21:19:15","date_gmt":"2025-03-20T03:19:15","guid":{"rendered":"https:\/\/lospoliticosveracruz.com.mx\/?p=140055"},"modified":"2025-03-19T21:19:42","modified_gmt":"2025-03-20T03:19:42","slug":"potencia-con-velocidad-ivd-y-conade","status":"publish","type":"post","link":"https:\/\/lospoliticosveracruz.com.mx\/?p=140055","title":{"rendered":"POTENCIA CON VELOCIDAD; IVD Y CONADE"},"content":{"rendered":"\n<p><a><\/a><a href=\"https:\/\/whatsapp.com\/channel\/0029Va8zRWlEKyZIP3Z1dF0e\"><strong>\u2002\u2002<\/strong><strong>\u00da<\/strong><strong>NETE A NUESTRO CANAL<\/strong><strong><\/strong><\/a><\/p>\n\n\n\n<p>\u00a1<a href=\"https:\/\/whatsapp.com\/channel\/0029Va8zRWlEKyZIP3Z1dF0e\"><strong>LOS POL\u00cd<\/strong><strong>TICOS VERACRUZ<\/strong><\/a> ya est\u00e1 en WhatsApp!<\/p>\n\n\n\n<p><\/p>\n\n\n\n<p><strong>Jos\u00e9 Luis Enr\u00edquez Ambell<br><\/strong><em>Caf\u00e9 de Ma\u00f1ana<\/em><\/p>\n\n\n\n<p><\/p>\n\n\n\n<p>La Comisi\u00f3n Nacional de Cultura F\u00edsica y Deporte (CONADE), sabemos, es el organismo del Gobierno de la Rep\u00fablica, que tiene la misi\u00f3n de promover la cultura f\u00edsica y el deporte con personas de todas las edades para la pr\u00e1ctica, desde el deporte social hasta el de competencia y alto rendimiento.<\/p>\n\n\n\n<p>El Instituto Veracruzano del Deporte (IVD) es responsable de la promoci\u00f3n y el fomento de las actividades deportivas en la entidad en relaci\u00f3n y coordinaci\u00f3n con el programa nacional &#8211; con los tres niveles de gobierno &#8211; y hasta con el sector privado.<\/p>\n\n\n\n<p>En el cancha de la CONADE hay un Centro Nacional de Desarrollo de Talentos Deportivos y Alto Rendimiento, y consiste en un complejo con instalaciones deportivas y acad\u00e9micas donde se concentran los talentos deportivos y deportistas de alto rendimiento con la idea de una mayor preparaci\u00f3n.<\/p>\n\n\n\n<p>Igualmente, el IVD cuenta con instalaciones que favorecen a la pr\u00e1ctica de la cultura f\u00edsica y el deporte a los atletas de todo el estado de Veracruz, que est\u00e1n registrados en un padr\u00f3n.<\/p>\n\n\n\n<p>En las recientes dos d\u00e9cadas se ha visto c\u00f3mo el IVD en la agenda de la pol\u00edtica p\u00fablica para el Gobierno Estatal, no le han colocado en el terreno de juego en una posici\u00f3n que destaque entre sus prioridades para buscar maximizar la potencialidad en la formaci\u00f3n y el desarrollo de los deportistas veracruzanos.<\/p>\n\n\n\n<p>Desde 1950 se decret\u00f3 el origen del Instituto Nacional de la Juventud Mexicana (INJUVE), y, en el caso de nuestra entidad, fue desde hace dos d\u00e9cadas cuando se le otorg\u00f3 legalmente, y al dotarle de patrimonio y personalidad propia al IVD, a trav\u00e9s de la Secretar\u00eda de Educaci\u00f3n de Veracruz, ya como un organismo con presupuesto y el aval del Poder Legislativo, pero muy poco se ha venido notando sus resultados favorables, al menos en en los seis a\u00f1os m\u00e1s recientes.<\/p>\n\n\n\n<p>Esto nos indica que ya es tiempo que estos organismos deber\u00edan ser robustos en la cancha con un presupuesto y tambi\u00e9n, reglas de operaciones serias, medibles y flexibles que evite las quejas de deportistas y su entorno, y as\u00ed exigirles que solo se dediquen a entregar su tiempo, sus talentos, las capacidades y el esfuerzo en la pr\u00e1ctica de lo que saben hacer y brindarnos los mejores logros, que permitan colocar en alto la bandera nacional, e incluso, as\u00ed igual contribuir a la econom\u00eda, pues esos \u00e9xitos se traducen en ingresos por varias v\u00edas a otras \u00e1reas del desarrollo en Veracruz, hablando en el rengl\u00f3n del IVD.<\/p>\n\n\n\n<p>Ser\u00eda recomendable que ante el naciente sexenio en Veracruz con la ingeniera Roc\u00edo Nahle, se empiece a dotar y ministrar la suficiencia de recursos y presupuesto y as\u00ed evitar que las actividades deportivas deban y tengan que estar en el campo de las quejas y denuncias hasta judiciales, como ha sucedido en algunas ocasiones.<\/p>\n\n\n\n<p><strong>DE SOBREMESA<\/strong><\/p>\n\n\n\n<p>Habr\u00e1 que presumir que las autoridades que reci\u00e9n empiezan a tomar la direcci\u00f3n de todas las herramientas del IVD han empezado por<br>ordenar una profunda revisi\u00f3n en todas las pistas de recursos humanos, materiales, financieros, entre otros, pues en los tiempos actuales se habla m\u00e1s de quejas y denuncias por presunta corrupci\u00f3n de ex servidores p\u00fablicos que por los logros deportivos, y es que siempre la falta de apoyo econ\u00f3mico a la comunidad que desarrolla sus habilidades es de lamentarse, pero algo deber\u00e1n de hacer a toda velocidad con la precisi\u00f3n m\u00e1xima posible para resolver este asunto m\u00e1s all\u00e1 del mejoramiento de instalaciones.<\/p>\n\n\n\n<p><strong>UN CAF\u00c9 LECHERO LIGHT<\/strong><\/p>\n\n\n\n<p>En pistas y canchas del IVD y otros escenarios deportivos -incluyendo las obras en proceso- como el estadio de f\u00fatbol Pirata Fuente, y para B\u00e1squetbol (Nido del Halc\u00f3n) en Boca del R\u00edo y Xalapa, respectivamente, supongo que ya es hora de anuncios de los avances f\u00edsicos y financieros de esos inmuebles que han tenido un may\u00fasculo costo, y en los que la ingeniera Roc\u00edo Nahle, ha ofrecido \u00f3rden y hacer que fluya con la mejor eficiencia el gasto p\u00fablico; el deporte amateur como el de alto rendimiento en la poblaci\u00f3n veracruzana, as\u00ed lo merece.<\/p>\n\n\n\n<p><strong>UN CAF\u00c9 CON DOBLE CARGA<\/strong><\/p>\n\n\n\n<p>El deporte institucional en Veracruz, requiere de administradores p\u00fablicos y no solo de las glorias deportivas que dominen una disciplina; el tema de la pol\u00edtica p\u00fablica deportiva va m\u00e1s all\u00e1 de un bal\u00f3n, pelota, tenis o ropa c\u00f3moda, lo que lleva a la necesidad de una mezcla que sea ganadora, pues al actual r\u00e9gimen les tocar\u00e1 los pr\u00f3ximos \u00abJuegos Ol\u00edmpicos Los Angeles 2028\u00bb, y esperemos que en la delegaci\u00f3n mexicana y p\u00f3dium, Veracruz aparezca, y esa posibilidad comienza desde ahora, pues para entonar el himno nacional y seguir poniendo de moda a nuestra entidad, el deporte tambi\u00e9n cuenta.<\/p>\n\n\n\n<p>\u00a1ES CUANTO!<\/p>\n\n\n\n<p>enriquezambell@gmail.com;<br>enamjl62@gmail.com<\/p>\n","protected":false},"excerpt":{"rendered":"<p>\u2002\u2002\u00daNETE A NUESTRO CANAL \u00a1LOS POL\u00cdTICOS VERACRUZ ya est\u00e1 en WhatsApp! Jos\u00e9 Luis Enr\u00edquez AmbellCaf\u00e9 de Ma\u00f1ana La Comisi\u00f3n Nacional de Cultura F\u00edsica y Deporte (CONADE), sabemos, es el organismo del Gobierno de la Rep\u00fablica, que tiene la misi\u00f3n de promover la cultura f\u00edsica y el deporte con personas de todas las edades para la [&hellip;]<\/p>\n","protected":false},"author":2,"featured_media":119814,"comment_status":"closed","ping_status":"closed","sticky":false,"template":"","format":"standard","meta":{"_jetpack_newsletter_access":"","_jetpack_dont_email_post_to_subs":false,"_jetpack_newsletter_tier_id":0,"_jetpack_memberships_contains_paywalled_content":false,"_jetpack_memberships_contains_paid_content":false,"footnotes":""},"categories":[70],"tags":[8383],"class_list":["post-140055","post","type-post","status-publish","format-standard","has-post-thumbnail","hentry","category-de-opinion","tag-jose-luis-enriquez-ambell"],"jetpack_featured_media_url":"https:\/\/lospoliticosveracruz.com.mx\/wp-content\/uploads\/2024\/03\/Ambell.jpg","jetpack_sharing_enabled":true,"jetpack_shortlink":"https:\/\/wp.me\/p4Qcd3-AqX","_links":{"self":[{"href":"https:\/\/lospoliticosveracruz.com.mx\/index.php?rest_route=\/wp\/v2\/posts\/140055","targetHints":{"allow":["GET"]}}],"collection":[{"href":"https:\/\/lospoliticosveracruz.com.mx\/index.php?rest_route=\/wp\/v2\/posts"}],"about":[{"href":"https:\/\/lospoliticosveracruz.com.mx\/index.php?rest_route=\/wp\/v2\/types\/post"}],"author":[{"embeddable":true,"href":"https:\/\/lospoliticosveracruz.com.mx\/index.php?rest_route=\/wp\/v2\/users\/2"}],"replies":[{"embeddable":true,"href":"https:\/\/lospoliticosveracruz.com.mx\/index.php?rest_route=%2Fwp%2Fv2%2Fcomments&post=140055"}],"version-history":[{"count":2,"href":"https:\/\/lospoliticosveracruz.com.mx\/index.php?rest_route=\/wp\/v2\/posts\/140055\/revisions"}],"predecessor-version":[{"id":140057,"href":"https:\/\/lospoliticosveracruz.com.mx\/index.php?rest_route=\/wp\/v2\/posts\/140055\/revisions\/140057"}],"wp:featuredmedia":[{"embeddable":true,"href":"https:\/\/lospoliticosveracruz.com.mx\/index.php?rest_route=\/wp\/v2\/media\/119814"}],"wp:attachment":[{"href":"https:\/\/lospoliticosveracruz.com.mx\/index.php?rest_route=%2Fwp%2Fv2%2Fmedia&parent=140055"}],"wp:term":[{"taxonomy":"category","embeddable":true,"href":"https:\/\/lospoliticosveracruz.com.mx\/index.php?rest_route=%2Fwp%2Fv2%2Fcategories&post=140055"},{"taxonomy":"post_tag","embeddable":true,"href":"https:\/\/lospoliticosveracruz.com.mx\/index.php?rest_route=%2Fwp%2Fv2%2Ftags&post=140055"}],"curies":[{"name":"wp","href":"https:\/\/api.w.org\/{rel}","templated":true}]}}