{"id":140160,"date":"2025-03-21T07:33:00","date_gmt":"2025-03-21T13:33:00","guid":{"rendered":"https:\/\/lospoliticosveracruz.com.mx\/?p=140160"},"modified":"2025-03-21T07:33:18","modified_gmt":"2025-03-21T13:33:18","slug":"coordinacion-para-su-bien-star","status":"publish","type":"post","link":"https:\/\/lospoliticosveracruz.com.mx\/?p=140160","title":{"rendered":"COORDINACI\u00d3N PARA SU BIEN STAR!"},"content":{"rendered":"\n<p><a><\/a><a href=\"https:\/\/whatsapp.com\/channel\/0029Va8zRWlEKyZIP3Z1dF0e\"><strong>\u2002\u2002<\/strong><strong>\u00da<\/strong><strong>NETE A NUESTRO CANAL<\/strong><strong><\/strong><\/a><\/p>\n\n\n\n<p>\u00a1<a href=\"https:\/\/whatsapp.com\/channel\/0029Va8zRWlEKyZIP3Z1dF0e\"><strong>LOS POL\u00cd<\/strong><strong>TICOS VERACRUZ<\/strong><\/a> ya est\u00e1 en WhatsApp!<\/p>\n\n\n\n<p><\/p>\n\n\n\n<p>Ozuluama: Cuando hay coordinaci\u00f3n entre las instituciones se hacen grandes cosas a favor del pueblo, afirm\u00f3 Juan Javier G\u00f3mez Cazar\u00edn delegado de los Programas para el Desarrollo de Veracruz, al felicitar al Poder Judicial y al Ayuntamiento por dar en comodato un inmueble para la atenci\u00f3n de m\u00e1s de 52 mil personas beneficiarias de los diversos programas sociales en 13 municipios de la regi\u00f3n.<\/p>\n\n\n\n<p>\u201cTenemos la grata presencia de la presidenta Lisbeth Aurelia Jim\u00e9nez Aguirre, del Poder Judicial, y del presidente municipal Guty Ramos, quienes se coordinaron para ceder un espacio donde ahora se atender\u00e1 a las personas adultas mayores y beneficiarios del Bienestar\u201d, dijo.<\/p>\n\n\n\n<p>Para nosotros -agreg\u00f3- es de mucha alegr\u00eda ser testigos de este tipo de acciones que no est\u00e1n encaminadas a un fin pol\u00edtico, sino el de seguir atendiendo al pueblo en espacios apropiados y donde se les facilite su movilidad, sobre todo a los adultos mayores.<\/p>\n\n\n\n<p>Juan Javier G\u00f3mez Cazar\u00edn agradeci\u00f3 que les naciera de coraz\u00f3n dar en comodato este espacio, demostrando que la buena comunicaci\u00f3n y disposici\u00f3n entre Ayuntamiento, Poder Judicial y Bienestar no es m\u00e1s que la uni\u00f3n de pueblo.<\/p>\n\n\n\n<p>Cabe destacar que en la regi\u00f3n de Ozuluama, a cargo de Diego Armando Dur\u00e1n S\u00e1nchez, Bienestar ha transformado la vida de m\u00e1s de 52 mil personas beneficiarias de las pensiones para adulto mayor, discapacidad, Mujeres Bienestar, becarios de los diferentes niveles educativos y 56 planteles incorporados al programa la Escuela es Nuestra.<\/p>\n\n\n\n<p>Con el respaldo de las autoridades municipales operar\u00e1 ahora un Centro Integrador de los Programas para el Desarrollo de Veracruz.<\/p>\n\n\n\n<p>En la firma del convenio de comodato, realizada en el Palacio Municipal, fungieron como testigos de honor Jos\u00e9 Alfredo Corona Liz\u00e1rraga, Consejero de la Judicatura del Estado, y Georgette Lilyam Pulido Barrios, s\u00edndica \u00fanica de Ozuluama.<\/p>\n","protected":false},"excerpt":{"rendered":"<p>\u2002\u2002\u00daNETE A NUESTRO CANAL \u00a1LOS POL\u00cdTICOS VERACRUZ ya est\u00e1 en WhatsApp! Ozuluama: Cuando hay coordinaci\u00f3n entre las instituciones se hacen grandes cosas a favor del pueblo, afirm\u00f3 Juan Javier G\u00f3mez Cazar\u00edn delegado de los Programas para el Desarrollo de Veracruz, al felicitar al Poder Judicial y al Ayuntamiento por dar en comodato un inmueble para [&hellip;]<\/p>\n","protected":false},"author":2,"featured_media":140161,"comment_status":"closed","ping_status":"closed","sticky":false,"template":"","format":"standard","meta":{"_jetpack_newsletter_access":"","_jetpack_dont_email_post_to_subs":false,"_jetpack_newsletter_tier_id":0,"_jetpack_memberships_contains_paywalled_content":false,"_jetpack_memberships_contains_paid_content":false,"footnotes":""},"categories":[73],"tags":[36463],"class_list":["post-140160","post","type-post","status-publish","format-standard","has-post-thumbnail","hentry","category-de-boleto","tag-lisbeth-aurelia-jimenez-aguirre"],"jetpack_featured_media_url":"https:\/\/lospoliticosveracruz.com.mx\/wp-content\/uploads\/2025\/03\/Juan-Javier-Gomez-Cazarin-1.jpeg","jetpack_sharing_enabled":true,"jetpack_shortlink":"https:\/\/wp.me\/p4Qcd3-AsE","_links":{"self":[{"href":"https:\/\/lospoliticosveracruz.com.mx\/index.php?rest_route=\/wp\/v2\/posts\/140160","targetHints":{"allow":["GET"]}}],"collection":[{"href":"https:\/\/lospoliticosveracruz.com.mx\/index.php?rest_route=\/wp\/v2\/posts"}],"about":[{"href":"https:\/\/lospoliticosveracruz.com.mx\/index.php?rest_route=\/wp\/v2\/types\/post"}],"author":[{"embeddable":true,"href":"https:\/\/lospoliticosveracruz.com.mx\/index.php?rest_route=\/wp\/v2\/users\/2"}],"replies":[{"embeddable":true,"href":"https:\/\/lospoliticosveracruz.com.mx\/index.php?rest_route=%2Fwp%2Fv2%2Fcomments&post=140160"}],"version-history":[{"count":2,"href":"https:\/\/lospoliticosveracruz.com.mx\/index.php?rest_route=\/wp\/v2\/posts\/140160\/revisions"}],"predecessor-version":[{"id":140163,"href":"https:\/\/lospoliticosveracruz.com.mx\/index.php?rest_route=\/wp\/v2\/posts\/140160\/revisions\/140163"}],"wp:featuredmedia":[{"embeddable":true,"href":"https:\/\/lospoliticosveracruz.com.mx\/index.php?rest_route=\/wp\/v2\/media\/140161"}],"wp:attachment":[{"href":"https:\/\/lospoliticosveracruz.com.mx\/index.php?rest_route=%2Fwp%2Fv2%2Fmedia&parent=140160"}],"wp:term":[{"taxonomy":"category","embeddable":true,"href":"https:\/\/lospoliticosveracruz.com.mx\/index.php?rest_route=%2Fwp%2Fv2%2Fcategories&post=140160"},{"taxonomy":"post_tag","embeddable":true,"href":"https:\/\/lospoliticosveracruz.com.mx\/index.php?rest_route=%2Fwp%2Fv2%2Ftags&post=140160"}],"curies":[{"name":"wp","href":"https:\/\/api.w.org\/{rel}","templated":true}]}}