{"id":140164,"date":"2025-03-21T07:37:49","date_gmt":"2025-03-21T13:37:49","guid":{"rendered":"https:\/\/lospoliticosveracruz.com.mx\/?p=140164"},"modified":"2025-03-21T07:38:05","modified_gmt":"2025-03-21T13:38:05","slug":"quitan-larga-pausa-a-la-promocion-de-veracruz","status":"publish","type":"post","link":"https:\/\/lospoliticosveracruz.com.mx\/?p=140164","title":{"rendered":"QUITAN LARGA PAUSA A LA PROMOCI\u00d3N DE VERACRUZ"},"content":{"rendered":"\n<p><a><\/a><a href=\"https:\/\/whatsapp.com\/channel\/0029Va8zRWlEKyZIP3Z1dF0e\"><strong>\u2002\u2002<\/strong><strong>\u00da<\/strong><strong>NETE A NUESTRO CANAL<\/strong><strong><\/strong><\/a><\/p>\n\n\n\n<p>\u00a1<a href=\"https:\/\/whatsapp.com\/channel\/0029Va8zRWlEKyZIP3Z1dF0e\"><strong>LOS POL\u00cd<\/strong><strong>TICOS VERACRUZ<\/strong><\/a> ya est\u00e1 en WhatsApp!<\/p>\n\n\n\n<p><strong>Yamiri Rodr\u00edguez Madrid<br><\/strong><em>La vuelta a Veracruz en un teclazo<br><\/em><\/p>\n\n\n\n<p>Ni Miguel \u00c1ngel Yunes Linares (PAN), ni Cuitl\u00e1huac Garc\u00eda Jim\u00e9nez (Morena) promocionaron las ventajas competitivas de Veracruz a nivel internacional; sus secretarios de Desarrollo Econ\u00f3mico y de Turismo, simplemente se dejaron llevar a donde la corriente los moviera: a ning\u00fan lado.<br>Hoy se ve con buenos ojos que, ya desde el arranque de la administraci\u00f3n estatal, se comience a mirar hacia otros destinos, m\u00e1s cuando la situaci\u00f3n econ\u00f3mica se vislumbra compleja a corto y mediano plazo con las medidas arancelarias implementadas desde los Estados Unidos.<br>Este jueves, el titular de la Secretar\u00eda de Desarrollo Econ\u00f3mico, Ernesto P\u00e9rez Astorga, anunci\u00f3 que, del 31 de marzo al 4 de abril, Veracruz participar\u00e1 en la Feria Industrial Hannover Messe en Alemania. Se trata del evento m\u00e1s grande dedicado a la tecnolog\u00eda industrial, donde se presentan avances en automatizaci\u00f3n, rob\u00f3tica, inteligencia artificial, energ\u00eda, manufactura digital y m\u00e1s. Empresas l\u00edderes como Siemens, Bosch, ABB y Mitsubishi Electric muestran all\u00ed sus innovaciones; re\u00fane a m\u00e1s de 200,000 visitantes y miles de expositores de todo el mundo, creando un espacio ideal para cerrar acuerdos, conocer proveedores y establecer alianzas estrat\u00e9gicas.<br>Pero, adem\u00e1s, durante su visita a nuestro estado, la secretaria federal de Turismo, Josefina Rodr\u00edguez Zamora, dijo que Veracruz es un destino clave en la promoci\u00f3n tur\u00edstica nacional, con presencia en mercados internacionales, por lo que la entidad tendr\u00e1 promoci\u00f3n en 14 pa\u00edses y una gira en Estados Unidos y Canad\u00e1. Jap\u00f3n, aunado a que Arabia Saudita y Alemania figuran entre los mercados estrat\u00e9gicos para nuestra tierra.<\/p>\n\n\n\n<p>Ojo: La Inversi\u00f3n Extranjera Directa (IED) en Veracruz ha tenido altibajos durante la \u00faltima d\u00e9cada. De acuerdo con datos de la Secretar\u00eda de Econom\u00eda, en 2015, en el sexenio del priista, Javier Duarte de Ochoa, se registr\u00f3 un monto particularmente alto de 1,589.1 millones de d\u00f3lares, uno de los m\u00e1s elevados del periodo\u200b. Pero despu\u00e9s de 2015 la inversi\u00f3n tendi\u00f3 a disminuir: cay\u00f3 a alrededor de 1,045 millones en 2016, su \u00faltimo a\u00f1o y sigui\u00f3 bajando hasta unos 915 millones en 2017\u200b, en el primer a\u00f1o del entonces panista, Miguel \u00c1ngel Yunes Linares.<\/p>\n\n\n\n<p>En a\u00f1os posteriores hubo cierta recuperaci\u00f3n moderada: por ejemplo, Veracruz atrajo 1,080.6 millones en 2019\u200b, ya con el morenista Cuitl\u00e1huac Garc\u00eda Jim\u00e9nez. Durante 2020\u20132021, a pesar de la pandemia de COVID-19, los flujos de IED se mantuvieron relativamente estables, cercanos a 1,000 millones cada a\u00f1o, por ejemplo, $1,000.7 millones en 2020 y $935.3 millones en 2021.<br>Sin embargo, en 2022 ocurri\u00f3 una ca\u00edda dr\u00e1stica: la IED neta en Veracruz pr\u00e1cticamente se redujo a cero ese a\u00f1o. Este desplome en 2022 indica que hubo desinversiones o retiros de capital que anularon los nuevos flujos entrantes, resultando en un saldo neto pr\u00e1cticamente nulo. En 2023 se observa una recuperaci\u00f3n parcial: Veracruz capt\u00f3 aproximadamente 803.4 millones de IED en el a\u00f1o\u200b.<\/p>\n\n\n\n<p>Si bien esto representa una mejor\u00eda considerable respecto a 2022, todav\u00eda est\u00e1 por debajo de los niveles registrados antes de la pandemia. Para 2024, su \u00faltimo a\u00f1o, y con datos preliminares a septiembre, Veracruz acumulaba alrededor de 520 millones en IED\u200b.<\/p>\n\n\n\n<p>Por eso se aplaude que este gobierno estatal tenga especial inter\u00e9s en proyectar a Veracruz en el \u00e1mbito internacional, como se hizo y funcion\u00f3 a\u00f1os atr\u00e1s. No se debe satanizar que funcionarios de izquierda salgan del pa\u00eds a intentar atraer inversiones. Una cosa es salir de trabajo y otra a pasear con recursos p\u00fablicos.<\/p>\n\n\n\n<p>Al final, las cifras de inversi\u00f3n extranjera directa que trimestralmente presenta la Secretar\u00eda de Econom\u00eda, ponen en dimensi\u00f3n a las decisiones que tom\u00f3 cada gobierno veracruzano.<br>@YamiriRodriguez<\/p>\n","protected":false},"excerpt":{"rendered":"<p>\u2002\u2002\u00daNETE A NUESTRO CANAL \u00a1LOS POL\u00cdTICOS VERACRUZ ya est\u00e1 en WhatsApp! Yamiri Rodr\u00edguez MadridLa vuelta a Veracruz en un teclazo Ni Miguel \u00c1ngel Yunes Linares (PAN), ni Cuitl\u00e1huac Garc\u00eda Jim\u00e9nez (Morena) promocionaron las ventajas competitivas de Veracruz a nivel internacional; sus secretarios de Desarrollo Econ\u00f3mico y de Turismo, simplemente se dejaron llevar a donde la [&hellip;]<\/p>\n","protected":false},"author":2,"featured_media":133405,"comment_status":"closed","ping_status":"closed","sticky":false,"template":"","format":"standard","meta":{"_jetpack_newsletter_access":"","_jetpack_dont_email_post_to_subs":false,"_jetpack_newsletter_tier_id":0,"_jetpack_memberships_contains_paywalled_content":false,"_jetpack_memberships_contains_paid_content":false,"footnotes":""},"categories":[70],"tags":[42407],"class_list":["post-140164","post","type-post","status-publish","format-standard","has-post-thumbnail","hentry","category-de-opinion","tag-yamiri-rodriguez-madrid"],"jetpack_featured_media_url":"https:\/\/lospoliticosveracruz.com.mx\/wp-content\/uploads\/2024\/12\/Yamiri.jpg","jetpack_sharing_enabled":true,"jetpack_shortlink":"https:\/\/wp.me\/p4Qcd3-AsI","_links":{"self":[{"href":"https:\/\/lospoliticosveracruz.com.mx\/index.php?rest_route=\/wp\/v2\/posts\/140164","targetHints":{"allow":["GET"]}}],"collection":[{"href":"https:\/\/lospoliticosveracruz.com.mx\/index.php?rest_route=\/wp\/v2\/posts"}],"about":[{"href":"https:\/\/lospoliticosveracruz.com.mx\/index.php?rest_route=\/wp\/v2\/types\/post"}],"author":[{"embeddable":true,"href":"https:\/\/lospoliticosveracruz.com.mx\/index.php?rest_route=\/wp\/v2\/users\/2"}],"replies":[{"embeddable":true,"href":"https:\/\/lospoliticosveracruz.com.mx\/index.php?rest_route=%2Fwp%2Fv2%2Fcomments&post=140164"}],"version-history":[{"count":2,"href":"https:\/\/lospoliticosveracruz.com.mx\/index.php?rest_route=\/wp\/v2\/posts\/140164\/revisions"}],"predecessor-version":[{"id":140166,"href":"https:\/\/lospoliticosveracruz.com.mx\/index.php?rest_route=\/wp\/v2\/posts\/140164\/revisions\/140166"}],"wp:featuredmedia":[{"embeddable":true,"href":"https:\/\/lospoliticosveracruz.com.mx\/index.php?rest_route=\/wp\/v2\/media\/133405"}],"wp:attachment":[{"href":"https:\/\/lospoliticosveracruz.com.mx\/index.php?rest_route=%2Fwp%2Fv2%2Fmedia&parent=140164"}],"wp:term":[{"taxonomy":"category","embeddable":true,"href":"https:\/\/lospoliticosveracruz.com.mx\/index.php?rest_route=%2Fwp%2Fv2%2Fcategories&post=140164"},{"taxonomy":"post_tag","embeddable":true,"href":"https:\/\/lospoliticosveracruz.com.mx\/index.php?rest_route=%2Fwp%2Fv2%2Ftags&post=140164"}],"curies":[{"name":"wp","href":"https:\/\/api.w.org\/{rel}","templated":true}]}}