{"id":140305,"date":"2025-03-24T07:40:49","date_gmt":"2025-03-24T13:40:49","guid":{"rendered":"https:\/\/lospoliticosveracruz.com.mx\/?p=140305"},"modified":"2025-03-24T07:48:20","modified_gmt":"2025-03-24T13:48:20","slug":"bukele-de-garcia-luna","status":"publish","type":"post","link":"https:\/\/lospoliticosveracruz.com.mx\/?p=140305","title":{"rendered":"BUKELE DE GARC\u00cdA LUNA"},"content":{"rendered":"\n<p><strong><a href=\"https:\/\/whatsapp.com\/channel\/0029Va8zRWlEKyZIP3Z1dF0e\">\u2002\u2002<strong>\u00danete a nuestro canal&nbsp;<\/strong>\u2002<\/a><\/strong><\/p>\n\n\n\n<p>\u00a1<strong>LOS POL\u00cdTICOS VERACRUZ<\/strong>&nbsp;ya est\u00e1 en WhatsApp!<\/p>\n\n\n\n<p><strong>Jorge Viveros Pasquel<\/strong><\/p>\n\n\n\n<p>En El Salvador de Nayib Bukele, operan dos grandes&nbsp;&nbsp;organizaciones del crimen organizado que mueven libremente migrantes, drogas y tambi\u00e9n controlan diversas actividades il\u00edcitas:&nbsp;<\/p>\n\n\n\n<p>1. Los Perrones; Considerada una de las redes de transporte de drogas m\u00e1s importantes de centroamerica, est\u00e1 conformada por #hoteleros, traficantes de personas y contrabandistas. Sus actividades se extienden desde Panam\u00e1 hasta Guatemala, utilizando rutas fronterizas para trasladar migrantes, contrabando y drogas ilegales.&nbsp; &nbsp;<\/p>\n\n\n\n<p>2. C\u00e1rtel de Texis; Fundado por el #empresario Ad\u00e1n Salazar Uma\u00f1a, este c\u00e1rtel es otra organizaci\u00f3n significativa en el narcotr\u00e1fico salvadore\u00f1o, cuyas principales actividades&nbsp;&nbsp;son el narcotr\u00e1fico y el lavado de dinero. Opera principalmente en el occidente y norte de El Salvador, en los departamentos de Santa Ana, Chalatenango y la zona de Texistepeque, de donde proviene su nombre.<\/p>\n\n\n\n<p>Cabe destacar que, seg\u00fan varios informes, estos grupos criminales han colaborado con c\u00e1rteles mexicanos y colombianos en el transporte de coca\u00edna y por incre\u00edble que parezca a pesar de su gran capacidad delictiva, no se han reportado p\u00fablicamente, al d\u00eda de hoy, detenciones de miembros de Los Perrones o del C\u00e1rtel de Texis durante el gobierno del Presidente Bukele\u2026 \u00bfPor qu\u00e9 ser\u00e1?<\/p>\n\n\n\n<p>Vender o comprar el argumento de que un problema tan complejo como la inseguridad en M\u00e9xico se resuelve recluyendo en una megac\u00e1rcel a delincuentes tatuados es un argumento vendible muy al estilo de Genaro Garc\u00eda Luna y sus megaoperativos, pero entonces conociendo que Bukele solo detiene pandilleros, pero no hace nada en contra de la delincuencia organizada\u2026 \u00bfa quienes beneficia vender el argumento simplista de que la inseguridad se resuelve con una c\u00e1rcel aqu\u00ed en M\u00e9xico? \u00a1Exacto! a la misma delincuencia organizada.<\/p>\n","protected":false},"excerpt":{"rendered":"<p>\u2002\u2002\u00danete a nuestro canal&nbsp;\u2002 \u00a1LOS POL\u00cdTICOS VERACRUZ&nbsp;ya est\u00e1 en WhatsApp! Jorge Viveros Pasquel En El Salvador de Nayib Bukele, operan dos grandes&nbsp;&nbsp;organizaciones del crimen organizado que mueven libremente migrantes, drogas y tambi\u00e9n controlan diversas actividades il\u00edcitas:&nbsp; 1. Los Perrones; Considerada una de las redes de transporte de drogas m\u00e1s importantes de centroamerica, est\u00e1 conformada por [&hellip;]<\/p>\n","protected":false},"author":2,"featured_media":140308,"comment_status":"closed","ping_status":"closed","sticky":false,"template":"","format":"standard","meta":{"_jetpack_newsletter_access":"","_jetpack_dont_email_post_to_subs":false,"_jetpack_newsletter_tier_id":0,"_jetpack_memberships_contains_paywalled_content":false,"_jetpack_memberships_contains_paid_content":false,"footnotes":""},"categories":[70],"tags":[],"class_list":["post-140305","post","type-post","status-publish","format-standard","has-post-thumbnail","hentry","category-de-opinion"],"jetpack_featured_media_url":"https:\/\/lospoliticosveracruz.com.mx\/wp-content\/uploads\/2025\/03\/Genaro-Garcia-Luna.jpg","jetpack_sharing_enabled":true,"jetpack_shortlink":"https:\/\/wp.me\/p4Qcd3-AuZ","_links":{"self":[{"href":"https:\/\/lospoliticosveracruz.com.mx\/index.php?rest_route=\/wp\/v2\/posts\/140305","targetHints":{"allow":["GET"]}}],"collection":[{"href":"https:\/\/lospoliticosveracruz.com.mx\/index.php?rest_route=\/wp\/v2\/posts"}],"about":[{"href":"https:\/\/lospoliticosveracruz.com.mx\/index.php?rest_route=\/wp\/v2\/types\/post"}],"author":[{"embeddable":true,"href":"https:\/\/lospoliticosveracruz.com.mx\/index.php?rest_route=\/wp\/v2\/users\/2"}],"replies":[{"embeddable":true,"href":"https:\/\/lospoliticosveracruz.com.mx\/index.php?rest_route=%2Fwp%2Fv2%2Fcomments&post=140305"}],"version-history":[{"count":1,"href":"https:\/\/lospoliticosveracruz.com.mx\/index.php?rest_route=\/wp\/v2\/posts\/140305\/revisions"}],"predecessor-version":[{"id":140306,"href":"https:\/\/lospoliticosveracruz.com.mx\/index.php?rest_route=\/wp\/v2\/posts\/140305\/revisions\/140306"}],"wp:featuredmedia":[{"embeddable":true,"href":"https:\/\/lospoliticosveracruz.com.mx\/index.php?rest_route=\/wp\/v2\/media\/140308"}],"wp:attachment":[{"href":"https:\/\/lospoliticosveracruz.com.mx\/index.php?rest_route=%2Fwp%2Fv2%2Fmedia&parent=140305"}],"wp:term":[{"taxonomy":"category","embeddable":true,"href":"https:\/\/lospoliticosveracruz.com.mx\/index.php?rest_route=%2Fwp%2Fv2%2Fcategories&post=140305"},{"taxonomy":"post_tag","embeddable":true,"href":"https:\/\/lospoliticosveracruz.com.mx\/index.php?rest_route=%2Fwp%2Fv2%2Ftags&post=140305"}],"curies":[{"name":"wp","href":"https:\/\/api.w.org\/{rel}","templated":true}]}}