{"id":140310,"date":"2025-03-24T09:01:04","date_gmt":"2025-03-24T15:01:04","guid":{"rendered":"https:\/\/lospoliticosveracruz.com.mx\/?p=140310"},"modified":"2025-03-24T09:01:17","modified_gmt":"2025-03-24T15:01:17","slug":"se-la-llevan-a-xcaret","status":"publish","type":"post","link":"https:\/\/lospoliticosveracruz.com.mx\/?p=140310","title":{"rendered":"SE LA LLEVAN A XCARET!"},"content":{"rendered":"\n<p><strong><a href=\"https:\/\/whatsapp.com\/channel\/0029Va8zRWlEKyZIP3Z1dF0e\">\u2002\u2002<strong>\u00danete a nuestro canal&nbsp;<\/strong>\u2002\u2002\u2002\u2002\u2002\u2002&nbsp;<\/a>\u2002\u2002\u2002\u2002\u2002\u2002&nbsp;<\/strong><\/p>\n\n\n\n<p>\u00a1<strong>LOS POL\u00cdTICOS VERACRUZ<\/strong>&nbsp;ya est\u00e1 en WhatsApp!<\/p>\n\n\n\n<p>Con un balance positivo y una afluencia de aproximadamente 250 mil personas, concluy\u00f3 Cumbre Taj\u00edn Tachan\u00e1n, la siembra para el mundo, reafirm\u00e1ndose como un referente de la identidad y tradici\u00f3n totonaca.&nbsp;&nbsp;<\/p>\n\n\n\n<p>La gobernadora Roc\u00edo Nahle Garc\u00eda destac\u00f3 la esencia cultural de esta edici\u00f3n, subrayando la importancia de rescatar y fortalecer sus ra\u00edces, \u201cfue una Cumbre con el sello cultural; era fundamental regresar a la ra\u00edz y al origen de nuestra cultura\u201d, expres\u00f3 en entrevista con Oliva Noticias.&nbsp;&nbsp;<\/p>\n\n\n\n<p>En esta edici\u00f3n, Cumbre Taj\u00edn ofreci\u00f3 m\u00e1s de190 actividades, entre ellas talleres de alfarer\u00eda, bordado, cocina tradicional y pintura, adem\u00e1s de la participaci\u00f3n de los 13 pueblos originarios, as\u00ed como representaciones de Puebla, Oaxaca, Chiapas e Hidalgo.&nbsp;&nbsp;<\/p>\n\n\n\n<p>Las noches estuvieron marcadas por espect\u00e1culos art\u00edsticos y conciertos de gran nivel, consolidando el evento como un espacio de expresi\u00f3n cultural; adem\u00e1s, su proyecci\u00f3n trascendi\u00f3 fronteras, atrayendo la atenci\u00f3n a nivel nacional e internacional.&nbsp;&nbsp;<\/p>\n\n\n\n<p>En este contexto, la secretaria de Turismo federal, Josefina Rodr\u00edguez Zamora, reconoci\u00f3 la impecable organizaci\u00f3n del festival y propuso llevar una versi\u00f3n de Cumbre Taj\u00edn a Xcaret en noviembre, adem\u00e1s de impulsar una estrategia de promoci\u00f3n en 13 pa\u00edses, ampliando el alcance de la riqueza cultural veracruzana.&nbsp;&nbsp;<\/p>\n\n\n\n<p>Por otro lado, como parte de la estrategia de promoci\u00f3n cultural, Veracruz fue el invitado especial en la Feria de Nayarit, lo que permiti\u00f3 reforzar la difusi\u00f3n de su riqueza cultural a nivel nacional.<\/p>\n","protected":false},"excerpt":{"rendered":"<p>\u2002\u2002\u00danete a nuestro canal&nbsp;\u2002\u2002\u2002\u2002\u2002\u2002&nbsp;\u2002\u2002\u2002\u2002\u2002\u2002&nbsp; \u00a1LOS POL\u00cdTICOS VERACRUZ&nbsp;ya est\u00e1 en WhatsApp! Con un balance positivo y una afluencia de aproximadamente 250 mil personas, concluy\u00f3 Cumbre Taj\u00edn Tachan\u00e1n, la siembra para el mundo, reafirm\u00e1ndose como un referente de la identidad y tradici\u00f3n totonaca.&nbsp;&nbsp; La gobernadora Roc\u00edo Nahle Garc\u00eda destac\u00f3 la esencia cultural de esta edici\u00f3n, subrayando la [&hellip;]<\/p>\n","protected":false},"author":2,"featured_media":140311,"comment_status":"closed","ping_status":"closed","sticky":false,"template":"","format":"standard","meta":{"_jetpack_newsletter_access":"","_jetpack_dont_email_post_to_subs":false,"_jetpack_newsletter_tier_id":0,"_jetpack_memberships_contains_paywalled_content":false,"_jetpack_memberships_contains_paid_content":false,"footnotes":""},"categories":[73],"tags":[2153,1026,3578,195],"class_list":["post-140310","post","type-post","status-publish","format-standard","has-post-thumbnail","hentry","category-de-boleto","tag-cumbre-tajin","tag-morena","tag-rocio-nahle","tag-veracruz"],"jetpack_featured_media_url":"https:\/\/lospoliticosveracruz.com.mx\/wp-content\/uploads\/2025\/03\/Nahle-2.jpg","jetpack_sharing_enabled":true,"jetpack_shortlink":"https:\/\/wp.me\/p4Qcd3-Av4","_links":{"self":[{"href":"https:\/\/lospoliticosveracruz.com.mx\/index.php?rest_route=\/wp\/v2\/posts\/140310","targetHints":{"allow":["GET"]}}],"collection":[{"href":"https:\/\/lospoliticosveracruz.com.mx\/index.php?rest_route=\/wp\/v2\/posts"}],"about":[{"href":"https:\/\/lospoliticosveracruz.com.mx\/index.php?rest_route=\/wp\/v2\/types\/post"}],"author":[{"embeddable":true,"href":"https:\/\/lospoliticosveracruz.com.mx\/index.php?rest_route=\/wp\/v2\/users\/2"}],"replies":[{"embeddable":true,"href":"https:\/\/lospoliticosveracruz.com.mx\/index.php?rest_route=%2Fwp%2Fv2%2Fcomments&post=140310"}],"version-history":[{"count":1,"href":"https:\/\/lospoliticosveracruz.com.mx\/index.php?rest_route=\/wp\/v2\/posts\/140310\/revisions"}],"predecessor-version":[{"id":140312,"href":"https:\/\/lospoliticosveracruz.com.mx\/index.php?rest_route=\/wp\/v2\/posts\/140310\/revisions\/140312"}],"wp:featuredmedia":[{"embeddable":true,"href":"https:\/\/lospoliticosveracruz.com.mx\/index.php?rest_route=\/wp\/v2\/media\/140311"}],"wp:attachment":[{"href":"https:\/\/lospoliticosveracruz.com.mx\/index.php?rest_route=%2Fwp%2Fv2%2Fmedia&parent=140310"}],"wp:term":[{"taxonomy":"category","embeddable":true,"href":"https:\/\/lospoliticosveracruz.com.mx\/index.php?rest_route=%2Fwp%2Fv2%2Fcategories&post=140310"},{"taxonomy":"post_tag","embeddable":true,"href":"https:\/\/lospoliticosveracruz.com.mx\/index.php?rest_route=%2Fwp%2Fv2%2Ftags&post=140310"}],"curies":[{"name":"wp","href":"https:\/\/api.w.org\/{rel}","templated":true}]}}