{"id":140637,"date":"2025-03-27T19:27:56","date_gmt":"2025-03-28T01:27:56","guid":{"rendered":"https:\/\/lospoliticosveracruz.com.mx\/?p=140637"},"modified":"2025-03-27T19:28:14","modified_gmt":"2025-03-28T01:28:14","slug":"luis-arturo-chambea-en-acajete","status":"publish","type":"post","link":"https:\/\/lospoliticosveracruz.com.mx\/?p=140637","title":{"rendered":"LUIS ARTURO CHAMBEA EN ACAJETE!"},"content":{"rendered":"\n<p><a><\/a><a href=\"https:\/\/whatsapp.com\/channel\/0029Va8zRWlEKyZIP3Z1dF0e\"><strong>\u2002\u2002<\/strong><strong>\u00da<\/strong><strong>NETE A NUESTRO CANAL<\/strong><strong><\/strong><\/a><\/p>\n\n\n\n<p>\u00a1<a href=\"https:\/\/whatsapp.com\/channel\/0029Va8zRWlEKyZIP3Z1dF0e\"><strong>LOS POL\u00cd<\/strong><strong>TICOS VERACRUZ<\/strong><\/a> ya est\u00e1 en WhatsApp!<\/p>\n\n\n\n<p>Acajete: Con la d\u00e9cima edici\u00f3n de la Caravana de Servicios en Acajete, la Secretar\u00eda de Trabajo, Previsi\u00f3n Social y Productividad (STPSP) brind\u00f3 orientaci\u00f3n laboral, reclutamientos, capacitaciones y promoci\u00f3n de los derechos de los trabajadores.<\/p>\n\n\n\n<p>Con la colaboraci\u00f3n del Servicio Nacional de Empleo, presentaron 85 vacantes en diversas empresas, dentro del programa de Movilidad Laboral 40 de enfermer\u00eda en Alemania y 570 espacios para jornaleros en Baja California, Jalisco y Guanajuato, con la empresa Bioparques ofreciendo trasladar a las familias completas.<\/p>\n\n\n\n<p>El titular de la dependencia, Luis Arturo Santiago Mart\u00ednez, resalt\u00f3 la importancia de aproximar a la ciudadan\u00eda trabajos seguros y bien remunerados, y garantizar herramientas clave para el desarrollo profesional y autoempleo, por ello a trav\u00e9s del Instituto de Capacitaci\u00f3n para el Trabajo, pone a disposici\u00f3n m\u00e1s de 200 cursos.<\/p>\n\n\n\n<p>Con acciones como esta, la STPSP refrenda su compromiso de acercar las oportunidades de empleo y garant\u00eda de derechos a las y los veracruzanos, fortaleciendo la inclusi\u00f3n y el desarrollo laboral en el estado.<\/p>\n\n\n\n<p><\/p>\n","protected":false},"excerpt":{"rendered":"<p>\u2002\u2002\u00daNETE A NUESTRO CANAL \u00a1LOS POL\u00cdTICOS VERACRUZ ya est\u00e1 en WhatsApp! Acajete: Con la d\u00e9cima edici\u00f3n de la Caravana de Servicios en Acajete, la Secretar\u00eda de Trabajo, Previsi\u00f3n Social y Productividad (STPSP) brind\u00f3 orientaci\u00f3n laboral, reclutamientos, capacitaciones y promoci\u00f3n de los derechos de los trabajadores. Con la colaboraci\u00f3n del Servicio Nacional de Empleo, presentaron 85 [&hellip;]<\/p>\n","protected":false},"author":2,"featured_media":140638,"comment_status":"closed","ping_status":"closed","sticky":false,"template":"","format":"standard","meta":{"_jetpack_newsletter_access":"","_jetpack_dont_email_post_to_subs":false,"_jetpack_newsletter_tier_id":0,"_jetpack_memberships_contains_paywalled_content":false,"_jetpack_memberships_contains_paid_content":false,"footnotes":""},"categories":[73],"tags":[10888,42541],"class_list":["post-140637","post","type-post","status-publish","format-standard","has-post-thumbnail","hentry","category-de-boleto","tag-stpsp","tag-stpsp-en-veracruz"],"jetpack_featured_media_url":"https:\/\/lospoliticosveracruz.com.mx\/wp-content\/uploads\/2025\/03\/WhatsApp-Image-2025-03-27-at-7.25.44-PM.jpeg","jetpack_sharing_enabled":true,"jetpack_shortlink":"https:\/\/wp.me\/p4Qcd3-AAl","_links":{"self":[{"href":"https:\/\/lospoliticosveracruz.com.mx\/index.php?rest_route=\/wp\/v2\/posts\/140637","targetHints":{"allow":["GET"]}}],"collection":[{"href":"https:\/\/lospoliticosveracruz.com.mx\/index.php?rest_route=\/wp\/v2\/posts"}],"about":[{"href":"https:\/\/lospoliticosveracruz.com.mx\/index.php?rest_route=\/wp\/v2\/types\/post"}],"author":[{"embeddable":true,"href":"https:\/\/lospoliticosveracruz.com.mx\/index.php?rest_route=\/wp\/v2\/users\/2"}],"replies":[{"embeddable":true,"href":"https:\/\/lospoliticosveracruz.com.mx\/index.php?rest_route=%2Fwp%2Fv2%2Fcomments&post=140637"}],"version-history":[{"count":1,"href":"https:\/\/lospoliticosveracruz.com.mx\/index.php?rest_route=\/wp\/v2\/posts\/140637\/revisions"}],"predecessor-version":[{"id":140639,"href":"https:\/\/lospoliticosveracruz.com.mx\/index.php?rest_route=\/wp\/v2\/posts\/140637\/revisions\/140639"}],"wp:featuredmedia":[{"embeddable":true,"href":"https:\/\/lospoliticosveracruz.com.mx\/index.php?rest_route=\/wp\/v2\/media\/140638"}],"wp:attachment":[{"href":"https:\/\/lospoliticosveracruz.com.mx\/index.php?rest_route=%2Fwp%2Fv2%2Fmedia&parent=140637"}],"wp:term":[{"taxonomy":"category","embeddable":true,"href":"https:\/\/lospoliticosveracruz.com.mx\/index.php?rest_route=%2Fwp%2Fv2%2Fcategories&post=140637"},{"taxonomy":"post_tag","embeddable":true,"href":"https:\/\/lospoliticosveracruz.com.mx\/index.php?rest_route=%2Fwp%2Fv2%2Ftags&post=140637"}],"curies":[{"name":"wp","href":"https:\/\/api.w.org\/{rel}","templated":true}]}}