{"id":140642,"date":"2025-03-27T20:45:00","date_gmt":"2025-03-28T02:45:00","guid":{"rendered":"https:\/\/lospoliticosveracruz.com.mx\/?p=140642"},"modified":"2025-03-27T20:12:35","modified_gmt":"2025-03-28T02:12:35","slug":"empoderados","status":"publish","type":"post","link":"https:\/\/lospoliticosveracruz.com.mx\/?p=140642","title":{"rendered":"EMPODERADOS"},"content":{"rendered":"\n<p><a><\/a><a href=\"https:\/\/whatsapp.com\/channel\/0029Va8zRWlEKyZIP3Z1dF0e\"><strong>\u2002\u2002<\/strong><strong>\u00da<\/strong><strong>NETE A NUESTRO CANAL<\/strong><strong><\/strong><\/a><\/p>\n\n\n\n<p>\u00a1<a href=\"https:\/\/whatsapp.com\/channel\/0029Va8zRWlEKyZIP3Z1dF0e\"><strong>LOS POL\u00cd<\/strong><strong>TICOS VERACRUZ<\/strong><\/a> ya est\u00e1 en WhatsApp!<\/p>\n\n\n\n<p><\/p>\n\n\n\n<p><strong>Guadalupe H. Mar<br><\/strong><em>Mira Pol\u00edtica<\/em><\/p>\n\n\n\n<p><\/p>\n\n\n\n<p><strong>LOS MONTACHOQUES <\/strong>\u2026 Tal parece amables lectoras y lectores que el municipio de Veracruz puerto es el que m\u00e1s les ha gustado a los denominados \u201cmontachoques\u201d, pues casi diariamente recibimos m\u00e1s que la queja, la lamentaci\u00f3n de amigos y conocidos a los que estos delincuentes organizados los extorsionan con el cuento de que golpearon sus veh\u00edculos.<br>No crean que estos supuestos accidentes solo se suceden en la zona centro de la ciudad de Veracruz, no que va, tambi\u00e9n se suceden en la zona de los mercados.<br>Nos reportan que, en Hidalgo y Cort\u00e9s, un ciudadano estaba estacionando su autom\u00f3vil en reversa, cuidando a los autos contiguos, cuando de repente sinti\u00f3 que la defensa de su veh\u00edculo hab\u00eda golpeado algo, lo que hace suponer que el \u201cmontachoques\u201d se adelant\u00f3 para que lo golpearan.<br>All\u00ed, ante tanta gente que acude a la zona de los mercados, el delincuente baj\u00f3 de su auto y empez\u00f3 a gritarle al ciudadano quien mantuvo la calma, no baj\u00f3 de su veh\u00edculo, mientras llamaba a su aseguradora.<br>Eso molest\u00f3 al \u201cmontachoques\u201d quien se colg\u00f3 del espejo retrovisor del veh\u00edculo que supuestamente le peg\u00f3 al suyo, hasta arrancarlo.<br>Los montachoques son conductores que forman parte en muchos de los casos, de grupos delictivos, que provocan accidentes viales intencionalmente para extorsionar y \u201csacarle dinero\u201d al otro conductor involucrado en el supuesto percance, exigiendo dinero en efectivo, tel\u00e9fonos celulares o alguna otra compensaci\u00f3n para no golpearlo o hacerle da\u00f1o.<br>El esc\u00e1ndalo fue may\u00fasculo, varias personas atestiguaron el hecho sucedido en la zona de mercados del puerto de Veracruz, pero nadie intervino y la pregunta que qued\u00f3 en el aire y sigue por los cielos, es \u00bfd\u00f3nde est\u00e1 la polic\u00eda municipal?<br>Efectivamente, en la zona bonita y tur\u00edstica.<br><strong>\u00bfLO EST\u00c1N OYENDO? \u2026 <\/strong>Vaya con el coordinador de la Comisi\u00f3n Ejecutiva Estatal del Partido del Trabajo, Vicente Aguilar Aguilar, quien desestim\u00f3 la renuncia de Anell Acevedo Castellanos, a la candidatura del PT por la Alcald\u00eda de La Antigua, tras presuntamente haber recibido amenazas de muerte.<br>Solidario a su ranchera manera de ver las cosas, el representante del PT en Veracruz consider\u00f3 que las amenazas de muerte para quien ser\u00eda la candidata petista al ayuntamiento de La Antigua, es un hecho aislado.<br>Sin poder contener el llanto, la aspirante del Partido del Trabajo a la alcald\u00eda municipal de La Antigua, emiti\u00f3 un mensaje a trav\u00e9s de sus redes sociales, explicando los motivos de su dimisi\u00f3n, \u00abPor cuidar mi integridad decido hacer caso a esas sugerencias. En este momento me bajo de la contienda; no participar\u00e9 por ning\u00fan partido pol\u00edtico. No me interesa\u00bb, asegur\u00f3 luego de ser amenazada de muerte y con hacerle da\u00f1o a su familia, si no renunciaba a su pretensi\u00f3n de ser abanderada del PT a la alcald\u00eda de La Antigua.<br><strong>LA DUDA MATA \u2026<\/strong> Aun cuando la Fiscal\u00eda General del estado de Veracruz les notific\u00f3 a sus familias del hallazgo de los restos mortales de los cinco j\u00f3venes que en julio de 2020 fueron secuestrados en un \u201cbotanero\u201d de la localidad de Palo Gacho del municipio de Emiliano Zapata, la Fgever no ha dado m\u00e1s detalles del hecho, lo que obviamente genera incertidumbre.<br>Integrantes del Colectivo Familiares Enlaces Xalapa, organizaci\u00f3n dedicada a la b\u00fasqueda de desaparecidos en el estado de Veracruz, fueron quienes dieron a conocer del informe de la Fiscal\u00eda General del estado, que no ha dado detalles del hallazgo.<br>Los cinco j\u00f3venes que fueron privados de su libertad hace casi cinco a\u00f1os, muy cerca de Xalapa, eran Marcos Javier Reyes Castillo, Iv\u00e1n Aurelio Aguilar Villa, Iv\u00e1n de Jes\u00fas Sosa Lagunes, Mario Figueroa Dom\u00ednguez y Cedrik Abdiel Ram\u00edrez Aguilar.<br><strong>VAYAN AGENDANDO \u2026<\/strong>La Sociedad Interamericana de Prensa (SIP), hace la invitaci\u00f3n para su asamblea de medio a\u00f1o que se llevar\u00e1 a cabo virtualmente, a trav\u00e9s de la plataforma Zoom, los d\u00edas 24 y 25 de abril de 9:30 a 14:30 horas.<br>Este encuentro virtual contar\u00e1 con las intervenciones, entre otros destacados ponentes, de Julie Pace, directora ejecutiva y vicepresidenta senior de la agencia de noticias The Associated Press (AP); Catalina Botero Marino, ex Relatora para la Libertad de Expresi\u00f3n de la Comisi\u00f3n Internacional de Derechos Humanos (CIDH); la ex presidente de Costa Rica, Laura Chinchilla y Courtney Radsch, directora del Centro para el Periodismo y la Libertad en Estados Unidos.<br>Las sesiones ser\u00e1n lideradas por Jos\u00e9 Roberto Dutriz, presidente de la SIP, CEO y director general de La Prensa Gr\u00e1fica, El Salvador y por Carlos Jornet, vicepresidente segundo, presidente de la Comisi\u00f3n de Libertad de Prensa e Informaci\u00f3n y director de La Voz del Interior, Argentina.<br>Advierte la SIP en su invitaci\u00f3n a esta asamblea de medio a\u00f1o, que la libertad de prensa en las am\u00e9ricas enfrenta una creciente presi\u00f3n en un contexto de avances autoritarios, desde las amenazas al periodismo en Estados Unidos bajo la influencia de Donald Trump hasta los desaf\u00edos en Argentina, con el gobierno de Javier Milei.<br>Los interesados en participar en esta asamblea de la Sociedad Interamericana de Prensa, pueden hacerlo en la siguiente liga: <strong><em><a href=\"https:\/\/surl.li\/yvcjix\">https:\/\/surl.li\/yvcjix<\/a><\/em><\/strong><br>D\u00cdGALO SIN MIEDO \u2026 A correo electr\u00f3nico guadalupehmar@gmail.com<\/p>\n","protected":false},"excerpt":{"rendered":"<p>\u2002\u2002\u00daNETE A NUESTRO CANAL \u00a1LOS POL\u00cdTICOS VERACRUZ ya est\u00e1 en WhatsApp! Guadalupe H. MarMira Pol\u00edtica LOS MONTACHOQUES \u2026 Tal parece amables lectoras y lectores que el municipio de Veracruz puerto es el que m\u00e1s les ha gustado a los denominados \u201cmontachoques\u201d, pues casi diariamente recibimos m\u00e1s que la queja, la lamentaci\u00f3n de amigos y conocidos [&hellip;]<\/p>\n","protected":false},"author":2,"featured_media":119929,"comment_status":"closed","ping_status":"closed","sticky":false,"template":"","format":"standard","meta":{"_jetpack_newsletter_access":"","_jetpack_dont_email_post_to_subs":false,"_jetpack_newsletter_tier_id":0,"_jetpack_memberships_contains_paywalled_content":false,"_jetpack_memberships_contains_paid_content":false,"footnotes":""},"categories":[70],"tags":[43384,42692,2326,20254],"class_list":["post-140642","post","type-post","status-publish","format-standard","has-post-thumbnail","hentry","category-de-opinion","tag-colectivo-familiares-enlaces-xalapa","tag-montachoques","tag-partido-del-trabajo","tag-vicente-aguilar-aguilar"],"jetpack_featured_media_url":"https:\/\/lospoliticosveracruz.com.mx\/wp-content\/uploads\/2024\/03\/Lupita-Mar.jpg","jetpack_sharing_enabled":true,"jetpack_shortlink":"https:\/\/wp.me\/p4Qcd3-AAq","_links":{"self":[{"href":"https:\/\/lospoliticosveracruz.com.mx\/index.php?rest_route=\/wp\/v2\/posts\/140642","targetHints":{"allow":["GET"]}}],"collection":[{"href":"https:\/\/lospoliticosveracruz.com.mx\/index.php?rest_route=\/wp\/v2\/posts"}],"about":[{"href":"https:\/\/lospoliticosveracruz.com.mx\/index.php?rest_route=\/wp\/v2\/types\/post"}],"author":[{"embeddable":true,"href":"https:\/\/lospoliticosveracruz.com.mx\/index.php?rest_route=\/wp\/v2\/users\/2"}],"replies":[{"embeddable":true,"href":"https:\/\/lospoliticosveracruz.com.mx\/index.php?rest_route=%2Fwp%2Fv2%2Fcomments&post=140642"}],"version-history":[{"count":1,"href":"https:\/\/lospoliticosveracruz.com.mx\/index.php?rest_route=\/wp\/v2\/posts\/140642\/revisions"}],"predecessor-version":[{"id":140643,"href":"https:\/\/lospoliticosveracruz.com.mx\/index.php?rest_route=\/wp\/v2\/posts\/140642\/revisions\/140643"}],"wp:featuredmedia":[{"embeddable":true,"href":"https:\/\/lospoliticosveracruz.com.mx\/index.php?rest_route=\/wp\/v2\/media\/119929"}],"wp:attachment":[{"href":"https:\/\/lospoliticosveracruz.com.mx\/index.php?rest_route=%2Fwp%2Fv2%2Fmedia&parent=140642"}],"wp:term":[{"taxonomy":"category","embeddable":true,"href":"https:\/\/lospoliticosveracruz.com.mx\/index.php?rest_route=%2Fwp%2Fv2%2Fcategories&post=140642"},{"taxonomy":"post_tag","embeddable":true,"href":"https:\/\/lospoliticosveracruz.com.mx\/index.php?rest_route=%2Fwp%2Fv2%2Ftags&post=140642"}],"curies":[{"name":"wp","href":"https:\/\/api.w.org\/{rel}","templated":true}]}}