{"id":140729,"date":"2025-03-28T20:47:44","date_gmt":"2025-03-29T02:47:44","guid":{"rendered":"https:\/\/lospoliticosveracruz.com.mx\/?p=140729"},"modified":"2025-03-28T20:48:05","modified_gmt":"2025-03-29T02:48:05","slug":"el-cisne-por-tuxpan","status":"publish","type":"post","link":"https:\/\/lospoliticosveracruz.com.mx\/?p=140729","title":{"rendered":"EL CISNE, POR TUXPAN!"},"content":{"rendered":"\n<p><a href=\"https:\/\/whatsapp.com\/channel\/0029Va8zRWlEKyZIP3Z1dF0e\"><strong>\u2002\u2002<\/strong><strong>\u00danete a nuestro canal&nbsp;<\/strong><strong>\u2002\u2002\u2002\u2002\u2002\u2002&nbsp;<\/strong><\/a><strong>\u2002\u2002\u2002\u2002\u2002\u2002&nbsp;<\/strong><\/p>\n\n\n\n<p>\u00a1<strong>LOS POL\u00cdTICOS VERACRUZ<\/strong>&nbsp;ya est\u00e1 en WhatsApp!<\/p>\n\n\n\n<p><\/p>\n\n\n\n<p>El dirigente estatal del Partido Verde Ecologista de M\u00e9xico (PVEM) en Veracruz, Edgar Herrera Lendechy, anunci\u00f3 hoy importantes designaciones de promotoras y promotores de la Transformaci\u00f3n Verde en diversos municipios del estado.<\/p>\n\n\n\n<p>Estas designaciones tienen como objetivo fortalecer la presencia y el trabajo del Partido Verde en el territorio veracruzano, impulsando la agenda ambiental y sumando voluntades al proyecto de transformaci\u00f3n que vive el estado y el pa\u00eds.<\/p>\n\n\n\n<p>Entre los nombramientos realizados este viernes 28 de marzo se encuentran:<\/p>\n\n\n\n<ul class=\"wp-block-list\">\n<li>X\u00f3chitl del Carmen Pascual Sagrero para el municipio de Soteapan.<\/li>\n\n\n\n<li>Alberto Silva Ramos para el municipio de Tuxpan.<\/li>\n\n\n\n<li>David Velasco Hern\u00e1ndez para el municipio de Tlacolulan.<\/li>\n\n\n\n<li>Jos\u00e9 Antonio Bello Ram\u00edrez para el municipio de Jos\u00e9 Azueta.<\/li>\n<\/ul>\n\n\n\n<p>Estos nuevos promotores se suman a Manuel Morales Rodr\u00edguez en Vega de la Torre (designado el 24 de marzo) y Martiza Itzel Guti\u00e9rrez Le\u00f3n en Puente Nacional (designada el 25 de marzo), quienes ya est\u00e1n trabajando activamente en sus respectivos territorios.<\/p>\n\n\n\n<p>El l\u00edder estatal del Partido Verde hizo un llamado a todas y todos los promotores a redoblar esfuerzos, escuchando de cerca las necesidades de las comunidades y trabajando de la mano con la ciudadan\u00eda para construir un M\u00e9xico y un Veracruz m\u00e1s verde.<\/p>\n\n\n\n<p>Herrera Lendechy destac\u00f3 que las y los promotores y coordinadores de la transformaci\u00f3n verde est\u00e1n realizando una labor fundamental al sumar afiliaciones al partido y al contar con un valioso capital humano convencido del rumbo que marcan la presidenta Claudia Sheinbaum y la gobernadora Roc\u00edo Nahle.<\/p>\n\n\n\n<p>\u00a1El futuro de la 4T es verde!<\/p>\n","protected":false},"excerpt":{"rendered":"<p>\u2002\u2002\u00danete a nuestro canal&nbsp;\u2002\u2002\u2002\u2002\u2002\u2002&nbsp;\u2002\u2002\u2002\u2002\u2002\u2002&nbsp; \u00a1LOS POL\u00cdTICOS VERACRUZ&nbsp;ya est\u00e1 en WhatsApp! El dirigente estatal del Partido Verde Ecologista de M\u00e9xico (PVEM) en Veracruz, Edgar Herrera Lendechy, anunci\u00f3 hoy importantes designaciones de promotoras y promotores de la Transformaci\u00f3n Verde en diversos municipios del estado. Estas designaciones tienen como objetivo fortalecer la presencia y el trabajo del Partido [&hellip;]<\/p>\n","protected":false},"author":2,"featured_media":140730,"comment_status":"closed","ping_status":"closed","sticky":false,"template":"","format":"standard","meta":{"_jetpack_newsletter_access":"","_jetpack_dont_email_post_to_subs":false,"_jetpack_newsletter_tier_id":0,"_jetpack_memberships_contains_paywalled_content":false,"_jetpack_memberships_contains_paid_content":false,"footnotes":""},"categories":[73],"tags":[41751,264],"class_list":["post-140729","post","type-post","status-publish","format-standard","has-post-thumbnail","hentry","category-de-boleto","tag-edgar-herrera-lendechy","tag-pvem"],"jetpack_featured_media_url":"https:\/\/lospoliticosveracruz.com.mx\/wp-content\/uploads\/2025\/03\/WhatsApp-Image-2025-03-28-at-8.45.03-PM.jpeg","jetpack_sharing_enabled":true,"jetpack_shortlink":"https:\/\/wp.me\/p4Qcd3-ABP","_links":{"self":[{"href":"https:\/\/lospoliticosveracruz.com.mx\/index.php?rest_route=\/wp\/v2\/posts\/140729","targetHints":{"allow":["GET"]}}],"collection":[{"href":"https:\/\/lospoliticosveracruz.com.mx\/index.php?rest_route=\/wp\/v2\/posts"}],"about":[{"href":"https:\/\/lospoliticosveracruz.com.mx\/index.php?rest_route=\/wp\/v2\/types\/post"}],"author":[{"embeddable":true,"href":"https:\/\/lospoliticosveracruz.com.mx\/index.php?rest_route=\/wp\/v2\/users\/2"}],"replies":[{"embeddable":true,"href":"https:\/\/lospoliticosveracruz.com.mx\/index.php?rest_route=%2Fwp%2Fv2%2Fcomments&post=140729"}],"version-history":[{"count":2,"href":"https:\/\/lospoliticosveracruz.com.mx\/index.php?rest_route=\/wp\/v2\/posts\/140729\/revisions"}],"predecessor-version":[{"id":140732,"href":"https:\/\/lospoliticosveracruz.com.mx\/index.php?rest_route=\/wp\/v2\/posts\/140729\/revisions\/140732"}],"wp:featuredmedia":[{"embeddable":true,"href":"https:\/\/lospoliticosveracruz.com.mx\/index.php?rest_route=\/wp\/v2\/media\/140730"}],"wp:attachment":[{"href":"https:\/\/lospoliticosveracruz.com.mx\/index.php?rest_route=%2Fwp%2Fv2%2Fmedia&parent=140729"}],"wp:term":[{"taxonomy":"category","embeddable":true,"href":"https:\/\/lospoliticosveracruz.com.mx\/index.php?rest_route=%2Fwp%2Fv2%2Fcategories&post=140729"},{"taxonomy":"post_tag","embeddable":true,"href":"https:\/\/lospoliticosveracruz.com.mx\/index.php?rest_route=%2Fwp%2Fv2%2Ftags&post=140729"}],"curies":[{"name":"wp","href":"https:\/\/api.w.org\/{rel}","templated":true}]}}