{"id":140733,"date":"2025-03-29T07:26:57","date_gmt":"2025-03-29T13:26:57","guid":{"rendered":"https:\/\/lospoliticosveracruz.com.mx\/?p=140733"},"modified":"2025-03-29T07:27:47","modified_gmt":"2025-03-29T13:27:47","slug":"apenas-unas-flores","status":"publish","type":"post","link":"https:\/\/lospoliticosveracruz.com.mx\/?p=140733","title":{"rendered":"APENAS UNAS FLORES\u2026"},"content":{"rendered":"\n<p>[S\u00edguenos ahora tambi\u00e9n en WhatsApp.\u00a0<a href=\"https:\/\/whatsapp.com\/channel\/0029Va8zRWlEKyZIP3Z1dF0e\"><strong><em>Da clic aqu\u00ed<\/em><\/strong><\/a>]\u00a0<br><strong>Oved Contreras<\/strong><\/p>\n\n\n\n<p><em>Secas Mecas<\/em><\/p>\n\n\n\n<p>El titular de la Secretar\u00eda de Seguridad P\u00fablica, el marino Alfonso Reyes Garc\u00e9s, no lleg\u00f3 al velorio para darle el p\u00e9same a las familias de los polic\u00edas asesinados en la emboscada de Vega de Alatorre. No tuvo tiempo para eso, hab\u00eda cosas m\u00e1s importantes que hacer, y en cambio mand\u00f3 \u00abun pobre ramo\u00bb de flores a los velorios.<\/p>\n\n\n\n<p>De la tercera y cuarta v\u00edctima hay total hermetismo de las autoridades\u2026se supo que el elemento que fue levantado por el comando armado, Octavio Utrera, apareci\u00f3 m\u00e1s tarde en una comunidad cercana a Nautla, con huellas de tortura y varios impactos de bala\u2026pero oficialmente no hay comunicado que lo confirme.<\/p>\n\n\n\n<p>Por eso la tropa se siente poco respaldada por los altos mandos en Seguridad P\u00fablica\u2026esto es una muestra de lo que le importa al titular Alfonso Reyes Garc\u00e9s, el bienestar de los elementos de la polic\u00eda estatal\u2026por eso muchos empezaron a renunciar ante la escalada de violencia que vive el estado.<\/p>\n\n\n\n<p>Tampoco se sabe si la dependencia har\u00e1 efectiva la indemnizaci\u00f3n que tienen derecho las familias de los polic\u00edas ca\u00eddos en cumplimiento de su deber\u2026porque hay denuncias de trabajadores que murieron por Covid que tampoco recibieron ning\u00fan tipo de apoyo del gobierno estatal\u2026incluso hay casos de hijos de polic\u00edas fallecidos que les quitaron las becas en el gobierno de Cuitl\u00e1huac Garc\u00eda.<\/p>\n\n\n\n<p>Anayeli Reyes Mart\u00ednez, de 31 a\u00f1os, la polic\u00eda estatal que fue asesinada en una emboscada el mi\u00e9rcoles en la autopista Cardel-Poza Rica, fue despedida este viernes por familiares y amigos en su natal Oteapan. La uniformada llevaba 2 a\u00f1os en la corporaci\u00f3n y el d\u00eda de su muerte estaba de permiso junto a otro compa\u00f1ero que tambi\u00e9n perdi\u00f3 la vida.<\/p>\n\n\n\n<p>Anayeli dej\u00f3 en la orfandad a una menor de 6 a\u00f1os, adem\u00e1s de su madre, de quien era responsable econ\u00f3micamente. La familia, que exige justicia y apoyo del gobierno estatal, se enter\u00f3 del deceso a trav\u00e9s de las redes sociales y posteriormente personal de la Secretar\u00eda de Seguridad P\u00fablica (SSP) acudi\u00f3 al domicilio en Oteapan para confirmarles su muerte.<\/p>\n\n\n\n<p>HABR\u00c1 DI\u00c1LOGO EN SAYULA\u2026son muchos a\u00f1os de conflicto en Sayula de Alem\u00e1n, entre la alcaldesa Lorena S\u00e1nchez Vargas y los miembros del Cabildo\u2026pero parece que alguien no ha hecho bien la tarea\u2026el s\u00edndico y regidores, junto con sus respectivos suplentes, presentaron su renuncia la noche del mi\u00e9rcoles ante el Congreso del Estado.<\/p>\n\n\n\n<p>En el documento que entregaron se\u00f1alan malos manejos de los recursos p\u00fablicos por parte de la alcaldesa. Los funcionarios entregaron personalmente su dimisi\u00f3n a la Mesa Directiva del Congreso, encabezada por la diputada Tanya Carola Viveros, lo que abre la posibilidad de que se nombre un Consejo Municipal para asumir la administraci\u00f3n local, lo que resta del a\u00f1o.<\/p>\n\n\n\n<p>El presidente de la Junta de Coordinaci\u00f3n Pol\u00edtica del Congreso, Tebi Bautista, confirm\u00f3 que<\/p>\n\n\n\n<p>instalar\u00e1n una mesa de di\u00e1logo con las partes en conflicto para encontrar una soluci\u00f3n, para evitar que se genere un conflicto pol\u00edtico y social, y buscar que no haya afectaciones a la poblaci\u00f3n de Sayula de Alem\u00e1n.<\/p>\n\n\n\n<p>Dijo tener conocimiento de la renuncia de los regidores y el s\u00edndico, junto con sus suplentes pero que habr\u00e1 de reunirse con ellos la pr\u00f3xima semana, para conocer a fondo el tema e iniciar una negociaci\u00f3n con ellos\u2026apremia el tiempo porque se vienen las campa\u00f1as electorales y puede detonar en un conflicto mayor en medio del proceso electoral como puede ser la toma de un palacio municipal, que afectar\u00e1 a la ciudadan\u00eda.<\/p>\n\n\n\n<p>NO LO QUIEREN EN SAN RAFAEL\u2026un grupo de morenistas encabezados por Rufino Ramiro Franco, fundador de MORENA en el municipio de San Rafael, se manifest\u00f3 ayer en la ciudad de M\u00e9xico para exigirle a su l\u00edder nacional Luisa Mar\u00eda Alcalde Luj\u00e1n, desista demandar como candidato a la presidencia municipal a un agresor de mujeres.<\/p>\n\n\n\n<p>Acompa\u00f1ado de la base de MORENA, tambi\u00e9n lament\u00f3 que la gobernadora Roc\u00edo Nahle Garc\u00eda, permita que Gil Armando M\u00e9ndez Grappin, sea el candidato del movimiento en ese municipio, donde aseguran, los verdaderos morenistas, los que siguen los principios de no robar, no traicionar, y no mentir, no van a votar por este sujeto.<\/p>\n\n\n\n<p>Los morenistas de San Rafael no descartan manifestarse en la ciudad de Xalapa, as\u00ed como tambi\u00e9n piden a los sanrafaelenses no caer en las mentiras de Gil Armando M\u00e9ndez Grappin, el cual ha solicitado a su gente m\u00e1s allegada lanzar una serie de injurias en sus redes sociales en contra de sus adversarios morenistas que saben sus verdades.<\/p>\n\n\n\n<p>Aclararon los quejosos que en esta ocasi\u00f3n sus protestas fueron en la sede nacional, que no descartan continuarlas en Plaza Lerdo frente a Palacio de Gobierno, y frente a la plaza constituci\u00f3n donde est\u00e1 el Palacio de Gobierno de la doctora Claudia Sheinbaum Pardo.<\/p>\n","protected":false},"excerpt":{"rendered":"<p>[S\u00edguenos ahora tambi\u00e9n en WhatsApp.\u00a0Da clic aqu\u00ed]\u00a0Oved Contreras Secas Mecas El titular de la Secretar\u00eda de Seguridad P\u00fablica, el marino Alfonso Reyes Garc\u00e9s, no lleg\u00f3 al velorio para darle el p\u00e9same a las familias de los polic\u00edas asesinados en la emboscada de Vega de Alatorre. No tuvo tiempo para eso, hab\u00eda cosas m\u00e1s importantes que [&hellip;]<\/p>\n","protected":false},"author":2,"featured_media":119816,"comment_status":"closed","ping_status":"closed","sticky":false,"template":"","format":"standard","meta":{"_jetpack_newsletter_access":"","_jetpack_dont_email_post_to_subs":false,"_jetpack_newsletter_tier_id":0,"_jetpack_memberships_contains_paywalled_content":false,"_jetpack_memberships_contains_paid_content":false,"footnotes":""},"categories":[70],"tags":[1563,1026,3578,177,195],"class_list":["post-140733","post","type-post","status-publish","format-standard","has-post-thumbnail","hentry","category-de-opinion","tag-cuitlahuac-garcia-jimenez","tag-morena","tag-rocio-nahle","tag-seguridad-publica","tag-veracruz"],"jetpack_featured_media_url":"https:\/\/lospoliticosveracruz.com.mx\/wp-content\/uploads\/2024\/03\/Oved-Contreras.jpg","jetpack_sharing_enabled":true,"jetpack_shortlink":"https:\/\/wp.me\/p4Qcd3-ABT","_links":{"self":[{"href":"https:\/\/lospoliticosveracruz.com.mx\/index.php?rest_route=\/wp\/v2\/posts\/140733","targetHints":{"allow":["GET"]}}],"collection":[{"href":"https:\/\/lospoliticosveracruz.com.mx\/index.php?rest_route=\/wp\/v2\/posts"}],"about":[{"href":"https:\/\/lospoliticosveracruz.com.mx\/index.php?rest_route=\/wp\/v2\/types\/post"}],"author":[{"embeddable":true,"href":"https:\/\/lospoliticosveracruz.com.mx\/index.php?rest_route=\/wp\/v2\/users\/2"}],"replies":[{"embeddable":true,"href":"https:\/\/lospoliticosveracruz.com.mx\/index.php?rest_route=%2Fwp%2Fv2%2Fcomments&post=140733"}],"version-history":[{"count":2,"href":"https:\/\/lospoliticosveracruz.com.mx\/index.php?rest_route=\/wp\/v2\/posts\/140733\/revisions"}],"predecessor-version":[{"id":140735,"href":"https:\/\/lospoliticosveracruz.com.mx\/index.php?rest_route=\/wp\/v2\/posts\/140733\/revisions\/140735"}],"wp:featuredmedia":[{"embeddable":true,"href":"https:\/\/lospoliticosveracruz.com.mx\/index.php?rest_route=\/wp\/v2\/media\/119816"}],"wp:attachment":[{"href":"https:\/\/lospoliticosveracruz.com.mx\/index.php?rest_route=%2Fwp%2Fv2%2Fmedia&parent=140733"}],"wp:term":[{"taxonomy":"category","embeddable":true,"href":"https:\/\/lospoliticosveracruz.com.mx\/index.php?rest_route=%2Fwp%2Fv2%2Fcategories&post=140733"},{"taxonomy":"post_tag","embeddable":true,"href":"https:\/\/lospoliticosveracruz.com.mx\/index.php?rest_route=%2Fwp%2Fv2%2Ftags&post=140733"}],"curies":[{"name":"wp","href":"https:\/\/api.w.org\/{rel}","templated":true}]}}