{"id":140802,"date":"2025-03-31T00:04:50","date_gmt":"2025-03-31T06:04:50","guid":{"rendered":"https:\/\/lospoliticosveracruz.com.mx\/?p=140802"},"modified":"2025-03-31T00:05:08","modified_gmt":"2025-03-31T06:05:08","slug":"fuchi-a-comida-chatarra","status":"publish","type":"post","link":"https:\/\/lospoliticosveracruz.com.mx\/?p=140802","title":{"rendered":"FUCHI A COMIDA CHATARRA!"},"content":{"rendered":"\n<p><strong><a href=\"https:\/\/whatsapp.com\/channel\/0029Va8zRWlEKyZIP3Z1dF0e\">\u2002\u2002<strong>\u00danete a nuestro canal&nbsp;<\/strong>\u2002<\/a><\/strong><\/p>\n\n\n\n<p>\u00a1<strong>LOS POL\u00cdTICOS VERACRUZ<\/strong>&nbsp;ya est\u00e1 en WhatsApp!<\/p>\n\n\n\n<p>En las m\u00e1s de 23 mil escuelas que hay en Veracruz ni\u00f1os, j\u00f3venes y adolescentes consumir\u00e1n alimentos m\u00e1s saludables, dado que en las cafeter\u00edas qued\u00f3 prohibida la venta de comida chatarra.<\/p>\n\n\n\n<p>La diputada Ivonne Selene Dur\u00e1n L\u00f3pez, dijo que ser\u00eda de mucha ayuda que, desde la Secretar\u00eda de Salud, conjuntamente con la de Educaci\u00f3n, se impulse una campa\u00f1a para hacer recomendaciones de qu\u00e9 alimento vender, o dar opciones a los padres de familia respecto a los refrigerios que pueden dar a los ni\u00f1os.&nbsp;<\/p>\n\n\n\n<p>Confi\u00f3 que se cumpla esta disposici\u00f3n federal, que entr\u00f3 en vigor el 29 de marzo y que tiene como bondad, cuidar la salud de las nuevas generaciones.<\/p>\n\n\n\n<p>Admiti\u00f3 que modificar h\u00e1bitos alimenticios no es f\u00e1cil, pero es m\u00e1s barato y sano, consumir una j\u00edcama, pepino o una naranja con chile, que una pizza o papas fritas; tambi\u00e9n es m\u00e1s recomendable beber agua de lim\u00f3n que un refresco embotellado.<\/p>\n\n\n\n<p>\u201cComo diputada local, quiero invitar a directores de los planteles educativos de Veracruz, en sus diferentes niveles, as\u00ed como a madres y padres de familia, a realizar un esfuerzo y acatar la disposici\u00f3n federal, que entr\u00f3 en vigor este 29 de marzo, para inculcar estilos de vida saludable a las nuevas generaciones y coadyuvar a que las escuelas est\u00e9n libres de alimentos chatarra.<\/p>\n\n\n\n<p>Este lineamiento tiene como fin, cuidar la salud de ni\u00f1as, ni\u00f1os, j\u00f3venes y adolescentes, pues el abuso en el consumo de refrescos, y otros productos con alto grado de az\u00facar y grasa, generan problemas de obesidad, hipertensi\u00f3n, diabetes y otros que ponen en riesgo el desarrollo de los estudiantes.<\/p>\n","protected":false},"excerpt":{"rendered":"<p>\u2002\u2002\u00danete a nuestro canal&nbsp;\u2002 \u00a1LOS POL\u00cdTICOS VERACRUZ&nbsp;ya est\u00e1 en WhatsApp! En las m\u00e1s de 23 mil escuelas que hay en Veracruz ni\u00f1os, j\u00f3venes y adolescentes consumir\u00e1n alimentos m\u00e1s saludables, dado que en las cafeter\u00edas qued\u00f3 prohibida la venta de comida chatarra. La diputada Ivonne Selene Dur\u00e1n L\u00f3pez, dijo que ser\u00eda de mucha ayuda que, desde [&hellip;]<\/p>\n","protected":false},"author":2,"featured_media":140803,"comment_status":"closed","ping_status":"closed","sticky":false,"template":"","format":"standard","meta":{"_jetpack_newsletter_access":"","_jetpack_dont_email_post_to_subs":false,"_jetpack_newsletter_tier_id":0,"_jetpack_memberships_contains_paywalled_content":false,"_jetpack_memberships_contains_paid_content":false,"footnotes":""},"categories":[73],"tags":[19984],"class_list":["post-140802","post","type-post","status-publish","format-standard","has-post-thumbnail","hentry","category-de-boleto","tag-comida-chatarra"],"jetpack_featured_media_url":"https:\/\/lospoliticosveracruz.com.mx\/wp-content\/uploads\/2025\/03\/Ivonne-Selene-Duran.jpg","jetpack_sharing_enabled":true,"jetpack_shortlink":"https:\/\/wp.me\/p4Qcd3-AD0","_links":{"self":[{"href":"https:\/\/lospoliticosveracruz.com.mx\/index.php?rest_route=\/wp\/v2\/posts\/140802","targetHints":{"allow":["GET"]}}],"collection":[{"href":"https:\/\/lospoliticosveracruz.com.mx\/index.php?rest_route=\/wp\/v2\/posts"}],"about":[{"href":"https:\/\/lospoliticosveracruz.com.mx\/index.php?rest_route=\/wp\/v2\/types\/post"}],"author":[{"embeddable":true,"href":"https:\/\/lospoliticosveracruz.com.mx\/index.php?rest_route=\/wp\/v2\/users\/2"}],"replies":[{"embeddable":true,"href":"https:\/\/lospoliticosveracruz.com.mx\/index.php?rest_route=%2Fwp%2Fv2%2Fcomments&post=140802"}],"version-history":[{"count":1,"href":"https:\/\/lospoliticosveracruz.com.mx\/index.php?rest_route=\/wp\/v2\/posts\/140802\/revisions"}],"predecessor-version":[{"id":140804,"href":"https:\/\/lospoliticosveracruz.com.mx\/index.php?rest_route=\/wp\/v2\/posts\/140802\/revisions\/140804"}],"wp:featuredmedia":[{"embeddable":true,"href":"https:\/\/lospoliticosveracruz.com.mx\/index.php?rest_route=\/wp\/v2\/media\/140803"}],"wp:attachment":[{"href":"https:\/\/lospoliticosveracruz.com.mx\/index.php?rest_route=%2Fwp%2Fv2%2Fmedia&parent=140802"}],"wp:term":[{"taxonomy":"category","embeddable":true,"href":"https:\/\/lospoliticosveracruz.com.mx\/index.php?rest_route=%2Fwp%2Fv2%2Fcategories&post=140802"},{"taxonomy":"post_tag","embeddable":true,"href":"https:\/\/lospoliticosveracruz.com.mx\/index.php?rest_route=%2Fwp%2Fv2%2Ftags&post=140802"}],"curies":[{"name":"wp","href":"https:\/\/api.w.org\/{rel}","templated":true}]}}