{"id":140805,"date":"2025-03-31T00:10:07","date_gmt":"2025-03-31T06:10:07","guid":{"rendered":"https:\/\/lospoliticosveracruz.com.mx\/?p=140805"},"modified":"2025-03-31T00:10:18","modified_gmt":"2025-03-31T06:10:18","slug":"le-cantan-las-mananitas-a-tavo","status":"publish","type":"post","link":"https:\/\/lospoliticosveracruz.com.mx\/?p=140805","title":{"rendered":"LE CANTAN LAS MA\u00d1ANITAS A TAVO!"},"content":{"rendered":"\n<p><strong><a href=\"https:\/\/whatsapp.com\/channel\/0029Va8zRWlEKyZIP3Z1dF0e\">\u2002\u2002<strong>\u00danete a nuestro canal&nbsp;<\/strong>\u2002<\/a><\/strong><\/p>\n\n\n\n<p>\u00a1<strong>LOS POL\u00cdTICOS VERACRUZ<\/strong>&nbsp;ya est\u00e1 en WhatsApp!<\/p>\n\n\n\n<p><strong>Alvarado<\/strong><\/p>\n\n\n\n<p>&nbsp;Alvarade\u00f1os festejaron este domingo 30 de marzo a Tavo Ruiz por motivo de su cumplea\u00f1os n\u00famero 59, la celebraci\u00f3n sorpresa se llev\u00f3 a cabo en el sal\u00f3n Alvarado.<\/p>\n\n\n\n<p>Para realizar dicha celebraci\u00f3n, al festejado se le comunic\u00f3 de un convivio sin decirle exactamente de qu\u00e9 se trataba, siendo as\u00ed que cuando lleg\u00f3 era una sorpresa organizada para \u00e9l.<\/p>\n\n\n\n<p>Fueron los propios habitantes de Alvarado quienes se organizaron para realizar la celebraci\u00f3n de quien dijeron, es un alvarade\u00f1o que sabe brindar su amistad sincera, camaraderia, estando siempre cuando m\u00e1s se le necesita.<\/p>\n\n\n\n<p>En sus redes sociales, Tavo Ruiz agradeci\u00f3 las muestras de cari\u00f1o de sus propios paisanos.<\/p>\n\n\n\n<p>\u00abNo hay mejor regalo que la compa\u00f1\u00eda de quienes suman en tu vida. Gracias a todos los que estuvieron presentes, por las muestras de cari\u00f1o y por hacer de este d\u00eda un momento especial. Su presencia y energ\u00eda hacen la diferencia. \u00a1Seguimos adelante!\u00bb, poste\u00f3.<\/p>\n","protected":false},"excerpt":{"rendered":"<p>\u2002\u2002\u00danete a nuestro canal&nbsp;\u2002 \u00a1LOS POL\u00cdTICOS VERACRUZ&nbsp;ya est\u00e1 en WhatsApp! Alvarado &nbsp;Alvarade\u00f1os festejaron este domingo 30 de marzo a Tavo Ruiz por motivo de su cumplea\u00f1os n\u00famero 59, la celebraci\u00f3n sorpresa se llev\u00f3 a cabo en el sal\u00f3n Alvarado. Para realizar dicha celebraci\u00f3n, al festejado se le comunic\u00f3 de un convivio sin decirle exactamente de [&hellip;]<\/p>\n","protected":false},"author":2,"featured_media":140806,"comment_status":"closed","ping_status":"closed","sticky":false,"template":"","format":"standard","meta":{"_jetpack_newsletter_access":"","_jetpack_dont_email_post_to_subs":false,"_jetpack_newsletter_tier_id":0,"_jetpack_memberships_contains_paywalled_content":false,"_jetpack_memberships_contains_paid_content":false,"footnotes":""},"categories":[72],"tags":[27512],"class_list":["post-140805","post","type-post","status-publish","format-standard","has-post-thumbnail","hentry","category-palomazos","tag-tavo-ruiz"],"jetpack_featured_media_url":"https:\/\/lospoliticosveracruz.com.mx\/wp-content\/uploads\/2025\/03\/Tavo-Ruiz.jpg","jetpack_sharing_enabled":true,"jetpack_shortlink":"https:\/\/wp.me\/p4Qcd3-AD3","_links":{"self":[{"href":"https:\/\/lospoliticosveracruz.com.mx\/index.php?rest_route=\/wp\/v2\/posts\/140805","targetHints":{"allow":["GET"]}}],"collection":[{"href":"https:\/\/lospoliticosveracruz.com.mx\/index.php?rest_route=\/wp\/v2\/posts"}],"about":[{"href":"https:\/\/lospoliticosveracruz.com.mx\/index.php?rest_route=\/wp\/v2\/types\/post"}],"author":[{"embeddable":true,"href":"https:\/\/lospoliticosveracruz.com.mx\/index.php?rest_route=\/wp\/v2\/users\/2"}],"replies":[{"embeddable":true,"href":"https:\/\/lospoliticosveracruz.com.mx\/index.php?rest_route=%2Fwp%2Fv2%2Fcomments&post=140805"}],"version-history":[{"count":2,"href":"https:\/\/lospoliticosveracruz.com.mx\/index.php?rest_route=\/wp\/v2\/posts\/140805\/revisions"}],"predecessor-version":[{"id":140808,"href":"https:\/\/lospoliticosveracruz.com.mx\/index.php?rest_route=\/wp\/v2\/posts\/140805\/revisions\/140808"}],"wp:featuredmedia":[{"embeddable":true,"href":"https:\/\/lospoliticosveracruz.com.mx\/index.php?rest_route=\/wp\/v2\/media\/140806"}],"wp:attachment":[{"href":"https:\/\/lospoliticosveracruz.com.mx\/index.php?rest_route=%2Fwp%2Fv2%2Fmedia&parent=140805"}],"wp:term":[{"taxonomy":"category","embeddable":true,"href":"https:\/\/lospoliticosveracruz.com.mx\/index.php?rest_route=%2Fwp%2Fv2%2Fcategories&post=140805"},{"taxonomy":"post_tag","embeddable":true,"href":"https:\/\/lospoliticosveracruz.com.mx\/index.php?rest_route=%2Fwp%2Fv2%2Ftags&post=140805"}],"curies":[{"name":"wp","href":"https:\/\/api.w.org\/{rel}","templated":true}]}}