{"id":14081,"date":"2014-12-10T16:16:28","date_gmt":"2014-12-10T22:16:28","guid":{"rendered":"http:\/\/www.lospoliticosveracruz.com.mx\/?p=14081"},"modified":"2014-12-10T16:16:28","modified_gmt":"2014-12-10T22:16:28","slug":"si-habra-gobernador-de-dos-anos","status":"publish","type":"post","link":"https:\/\/lospoliticosveracruz.com.mx\/?p=14081","title":{"rendered":"S\u00ed habr\u00e1 gobernador de dos a\u00f1os"},"content":{"rendered":"<p><a href=\"http:\/\/www.lospoliticosveracruz.com.mx\/wp-content\/uploads\/2014\/12\/Alberto-Silva-Ramos1.jpg\"><img loading=\"lazy\" decoding=\"async\" class=\"alignnone size-medium wp-image-14082\" src=\"http:\/\/www.lospoliticosveracruz.com.mx\/wp-content\/uploads\/2014\/12\/Alberto-Silva-Ramos1-300x173.jpg\" alt=\"Alberto Silva Ramos\" width=\"300\" height=\"173\" \/><\/a><\/p>\n<p><strong>Miguel Angel Cristiani<\/strong><\/p>\n<p><em>Bit\u00e1cora Veracruz<\/em><\/p>\n<p>&nbsp;<\/p>\n<p>Con el env\u00edo por parte del gobernador del estado, Javier Duarte de Ochoa al Congreso Estatal de la iniciativa de Reforma Pol\u00edtico Electoral, que entre otras cuestiones contiene la propuesta para que se unifiquen los tiempos electorales con la federaci\u00f3n, lo que obligar\u00e1 a la elecci\u00f3n de un gobernador en 2016 que dure dos a\u00f1os en el poder, se inicia pr\u00e1cticamente el proceso de sucesi\u00f3n gubernamental.<\/p>\n<p>Con el anuncio hecho en conferencia de prensa por el secretario de gobierno, Erick Lagos y la entrega oficial de la iniciativa por el consejero de asuntos legales de la Oficina del Gobernador, Eduardo Andrade en el Congreso, arranca propiamente lo que ser\u00e1 el banderazo para los aspirantes a gobernar al estado de Veracruz durante dos a\u00f1os a partir del 2016.<\/p>\n<p>Aunque se da ya por un hecho, de que el actual coordinador de Comunicaci\u00f3n Social, Alberto Silva Ramos habr\u00e1 de salir del gabinete para ir a ocupar una diputaci\u00f3n federal por el distrito de Tuxpan, en donde ya fue alcalde con muy buena imagen entre sus paisanos y electorado, tambi\u00e9n es cierto, que se considera como el candidato m\u00e1s viable a la candidatura de dos a\u00f1os para la gubernatura de Veracruz en el 2016.<\/p>\n<p>De acuerdo a versiones period\u00edsticas \u2013de los reporteros privilegiados que acudieron a cubrir la Cumbre Iberoamericana de Presidentes- Enrique Pe\u00f1a Nieto y Javier Duarte de Ochoa habr\u00edan estado platicando sobre el tema electoral en la entidad y ah\u00ed en la cena de bienvenida a los mandatarios, fue donde sali\u00f3 el humo blanco para decidir la gubernatura de dos a\u00f1os.<\/p>\n<p>Ser\u00e1 entonces, una vez que se discutan y aprueben las reformas en material electoral que este mi\u00e9rcoles fueron enviadas al Congreso Local, cuando en su momento oportuno se informe oficialmente tambi\u00e9n, que los sectores del Partido Revolucionario Institucional, han decidido apoyar la candidatura local, es decir, la del hasta ahora coordinador de Comunicaci\u00f3n Social y pr\u00f3ximamente diputado federal por Tuxpan.<\/p>\n<p>Luego de los \u00e9xitos alcanzados primero en la celebraci\u00f3n de los Juegos Centroamericanos y del Caribe, ahora con la Cumbre Iberoamericana de Presidentes y Jefes de Estado, que le mereci\u00f3 elogios al propio presidente Enrique Pe\u00f1a Nieto, el mandatario veracruzano Javier Duarte de Ochoa seguramente aprovech\u00f3 el buen \u00e1nimo, para resolver de una vez, lo que tanto se hab\u00eda venido especulando, que habr\u00e1 gobernador de dos a\u00f1os y luego el de seis.<\/p>\n<p>Pero esa es otra historia, dir\u00eda la Nana Goya, en la que hasta ahora los dos m\u00e1s fuertes aspirantes son Jos\u00e9 Yunes Zorrilla, quien tiene los contactos a nivel federal, para recibir el impulso necesario para llegar al cargo para el que ha estado trabajando desde hace varios a\u00f1os y el otro senador veracruzano H\u00e9ctor Yunes Landa, quien tambi\u00e9n aspira y suspira por lograr la candidatura.<\/p>\n","protected":false},"excerpt":{"rendered":"<p>Miguel Angel Cristiani Bit\u00e1cora Veracruz &nbsp; Con el env\u00edo por parte del gobernador del estado, Javier Duarte de Ochoa al Congreso Estatal de la iniciativa de Reforma Pol\u00edtico Electoral, que entre otras cuestiones contiene la propuesta para que se unifiquen los tiempos electorales con la federaci\u00f3n, lo que obligar\u00e1 a la elecci\u00f3n de un gobernador [&hellip;]<\/p>\n","protected":false},"author":2,"featured_media":0,"comment_status":"open","ping_status":"open","sticky":false,"template":"","format":"standard","meta":{"_jetpack_newsletter_access":"","_jetpack_dont_email_post_to_subs":false,"_jetpack_newsletter_tier_id":0,"_jetpack_memberships_contains_paywalled_content":false,"_jetpack_memberships_contains_paid_content":false,"footnotes":""},"categories":[70],"tags":[1217,141,348,260,227,251,1218,195],"class_list":["post-14081","post","type-post","status-publish","format-standard","hentry","category-de-opinion","tag-congreso-estatal","tag-erick-lagos","tag-hector-yunes-landa","tag-javier-duarte-de-ochoa","tag-jose-yunes-zorrilla","tag-pri","tag-reforma-politico-electoral","tag-veracruz"],"jetpack_featured_media_url":"","jetpack_sharing_enabled":true,"jetpack_shortlink":"https:\/\/wp.me\/p4Qcd3-3F7","_links":{"self":[{"href":"https:\/\/lospoliticosveracruz.com.mx\/index.php?rest_route=\/wp\/v2\/posts\/14081","targetHints":{"allow":["GET"]}}],"collection":[{"href":"https:\/\/lospoliticosveracruz.com.mx\/index.php?rest_route=\/wp\/v2\/posts"}],"about":[{"href":"https:\/\/lospoliticosveracruz.com.mx\/index.php?rest_route=\/wp\/v2\/types\/post"}],"author":[{"embeddable":true,"href":"https:\/\/lospoliticosveracruz.com.mx\/index.php?rest_route=\/wp\/v2\/users\/2"}],"replies":[{"embeddable":true,"href":"https:\/\/lospoliticosveracruz.com.mx\/index.php?rest_route=%2Fwp%2Fv2%2Fcomments&post=14081"}],"version-history":[{"count":1,"href":"https:\/\/lospoliticosveracruz.com.mx\/index.php?rest_route=\/wp\/v2\/posts\/14081\/revisions"}],"predecessor-version":[{"id":14083,"href":"https:\/\/lospoliticosveracruz.com.mx\/index.php?rest_route=\/wp\/v2\/posts\/14081\/revisions\/14083"}],"wp:attachment":[{"href":"https:\/\/lospoliticosveracruz.com.mx\/index.php?rest_route=%2Fwp%2Fv2%2Fmedia&parent=14081"}],"wp:term":[{"taxonomy":"category","embeddable":true,"href":"https:\/\/lospoliticosveracruz.com.mx\/index.php?rest_route=%2Fwp%2Fv2%2Fcategories&post=14081"},{"taxonomy":"post_tag","embeddable":true,"href":"https:\/\/lospoliticosveracruz.com.mx\/index.php?rest_route=%2Fwp%2Fv2%2Ftags&post=14081"}],"curies":[{"name":"wp","href":"https:\/\/api.w.org\/{rel}","templated":true}]}}