{"id":140812,"date":"2025-03-31T06:57:13","date_gmt":"2025-03-31T12:57:13","guid":{"rendered":"https:\/\/lospoliticosveracruz.com.mx\/?p=140812"},"modified":"2025-03-31T06:57:25","modified_gmt":"2025-03-31T12:57:25","slug":"la-eleccion-portena","status":"publish","type":"post","link":"https:\/\/lospoliticosveracruz.com.mx\/?p=140812","title":{"rendered":"LA ELECCI\u00d3N PORTE\u00d1A"},"content":{"rendered":"\n<p>[S\u00edguenos ahora tambi\u00e9n en WhatsApp.\u00a0<a href=\"https:\/\/whatsapp.com\/channel\/0029Va8zRWlEKyZIP3Z1dF0e\"><strong><em>Da clic aqu\u00ed<\/em><\/strong><\/a>]\u00a0<\/p>\n\n\n\n<p><strong>Yamiri Rodr\u00edguez Madrid<\/strong><\/p>\n\n\n\n<p><em>La vuelta a Veracruz en un\u00a0teclazo<\/em><\/p>\n\n\n\n<p>En los \u00faltimos 12 a\u00f1os el municipio de Veracruz ha tenido tres elecciones de presidente municipal:&nbsp;2013, 2017 y 2021; datos que deben ser tomados en cuenta por las candidatas para esbozar bien sus estrategias.<\/p>\n\n\n\n<p>La elecci\u00f3n del 7 de julio de 2013 tuvo una alta competitividad tripartita. El candidato Ram\u00f3n Poo Gil de la coalici\u00f3n \u201cVeracruz para Adelante\u201d (PRI\u2013PVEM\u2013PANAL) obtuvo la victoria con 76&nbsp;mil&nbsp;385 votos (43.51%)\u200b. &nbsp;En segundo&nbsp;lugar&nbsp;qued\u00f3 Rafael Acosta Croda del PAN con 46,744 votos (26.62%), y en tercer lugar Julio Salda\u00f1a del PRD con 38&nbsp;mil&nbsp;682 votos (22.03%)\u200b.&nbsp;Morena no aparec\u00eda a\u00fan en la escena&nbsp;municipal &nbsp;y,&nbsp;los dem\u00e1s partidos,&nbsp;tuvieron votaciones marginales menores al 2% cada uno.&nbsp;Movimiento Ciudadano, por ejemplo, tuvo 2 mil 100 votos.<\/p>\n\n\n\n<p>En 2017 la contienda se llev\u00f3 a cabo el 4 de junio. En este proceso irrumpi\u00f3 Morena como nueva fuerza, pero la elecci\u00f3n estuvo dominada por la coalici\u00f3n opositora PAN\u2013PRD. El candidato de dicha alianza, Fernando Yunes M\u00e1rquez obtuvo el triunfo con una votaci\u00f3n hist\u00f3rica de 103mil&nbsp;618 votos\u200b,&nbsp;equivalente a m\u00e1s del 50% de los votos v\u00e1lidos. Yunes aventaj\u00f3 por m\u00e1s de 30 puntos porcentuales al segundo lugar, logrando arrebatar al PRI el&nbsp;gobierno.&nbsp;Morena debut\u00f3 con una votaci\u00f3n significativa, quedando&nbsp;su candidato Ricardo&nbsp;Exsome&nbsp;Zapata&nbsp;en segundo lugar y, el PRI (coaligado con PVEM) sufri\u00f3 una ca\u00edda dram\u00e1tica,&nbsp;con Fidel Kuri Grajales,&nbsp;quedando relegado al tercer puesto en el puerto.&nbsp;Movimiento Ciudadano sac\u00f3 3 mil 200 votos.<\/p>\n\n\n\n<p>Y la del&nbsp;6 de junio de 2021 fue altamente competitiva, marcada por la polarizaci\u00f3n entre dos grandes coaliciones: \u201cVeracruz Va\u201d (PAN\u2013PRI\u2013PRD) y \u201cJuntos Haremos Historia\u201d (Morena\u2013PT\u2013PVEM). En un cierre muy cerrado, la candidata Patricia Lobeira Rodr\u00edguez (PAN-PRI-PRD) result\u00f3 ganadora por un margen m\u00ednimo frente al morenista Ricardo&nbsp;Exsome&nbsp;Zapata\u200b.&nbsp;Tras el c\u00f3mputo final y recuentos, Lobeira \u2013quien sustituy\u00f3 como candidata del PAN a Miguel \u00c1ngel Yunes M\u00e1rquez\u2013 obtuvo alrededor de 104&nbsp;mil&nbsp;700 votos, mientras que&nbsp;el morenista&nbsp;alcanz\u00f3 cerca de 100&nbsp;mil&nbsp;votos.&nbsp;La diferencia fue de apenas unos 3 a 5 mil votos (unos 2&nbsp;o&nbsp;3 puntos porcentuales), confirmando el triunfo panista por estrecho margen\u200b. Los dem\u00e1s partidos y candidatos independientes sumaron menos del 3% de la votaci\u00f3n combinados.&nbsp;Movimiento Ciudadano tuvo 6 mil 300 votos.<\/p>\n\n\n\n<p>Hoy, Rosa Mar\u00eda Hern\u00e1ndez Espejo va por Morena; Indira Rosales por el PAN; Carolina Gudi\u00f1o por el PRI y&nbsp;la&nbsp;expriista&nbsp;Bel\u00e9m Palmeros por Movimiento Ciudadano. &nbsp;&nbsp;Es ocioso dedicar m\u00e1s l\u00edneas a hablar del futuro pol\u00edtico de Gudi\u00f1o y Palmeros, pues ambas van por sacar una regidur\u00eda para sus partidos. La contienda ser\u00e1 entre Morena y el PAN.<\/p>\n\n\n\n<p>Los Yunes, ahora&nbsp;neomorenistas, har\u00e1n hasta lo humanamente imposible porque su candidata sea la que gan\u00e9 y, una vez en la alcald\u00eda, le cambiar\u00e1n la camiseta azul a la guinda, como parte de sus acuerdos nacionales.<\/p>\n\n\n\n<p>Pero los morenos porte\u00f1os no se van a dejar; las prospectivas electorales est\u00e1n de su lado. Solo a&nbsp;billetazos&nbsp;y triqui\u00f1uelas podr\u00edan los Yunes tener una oportunidad. Ya est\u00e1n operando; es su \u00faltimo basti\u00f3n. Si lo mantienen, se les meter\u00e1n a Morena como la humedad y sino lo creen, que les pregunten a los del PAN.<\/p>\n\n\n\n<p>@YamiriRodriguez<\/p>\n","protected":false},"excerpt":{"rendered":"<p>[S\u00edguenos ahora tambi\u00e9n en WhatsApp.\u00a0Da clic aqu\u00ed]\u00a0 Yamiri Rodr\u00edguez Madrid La vuelta a Veracruz en un\u00a0teclazo En los \u00faltimos 12 a\u00f1os el municipio de Veracruz ha tenido tres elecciones de presidente municipal:&nbsp;2013, 2017 y 2021; datos que deben ser tomados en cuenta por las candidatas para esbozar bien sus estrategias. La elecci\u00f3n del 7 de [&hellip;]<\/p>\n","protected":false},"author":2,"featured_media":133405,"comment_status":"closed","ping_status":"closed","sticky":false,"template":"","format":"standard","meta":{"_jetpack_newsletter_access":"","_jetpack_dont_email_post_to_subs":false,"_jetpack_newsletter_tier_id":0,"_jetpack_memberships_contains_paywalled_content":false,"_jetpack_memberships_contains_paid_content":false,"footnotes":""},"categories":[70],"tags":[8072,1026,195],"class_list":["post-140812","post","type-post","status-publish","format-standard","has-post-thumbnail","hentry","category-de-opinion","tag-indira-de-jesus-rosales-san-roman","tag-morena","tag-veracruz"],"jetpack_featured_media_url":"https:\/\/lospoliticosveracruz.com.mx\/wp-content\/uploads\/2024\/12\/Yamiri.jpg","jetpack_sharing_enabled":true,"jetpack_shortlink":"https:\/\/wp.me\/p4Qcd3-ADa","_links":{"self":[{"href":"https:\/\/lospoliticosveracruz.com.mx\/index.php?rest_route=\/wp\/v2\/posts\/140812","targetHints":{"allow":["GET"]}}],"collection":[{"href":"https:\/\/lospoliticosveracruz.com.mx\/index.php?rest_route=\/wp\/v2\/posts"}],"about":[{"href":"https:\/\/lospoliticosveracruz.com.mx\/index.php?rest_route=\/wp\/v2\/types\/post"}],"author":[{"embeddable":true,"href":"https:\/\/lospoliticosveracruz.com.mx\/index.php?rest_route=\/wp\/v2\/users\/2"}],"replies":[{"embeddable":true,"href":"https:\/\/lospoliticosveracruz.com.mx\/index.php?rest_route=%2Fwp%2Fv2%2Fcomments&post=140812"}],"version-history":[{"count":1,"href":"https:\/\/lospoliticosveracruz.com.mx\/index.php?rest_route=\/wp\/v2\/posts\/140812\/revisions"}],"predecessor-version":[{"id":140813,"href":"https:\/\/lospoliticosveracruz.com.mx\/index.php?rest_route=\/wp\/v2\/posts\/140812\/revisions\/140813"}],"wp:featuredmedia":[{"embeddable":true,"href":"https:\/\/lospoliticosveracruz.com.mx\/index.php?rest_route=\/wp\/v2\/media\/133405"}],"wp:attachment":[{"href":"https:\/\/lospoliticosveracruz.com.mx\/index.php?rest_route=%2Fwp%2Fv2%2Fmedia&parent=140812"}],"wp:term":[{"taxonomy":"category","embeddable":true,"href":"https:\/\/lospoliticosveracruz.com.mx\/index.php?rest_route=%2Fwp%2Fv2%2Fcategories&post=140812"},{"taxonomy":"post_tag","embeddable":true,"href":"https:\/\/lospoliticosveracruz.com.mx\/index.php?rest_route=%2Fwp%2Fv2%2Ftags&post=140812"}],"curies":[{"name":"wp","href":"https:\/\/api.w.org\/{rel}","templated":true}]}}