{"id":140894,"date":"2025-03-31T20:25:03","date_gmt":"2025-04-01T02:25:03","guid":{"rendered":"https:\/\/lospoliticosveracruz.com.mx\/?p=140894"},"modified":"2025-03-31T20:25:17","modified_gmt":"2025-04-01T02:25:17","slug":"es-manuel-turizo","status":"publish","type":"post","link":"https:\/\/lospoliticosveracruz.com.mx\/?p=140894","title":{"rendered":"ES MANUEL TURIZO!"},"content":{"rendered":"\n<p><\/p>\n\n\n\n<p><em>Veracruz<\/em>: La alcaldesa Paty Lobeira anunci\u00f3 en una transmisi\u00f3n en vivo a trav\u00e9s de sus redes sociales que el cantante Manuel Turizo ser\u00e1 uno de los artistas invitados para el Carnaval de Veracruz 2025.<\/p>\n\n\n\n<p>En el mensaje, la alcaldesa destac\u00f3 que este a\u00f1o el carnaval ser\u00e1 igual de festivo y alegre que el del centenario, por lo que se han preparado grandes conciertos con tres artistas de distintos g\u00e9neros musicales, buscando ofrecer espect\u00e1culos para todos los gustos.<\/p>\n\n\n\n<p>\u201cSon tres conciertos con artistas de distintos g\u00e9neros, porque queremos que el Carnaval sea para todos\u201d, expres\u00f3.<\/p>\n\n\n\n<p>Adem\u00e1s, inform\u00f3 que el pr\u00f3ximo mi\u00e9rcoles 2 de abril se presenta a la Reina del Carnaval, quien ser\u00e1 una veracruzana reconocida internacionalmente. Afirm\u00f3 que el evento se llevar\u00e1 a cabo en el Z\u00f3calo de la ciudad a las 5:30 p.m., acompa\u00f1ado de una rumbata de Carnaval.<\/p>\n\n\n\n<p>\u201cInvitamos a la gente a que nos acompa\u00f1e, vamos a tener una rumbata para presentar a nuestra Reina de Carnaval, ella va a estar ah\u00ed con nosotros\u201d, reiter\u00f3.<\/p>\n\n\n\n<p>Finalmente, la alcaldesa Paty Lobeira invit\u00f3 a la ciudadan\u00eda a estar pendientes de sus redes sociales, donde pr\u00f3ximamente se revelar\u00e1n los nombres de los otros dos artistas que formar\u00e1n parte de los conciertos del Carnaval de Veracruz 2025.<\/p>\n","protected":false},"excerpt":{"rendered":"<p>Veracruz: La alcaldesa Paty Lobeira anunci\u00f3 en una transmisi\u00f3n en vivo a trav\u00e9s de sus redes sociales que el cantante Manuel Turizo ser\u00e1 uno de los artistas invitados para el Carnaval de Veracruz 2025. En el mensaje, la alcaldesa destac\u00f3 que este a\u00f1o el carnaval ser\u00e1 igual de festivo y alegre que el del centenario, [&hellip;]<\/p>\n","protected":false},"author":2,"featured_media":140895,"comment_status":"closed","ping_status":"closed","sticky":false,"template":"","format":"standard","meta":{"_jetpack_newsletter_access":"","_jetpack_dont_email_post_to_subs":false,"_jetpack_newsletter_tier_id":0,"_jetpack_memberships_contains_paywalled_content":false,"_jetpack_memberships_contains_paid_content":false,"footnotes":""},"categories":[73],"tags":[1843,43413,11919,195],"class_list":["post-140894","post","type-post","status-publish","format-standard","has-post-thumbnail","hentry","category-de-boleto","tag-carnaval","tag-manuel-turizo","tag-paty-lobeira","tag-veracruz"],"jetpack_featured_media_url":"https:\/\/lospoliticosveracruz.com.mx\/wp-content\/uploads\/2025\/03\/8a8f6eee-3b38-4ad0-9f03-8dd55a8595bc.jpeg","jetpack_sharing_enabled":true,"jetpack_shortlink":"https:\/\/wp.me\/p4Qcd3-AEu","_links":{"self":[{"href":"https:\/\/lospoliticosveracruz.com.mx\/index.php?rest_route=\/wp\/v2\/posts\/140894","targetHints":{"allow":["GET"]}}],"collection":[{"href":"https:\/\/lospoliticosveracruz.com.mx\/index.php?rest_route=\/wp\/v2\/posts"}],"about":[{"href":"https:\/\/lospoliticosveracruz.com.mx\/index.php?rest_route=\/wp\/v2\/types\/post"}],"author":[{"embeddable":true,"href":"https:\/\/lospoliticosveracruz.com.mx\/index.php?rest_route=\/wp\/v2\/users\/2"}],"replies":[{"embeddable":true,"href":"https:\/\/lospoliticosveracruz.com.mx\/index.php?rest_route=%2Fwp%2Fv2%2Fcomments&post=140894"}],"version-history":[{"count":1,"href":"https:\/\/lospoliticosveracruz.com.mx\/index.php?rest_route=\/wp\/v2\/posts\/140894\/revisions"}],"predecessor-version":[{"id":140896,"href":"https:\/\/lospoliticosveracruz.com.mx\/index.php?rest_route=\/wp\/v2\/posts\/140894\/revisions\/140896"}],"wp:featuredmedia":[{"embeddable":true,"href":"https:\/\/lospoliticosveracruz.com.mx\/index.php?rest_route=\/wp\/v2\/media\/140895"}],"wp:attachment":[{"href":"https:\/\/lospoliticosveracruz.com.mx\/index.php?rest_route=%2Fwp%2Fv2%2Fmedia&parent=140894"}],"wp:term":[{"taxonomy":"category","embeddable":true,"href":"https:\/\/lospoliticosveracruz.com.mx\/index.php?rest_route=%2Fwp%2Fv2%2Fcategories&post=140894"},{"taxonomy":"post_tag","embeddable":true,"href":"https:\/\/lospoliticosveracruz.com.mx\/index.php?rest_route=%2Fwp%2Fv2%2Ftags&post=140894"}],"curies":[{"name":"wp","href":"https:\/\/api.w.org\/{rel}","templated":true}]}}