{"id":141334,"date":"2025-04-04T19:38:28","date_gmt":"2025-04-05T01:38:28","guid":{"rendered":"https:\/\/lospoliticosveracruz.com.mx\/?p=141334"},"modified":"2025-04-06T15:19:59","modified_gmt":"2025-04-06T20:19:59","slug":"equipo-de-campana-tan-importantes-unos-como-otros","status":"publish","type":"post","link":"https:\/\/lospoliticosveracruz.com.mx\/?p=141334","title":{"rendered":"EQUIPO DE CAMPA\u00d1A: TAN IMPORTANTES UNOS COMO OTROS"},"content":{"rendered":"\n<p><strong><a href=\"https:\/\/whatsapp.com\/channel\/0029Va8zRWlEKyZIP3Z1dF0e\">\u2002\u2002<strong>\u00danete a nuestro canal&nbsp;<\/strong>\u2002<\/a><\/strong><\/p>\n\n\n\n<p>\u00a1<strong>LOS POL\u00cdTICOS VERACRUZ<\/strong>&nbsp;ya est\u00e1 en WhatsApp!<\/p>\n\n\n\n<p><strong>Vicente Luna Hern\u00e1ndez&nbsp;<\/strong><\/p>\n\n\n\n<p>Una ocasi\u00f3n \u2013 a invitaci\u00f3n de Patricio Chirinos del \u00c1ngel \u2013 tuve la oportunidad de asistir a un Congreso sobre Campa\u00f1as Electorales en la Ciudad de Boca del Rio, uno de los ponentes fue Roy Campos, presidente de Consulta &#8211; MITOFSKY \u2013 experto en temas como Opini\u00f3n P\u00fablica, Pol\u00edtica, M\u00e9todos de Investigaci\u00f3n y Mercadotecnia &#8211; un asistente sentado junto a m\u00ed, me pregunt\u00f3 \u00bfcree usted que le aprendamos algo a Roy? Se\u00f1alando a Patricio le respond\u00ed: \u201cvamos a aprender algo de Roy pero podemos aprender m\u00e1s de alguien que lleva 4 elecciones ganadas, en condiciones favorables y desfavorables, \u00bfcu\u00e1les son las claves de toda campa\u00f1a? La suma de esfuerzos y que todos los integrantes del equipo de campa\u00f1a tengan motivos para estar emocionados, esa emoci\u00f3n que les permite dar un esfuerzo extra para lograr el objetivo principal, despertar las emociones entre los cercanos para lograr acercar a los lejanos al proyecto y que sumen esfuerzos y capacidades, en conclusi\u00f3n, estrategia definida y operadores para llevarla a acabo en territorio, \u00bfcu\u00e1l es m\u00e1s importante? Ah\u00ed radica el inicio del camino al triunfo, tan importante es una como la otra y debe quedar claro entre los integrantes del equipo de campa\u00f1a para evitar herir susceptibilidades, esa es una de las grandes cualidades de candidatos como Chirinos, tan f\u00e1cil que se ve pero tan dif\u00edcil de ejecutar..<\/p>\n\n\n\n<p>Lo he dicho de manera p\u00fablica, personajes como Cirilo V\u00e1zquez Parissi, Ricardo Ahued Bardahuil, Patricio Chirinos, Juan Manuel Diez Francos, entre otros, serian excelentes ponentes en un Congreso sobre c\u00f3mo ganar elecciones, ese Congreso se llamar\u00eda: \u201cCompartiendo experiencias sin retoques sobre campa\u00f1as electorales\u201d est\u00e1 claro que son candidatos que cuidan todos los detalles de una campa\u00f1a electoral y se involucran de manera personal en cada tema conscientes que saben ciertas cosas pero otros saben cosas que ellos ignoran, sabemos que una campa\u00f1a electoral est\u00e1 llena de emociones, de enojo, frustraci\u00f3n, de alegr\u00eda, de preocupaci\u00f3n, etc., y todas las emociones influyen el d\u00eda de la votaci\u00f3n, no todo es dinero en una campa\u00f1a, es importante por supuesto pero si solo fuera por dinero, hablar\u00edamos que el que \u201ctira\u201d m\u00e1s recursos econ\u00f3micos ya es el ganador y conocemos de muchos ejemplos de que no solo es cuesti\u00f3n de repartir sino \u201ccomo repartir\u201d, es cierto, los pol\u00edticos profesionales mencionados saben que como dice la letra de la canci\u00f3n \u201cLa Bamba\u201d versi\u00f3n Los Lobos: \u201cpara bailar la bamba\/ para bailar la bamba se necesita una poco de gracia\/ una poca de gracia pa mi para ti\/ ay arriba y arriba\u201d\u2026<\/p>\n\n\n\n<p>Hay candidatos que al tener ya una elecci\u00f3n ganada sienten que ya tienen la experiencia para seguir ganando y descuidan peque\u00f1os detalles que al final al sumar varios de ellos, influyen para una derrota electoral, creen que aquellas y aquellos que ayer estuvieron con ellos en una campa\u00f1a ganadora, en autom\u00e1tico estar\u00e1n en la siguiente, olvidan el trato con desd\u00e9n que han dado, olvidan los desaires que les han hecho cuando llegaron al poder, recuerdan de manera constante lo que hicieron por una persona pero olvidan lo que esa persona hizo por ellos cuando m\u00e1s lo necesitaban, olvidan pero otros no.<\/p>\n\n\n\n<p>Es curioso como en las mesas de an\u00e1lisis de los programas de proyecci\u00f3n nacional, analistas de todos colores y sabores dan sus puntos de vista sobre el proceso electoral, hablan del sentir de los ciudadanos pero nunca han estado en una campa\u00f1a m\u00e1s all\u00e1 de entrevistar a los actores principales y replicar lo que las y los candidatos les dijeron, es curioso como hablan del comportamiento de los votantes pero nunca han hecho un recorrido casa por casa para conocer el sentir de la poblaci\u00f3n, insisto, es importante la preparaci\u00f3n acad\u00e9mica, la experiencia profesional en varias materias pero hay que darle su justo valor \u2013 en el equipo de campa\u00f1a \u2013 de aquellas mujeres y hombres que saben que palabras utilizar en determinadas situaciones que se presentan en los recorridos, hay que tener la empat\u00eda para escuchar con atenci\u00f3n y humidad los justos reclamos ante promesas incumplidas, &#8211; sin importar la o \u00e9l candidato que se representa \u2013 hay que estar dispuestos a soportar altas temperaturas para visitar el mayor n\u00famero de familias, escucharlos y recoger &#8211; como Morelos &#8211; sus sentimientos, hay que tener la paciencia y la piel dura ante cuestionamientos por lo que se hace o se dej\u00f3 de hacer durante la campa\u00f1a, respuestas ante los reclamos por lo que no se hizo \u2013 en caso de que se represente a una o un ex alcalde \u2013 durante su periodo de gobierno, hay que decirlo con todas sus letras: participar en una campa\u00f1a es algo m\u00e1s all\u00e1 de andar cerca de la o el candidato y salir en la fotos con ellos, \u00bfqu\u00e9 le debe aportar cada integrante de un equipo de campa\u00f1a a la o \u00e9l candidato? la respuesta es sencilla\u2026votos.<\/p>\n\n\n\n<p>La realidad es que si fuera por los resultados de algunos los gobiernos morenistas muchos pondr\u00edan sus barbas a remojar, sin embargo, la otra realidad es que la marca partidista est\u00e1 bien posicionada en el imaginario colectivo y esto le da ciertas ventajas a las y los candidatos oficiales, sin embargo, pensar que apuesten por quien apuesten \u2013 candidatos cuestionados o con un pasado \u201cturbio\u201d \u2013 arrasar\u00e1n el d\u00eda de la jornada es creer que la Luna es de queso y que los ciudadanos ir\u00e1n con los ojos cerrados a emitir sus votos a favor del color guinda sin importar sus antecedentes pero en una elecci\u00f3n municipal muchos de los que ayer apoyaron al partido en el poder, hoy pueden ir contra los intereses morenistas, \u00bfqu\u00e9 de raro tiene?<\/p>\n\n\n\n<p>P.D.- Con el \u00e1nimo que al final del camino se ejerza el voto de manera libre y secreta\u2026Escribir\u00e9 otro d\u00eda.<\/p>\n","protected":false},"excerpt":{"rendered":"<p>\u2002\u2002\u00danete a nuestro canal&nbsp;\u2002 \u00a1LOS POL\u00cdTICOS VERACRUZ&nbsp;ya est\u00e1 en WhatsApp! Vicente Luna Hern\u00e1ndez&nbsp; Una ocasi\u00f3n \u2013 a invitaci\u00f3n de Patricio Chirinos del \u00c1ngel \u2013 tuve la oportunidad de asistir a un Congreso sobre Campa\u00f1as Electorales en la Ciudad de Boca del Rio, uno de los ponentes fue Roy Campos, presidente de Consulta &#8211; MITOFSKY \u2013 [&hellip;]<\/p>\n","protected":false},"author":2,"featured_media":141415,"comment_status":"closed","ping_status":"closed","sticky":false,"template":"","format":"standard","meta":{"_jetpack_newsletter_access":"","_jetpack_dont_email_post_to_subs":false,"_jetpack_newsletter_tier_id":0,"_jetpack_memberships_contains_paywalled_content":false,"_jetpack_memberships_contains_paid_content":false,"footnotes":""},"categories":[70],"tags":[15667],"class_list":["post-141334","post","type-post","status-publish","format-standard","has-post-thumbnail","hentry","category-de-opinion","tag-vicente-luna-hernandez"],"jetpack_featured_media_url":"https:\/\/lospoliticosveracruz.com.mx\/wp-content\/uploads\/2025\/04\/Vicente-Luna-Hernandez.jpg","jetpack_sharing_enabled":true,"jetpack_shortlink":"https:\/\/wp.me\/p4Qcd3-ALA","_links":{"self":[{"href":"https:\/\/lospoliticosveracruz.com.mx\/index.php?rest_route=\/wp\/v2\/posts\/141334","targetHints":{"allow":["GET"]}}],"collection":[{"href":"https:\/\/lospoliticosveracruz.com.mx\/index.php?rest_route=\/wp\/v2\/posts"}],"about":[{"href":"https:\/\/lospoliticosveracruz.com.mx\/index.php?rest_route=\/wp\/v2\/types\/post"}],"author":[{"embeddable":true,"href":"https:\/\/lospoliticosveracruz.com.mx\/index.php?rest_route=\/wp\/v2\/users\/2"}],"replies":[{"embeddable":true,"href":"https:\/\/lospoliticosveracruz.com.mx\/index.php?rest_route=%2Fwp%2Fv2%2Fcomments&post=141334"}],"version-history":[{"count":2,"href":"https:\/\/lospoliticosveracruz.com.mx\/index.php?rest_route=\/wp\/v2\/posts\/141334\/revisions"}],"predecessor-version":[{"id":141418,"href":"https:\/\/lospoliticosveracruz.com.mx\/index.php?rest_route=\/wp\/v2\/posts\/141334\/revisions\/141418"}],"wp:featuredmedia":[{"embeddable":true,"href":"https:\/\/lospoliticosveracruz.com.mx\/index.php?rest_route=\/wp\/v2\/media\/141415"}],"wp:attachment":[{"href":"https:\/\/lospoliticosveracruz.com.mx\/index.php?rest_route=%2Fwp%2Fv2%2Fmedia&parent=141334"}],"wp:term":[{"taxonomy":"category","embeddable":true,"href":"https:\/\/lospoliticosveracruz.com.mx\/index.php?rest_route=%2Fwp%2Fv2%2Fcategories&post=141334"},{"taxonomy":"post_tag","embeddable":true,"href":"https:\/\/lospoliticosveracruz.com.mx\/index.php?rest_route=%2Fwp%2Fv2%2Ftags&post=141334"}],"curies":[{"name":"wp","href":"https:\/\/api.w.org\/{rel}","templated":true}]}}