{"id":141336,"date":"2025-04-04T20:27:32","date_gmt":"2025-04-05T02:27:32","guid":{"rendered":"https:\/\/lospoliticosveracruz.com.mx\/?p=141336"},"modified":"2025-04-04T20:27:51","modified_gmt":"2025-04-05T02:27:51","slug":"meten-relevo-en-cosoleacaque","status":"publish","type":"post","link":"https:\/\/lospoliticosveracruz.com.mx\/?p=141336","title":{"rendered":"METEN RELEVO EN COSOLEACAQUE!"},"content":{"rendered":"\n<p><a><\/a><a href=\"https:\/\/whatsapp.com\/channel\/0029Va8zRWlEKyZIP3Z1dF0e\"><strong>\u2002\u2002<\/strong><strong>\u00da<\/strong><strong>NETE A NUESTRO CANAL<\/strong><strong><\/strong><\/a><\/p>\n\n\n\n<p>\u00a1<a href=\"https:\/\/whatsapp.com\/channel\/0029Va8zRWlEKyZIP3Z1dF0e\"><strong>LOS POL\u00cd<\/strong><strong>TICOS VERACRUZ<\/strong><\/a> ya est\u00e1 en WhatsApp!<\/p>\n\n\n\n<p>Bajo el liderazgo de Edgar Herrera Lendechy, el Partido Verde Ecologista de M\u00e9xico (PVEM) en Veracruz ha fortalecido su estructura territorial con la designaci\u00f3n de nuevos Coordinadores de la Defensa de la Transformaci\u00f3n Verde y Promotores de la Cuarta Transformaci\u00f3n.<\/p>\n\n\n\n<p>Estos nombramientos, anunciados hoy, reafirman el compromiso del partido con la construcci\u00f3n del segundo piso de la transformaci\u00f3n en el estado.<\/p>\n\n\n\n<p>De esta manera, la transformaci\u00f3n de Veracruz se seguir\u00e1 construyendo con las y los Coordinadores de la Defensa de la Transformaci\u00f3n Verde, as\u00ed como los Promotores de la Cuarta Transformaci\u00f3n que fueron nombrados por el dirigente estatal, Edgar Herrera Lendechy.<br>Las mujeres y hombres designados este d\u00eda fueron:<\/p>\n\n\n\n<p>\u2022\u2060 \u2060Laura Molina Dom\u00ednguez para Miahuatl\u00e1n, como Coordinadora de la Defensa de la Transformaci\u00f3n Verde.<br>\u2022\u2060 \u2060Marina Mart\u00ednez L\u00f3pez para Huayacocotla, como Promotora de la Cuarta Transformaci\u00f3n.<br>\u2022\u2060 \u2060Ana Patricia Robles Pulido para Manlio Fabio Altamirano, como Coordinadora de la Defensa de la Transformaci\u00f3n Verde.<br>\u2022\u2060 \u2060Cirina Apodaca Qui\u00f1ones para Tonay\u00e1n, como Promotora de la Cuarta Transformaci\u00f3n.<br>\u2022\u2060 \u2060Johanna Esmit Lozano Nev\u00e1rez para Yanga, como Promotora de la Cuarta Transformaci\u00f3n.<br>\u2022\u2060 \u2060Luz Mar\u00eda Guadalupe Dom\u00ednguez Guere\u00f1a para Hidalgotitl\u00e1n, como Promotora de la Cuarta Transformaci\u00f3n.<br>\u2022\u2060 \u2060Rafael Gustavo Fararoni Maga\u00f1a para San Andr\u00e9s Tuxtla, como Coordinador de la Defensa de la Transformaci\u00f3n Verde.<br>\u2022\u2060 \u2060Elena Montalvo Luna para Cosoleacaque, como Coordinadora de la Defensa de la Transformaci\u00f3n Verde.<br>\u2022\u2060 \u2060Alberto \u00c1ngel Cobos Alvarado M\u00e1rquez para Alvarado, como Promotor de la Cuarta Transformaci\u00f3n.<br>\u2022\u2060 \u2060Miriam Cruz Gonz\u00e1lez para Tempoal, como Promotora de la Cuarta Transformaci\u00f3n.<br>\u2022\u2060 \u2060Alejandra Zepehua Hern\u00e1ndez para Tequila, como Coordinadora de la Defensa de la Transformaci\u00f3n Verde.<\/p>\n\n\n\n<p>El compromiso verde contin\u00faa gracias a labor incansable de las y los coordinadores designados en todo el territorio, fundamental para avanzar en la consolidaci\u00f3n de la transformaci\u00f3n en la entidad.<\/p>\n","protected":false},"excerpt":{"rendered":"<p>\u2002\u2002\u00daNETE A NUESTRO CANAL \u00a1LOS POL\u00cdTICOS VERACRUZ ya est\u00e1 en WhatsApp! Bajo el liderazgo de Edgar Herrera Lendechy, el Partido Verde Ecologista de M\u00e9xico (PVEM) en Veracruz ha fortalecido su estructura territorial con la designaci\u00f3n de nuevos Coordinadores de la Defensa de la Transformaci\u00f3n Verde y Promotores de la Cuarta Transformaci\u00f3n. Estos nombramientos, anunciados hoy, [&hellip;]<\/p>\n","protected":false},"author":2,"featured_media":141337,"comment_status":"closed","ping_status":"closed","sticky":false,"template":"","format":"standard","meta":{"_jetpack_newsletter_access":"","_jetpack_dont_email_post_to_subs":false,"_jetpack_newsletter_tier_id":0,"_jetpack_memberships_contains_paywalled_content":false,"_jetpack_memberships_contains_paid_content":false,"footnotes":""},"categories":[73],"tags":[41751,264],"class_list":["post-141336","post","type-post","status-publish","format-standard","has-post-thumbnail","hentry","category-de-boleto","tag-edgar-herrera-lendechy","tag-pvem"],"jetpack_featured_media_url":"https:\/\/lospoliticosveracruz.com.mx\/wp-content\/uploads\/2025\/04\/Edgar-Herrera-Lendechy.jpeg","jetpack_sharing_enabled":true,"jetpack_shortlink":"https:\/\/wp.me\/p4Qcd3-ALC","_links":{"self":[{"href":"https:\/\/lospoliticosveracruz.com.mx\/index.php?rest_route=\/wp\/v2\/posts\/141336","targetHints":{"allow":["GET"]}}],"collection":[{"href":"https:\/\/lospoliticosveracruz.com.mx\/index.php?rest_route=\/wp\/v2\/posts"}],"about":[{"href":"https:\/\/lospoliticosveracruz.com.mx\/index.php?rest_route=\/wp\/v2\/types\/post"}],"author":[{"embeddable":true,"href":"https:\/\/lospoliticosveracruz.com.mx\/index.php?rest_route=\/wp\/v2\/users\/2"}],"replies":[{"embeddable":true,"href":"https:\/\/lospoliticosveracruz.com.mx\/index.php?rest_route=%2Fwp%2Fv2%2Fcomments&post=141336"}],"version-history":[{"count":2,"href":"https:\/\/lospoliticosveracruz.com.mx\/index.php?rest_route=\/wp\/v2\/posts\/141336\/revisions"}],"predecessor-version":[{"id":141339,"href":"https:\/\/lospoliticosveracruz.com.mx\/index.php?rest_route=\/wp\/v2\/posts\/141336\/revisions\/141339"}],"wp:featuredmedia":[{"embeddable":true,"href":"https:\/\/lospoliticosveracruz.com.mx\/index.php?rest_route=\/wp\/v2\/media\/141337"}],"wp:attachment":[{"href":"https:\/\/lospoliticosveracruz.com.mx\/index.php?rest_route=%2Fwp%2Fv2%2Fmedia&parent=141336"}],"wp:term":[{"taxonomy":"category","embeddable":true,"href":"https:\/\/lospoliticosveracruz.com.mx\/index.php?rest_route=%2Fwp%2Fv2%2Fcategories&post=141336"},{"taxonomy":"post_tag","embeddable":true,"href":"https:\/\/lospoliticosveracruz.com.mx\/index.php?rest_route=%2Fwp%2Fv2%2Ftags&post=141336"}],"curies":[{"name":"wp","href":"https:\/\/api.w.org\/{rel}","templated":true}]}}