{"id":141360,"date":"2025-04-06T10:00:17","date_gmt":"2025-04-06T15:00:17","guid":{"rendered":"https:\/\/lospoliticosveracruz.com.mx\/?p=141360"},"modified":"2025-04-06T16:11:56","modified_gmt":"2025-04-06T21:11:56","slug":"carlos-ernesto","status":"publish","type":"post","link":"https:\/\/lospoliticosveracruz.com.mx\/?p=141360","title":{"rendered":"CARLOS ERNESTO"},"content":{"rendered":"\n<p><strong><a href=\"https:\/\/whatsapp.com\/channel\/0029Va8zRWlEKyZIP3Z1dF0e\">\u2002\u2002<strong>\u00danete a nuestro canal&nbsp;<\/strong>\u2002<\/a><\/strong><\/p>\n\n\n\n<p>\u00a1<strong>LOS POL\u00cdTICOS VERACRUZ<\/strong>&nbsp;ya est\u00e1 en WhatsApp!<\/p>\n\n\n\n<p><\/p>\n\n\n\n<p><em><strong>Juan de Dios S\u00e1nchez Abreu<\/strong><\/em><\/p>\n\n\n\n<p><em>El Gordito de Oro<\/em><\/p>\n\n\n\n<p>Mi sincera condolencia a la familia de mi amiga Maru Pinete, una gran mujer y valioso ser humano, se nos adelant\u00f3 en el camino Celestial. \u00a1Am\u00e9n!<\/p>\n\n\n\n<p>La Familia S\u00e1nchez Jerezano, est\u00e1 muy contenta y orgullosa de Luis Felipe S\u00e1nchez Jerezano (PIPE) por haber egresado de la generaci\u00f3n 2021-2025 de la carrera de Derecho de la excelente Universidad de Xalapa. (Habemus Abogado).&nbsp;&nbsp;<\/p>\n\n\n\n<p>En pol\u00edtica la brecha generacional parece que no se nota, pero lo es todo. Gran impacto caus\u00f3 en algunos sectores de la sociedad civil la designaci\u00f3n en Tempoal de un personaje exconvicto por graves delitos, como Coordinador del Partido Verde. Este individuo, que se dice es cercano al partido gobernante, habr\u00eda sido impuesto como parte de la negociaci\u00f3n de la coalici\u00f3n a los del Tuc\u00e1n, situaci\u00f3n avalada (y quiz\u00e1 hasta propiciada) por quien gusta decir que es quien sigue manejando esa franquicia en el Estado, desde el Palacio del Encanto. Sin embargo, esta generaci\u00f3n de los 90\u2019s que dirigen MC y el PVEM, tiene su particular manera de operar y en un giro que no deja de sorprender por su precisi\u00f3n, el oficialmente dirigente del Partido Verde da un golpe de tim\u00f3n y no solamente logra sacudirse el compromiso de postular a este se\u00f1or, sino que registra como candidata en ese municipio a una mujer. J\u00f3venes calladitos calladitos, operan mas bonito.<\/p>\n\n\n\n<p>En el municipio de Emiliano Zapata, Veracruz, debe de ser electo un alcalde con experiencia, que conozca su problem\u00e1tica, ya que despu\u00e9s del desorden, que hubo en la contienda interna de la alianza Verde y Morena, para elegir su candidato, donde saliera electo el menos pensado, y el m\u00e1s rechazado por los propios militantes de Morena y Verde. Daniel Baizabal, que es mal visto, adem\u00e1s de ser un chapul\u00edn, defraudador y perdedor ya en varias ocasiones. Por lo que el escenario se abri\u00f3 para otros candidatos con experiencia pol\u00edtica y administrativa, estamos hablando de Carlos Ernesto Hern\u00e1ndez, quien ya fue alcalde y diputado local y dej\u00f3 un buen sabor de boca en su encomienda, hoy participar\u00e1 por el Partido Acci\u00f3n Nacional (PAN), quien lo acogi\u00f3 con buenos ojos; pero no solo los panistas, sino adem\u00e1s gente de Morena y PRI lo apoyan. Por lo que la pelea va estar muy pareja. Daniel Baizabal est\u00e1 confiado en los programas federales, quien cree que la gente es tonta; el pueblo ya aprendi\u00f3 y mas en las elecciones municipales, saben qui\u00e9n es el bueno para ser el alcalde, es la autoridad con quien tienen m\u00e1s contactos para sus problemas locales. (agua, luz, pavimentaci\u00f3n, etc.), por eso la gente ve con buenos ojos al candidato a la presidencia municipal. Por su lado Carlos Ernesto, cuando fue alcalde dej\u00f3 un buen trabajo en obras, y saben que llegando \u00e9l al H. Ayuntamiento se podr\u00e1 trabajar mejor para el crecimiento de Emiliano Zapata. As\u00ed las cosas en el municipio de m\u00e1s crecimiento en plusval\u00eda y cercano a la capital de Estado. \u00a1Tiempo al tiempo!<\/p>\n\n\n\n<p>***\u00bbSi las cosas se hicieran f\u00e1cilmente, cualquiera las har\u00eda\u00bb. Por eso las envidias est\u00e1n a la orden del d\u00eda. Al profesor, l\u00edder social y diputado local, Esteban Bautista Hern\u00e1ndez, le realizan fuego amigo desde el mismo Congreso del Estado, por su desarrollo en el buen trabajo que viene realizando desde la Junta de Coordinaci\u00f3n Pol\u00edtica (JUCOPO) del Congreso Local de Veracruz (que mas de uno quisiera), pero Esteban Bautista es un hombre que viene trabajando desde muy joven; empez\u00f3 en su municipio, Tatahuicapan, despu\u00e9s en el distrito y posteriormente en el Estado de Veracruz. As\u00ed ha ido escalando en su vida profesional, adem\u00e1s de ser un incansable&nbsp;&nbsp;luchador social, y eso le ha permitido avanzar en la pol\u00edtica, siendo alcalde de su querido pueblo Tatahuicapan, despu\u00e9s diputado federal por el distrito de Cosoleacaque, y actualmente diputado local, fue electo por sus compa\u00f1eros como coordinado de la bancada de Morena y presidente de la JUCOPO donde viene haciendo un excelente trabajo, llevando una buena relaci\u00f3n con sus 49 compa\u00f1eros diputados de todas las bancadas partidistas, claro que hay celos de algunos compa\u00f1eros, quienes quisieran estar en su lugar, pero cuando eres trabajador y, principalmente honesto y leal al equipo, por eso te llegan estas grandes oportunidades. Si no preg\u00fantele a la gobernadora Roc\u00edo Nahle, que ciegamente le tiene toda la confianza a su compa\u00f1ero de lucha el Profesor Esteban Bautista. \u00a1Hay plumajes que cruzan el pantano y no se manchan \u2026.!&nbsp;&nbsp; &nbsp; &nbsp;<\/p>\n\n\n\n<p>***\u00a1L\u00e1stima Margarito! as\u00ed le dijeron al senador Miguel \u00c1ngel Yunes (Chiquiyunes) en el Comit\u00e9 Ejecutivo Nacional de Morena, al quitarle su afiliaci\u00f3n al partido en el poder por justificar que \u00e9l sigue militando en el PAN, por lo que no fue aceptado; eso demuestra que la palabra de la gobernadora, Roc\u00edo Nahle, tiene fuerza en el partido Morena, ya que ella fue la primera en inconformarse&nbsp;&nbsp;cuando se enter\u00f3 que Chiquiyunes hab\u00eda pedido ser militante de Morena, impulsado desde el Senado de la Rep\u00fablica, pero todos sabemos que las diferencias internas que hay entre algunos senadores de Morena, y la gobernadora de Veracruz, pusieron entre la pared a la presidenta nacional de Morena, Luisa Mar\u00eda Alcalde y al secretario de organizaci\u00f3n, Andr\u00e9s Manuel L\u00f3pez Beltr\u00e1n, ya que no sab\u00edan qu\u00e9 salida darle a la petici\u00f3n de Roc\u00edo Nahle. Me imagino que hicieron una evaluaci\u00f3n de qui\u00e9n era m\u00e1s valioso dentro de Morena. y al final decidieron seguir apoyando a una militante con respeto y trabajo dentro del partido. As\u00ed que chiquiyunes tendr\u00e1 que esperar otro momento para poder ser militante de Morena. \u00a1Mientras se queda en la bancada de Morena en el Senado, pero sin ser militante!<\/p>\n\n\n\n<p>***-En El Higo, el eterno aspirante morenista a la alcald\u00eda, y fundador de ese partido en este municipio, Gustavo Garc\u00eda S\u00e1nchez, al no ser favorecido en la encuesta, despotric\u00f3 contra sus dirigentes y ahora se suma al PAN donde lo hacen candidato y espera dar la batalla.- En Tantoyuca se observa muy dispareja la contienda pues, mientras en el PAN, el experimentado candidato Joaqu\u00edn Guzm\u00e1n Avil\u00e9s, afina su consolidada maquinaria electoral.- El abanderado morenista Roberto San Rom\u00e1n Solana. contin\u00faa festejando su designaci\u00f3n apost\u00e1ndole a la marca sin estrategia alguna, y mucho menos conformar un equipo de campa\u00f1a competitivo, pero la intenci\u00f3n es participar dicen sus escasos seguidores.- La candidata del PT en El Higo, C. Juana Mar\u00eda Mart\u00ednez Guerrero, arranca en medio de graves y fuertes se\u00f1alamientos de corrupci\u00f3n en su anterior gesti\u00f3n municipal donde fungi\u00f3 como alcaldesa priista, adem\u00e1s de un proceso legal penal en su contra por el delito de robo agravado de un chalan met\u00e1lico y un costoso equipo de riego con tuber\u00eda de aluminio valuado en varios millones de pesos,&nbsp;&nbsp;carpeta de investigaci\u00f3n FG 251\/2020 \u00bfIgnorar\u00e1 eso la dirigencia petista en el Estado?<\/p>\n\n\n\n<p>***Nos leemos la pr\u00f3xima semana. Te invitamos a que nos sigas por todas nuestras plataformas y redes sociales. Noticias y entrevista INNOVA-DIGITAL, L\u00daDICO con \u00abEL GORDITO DE ORO\u00bb, la revista virtual INNOVA-DIGITAL, y el portal&nbsp;<a href=\"http:\/\/www.agenciainnovadigital.com.mx\/\"><strong><em>www.agenciainnovadigital.com.mx<\/em><\/strong><\/a><\/p>\n","protected":false},"excerpt":{"rendered":"<p>\u2002\u2002\u00danete a nuestro canal&nbsp;\u2002 \u00a1LOS POL\u00cdTICOS VERACRUZ&nbsp;ya est\u00e1 en WhatsApp! Juan de Dios S\u00e1nchez Abreu El Gordito de Oro Mi sincera condolencia a la familia de mi amiga Maru Pinete, una gran mujer y valioso ser humano, se nos adelant\u00f3 en el camino Celestial. \u00a1Am\u00e9n! La Familia S\u00e1nchez Jerezano, est\u00e1 muy contenta y orgullosa de [&hellip;]<\/p>\n","protected":false},"author":2,"featured_media":141259,"comment_status":"closed","ping_status":"closed","sticky":false,"template":"","format":"standard","meta":{"_jetpack_newsletter_access":"","_jetpack_dont_email_post_to_subs":false,"_jetpack_newsletter_tier_id":0,"_jetpack_memberships_contains_paywalled_content":false,"_jetpack_memberships_contains_paid_content":false,"footnotes":""},"categories":[70],"tags":[436],"class_list":["post-141360","post","type-post","status-publish","format-standard","has-post-thumbnail","hentry","category-de-opinion","tag-juan-de-dios-sanchez-abreu"],"jetpack_featured_media_url":"https:\/\/lospoliticosveracruz.com.mx\/wp-content\/uploads\/2025\/04\/Juan-Sanchez-Abreu.jpg","jetpack_sharing_enabled":true,"jetpack_shortlink":"https:\/\/wp.me\/p4Qcd3-AM0","_links":{"self":[{"href":"https:\/\/lospoliticosveracruz.com.mx\/index.php?rest_route=\/wp\/v2\/posts\/141360","targetHints":{"allow":["GET"]}}],"collection":[{"href":"https:\/\/lospoliticosveracruz.com.mx\/index.php?rest_route=\/wp\/v2\/posts"}],"about":[{"href":"https:\/\/lospoliticosveracruz.com.mx\/index.php?rest_route=\/wp\/v2\/types\/post"}],"author":[{"embeddable":true,"href":"https:\/\/lospoliticosveracruz.com.mx\/index.php?rest_route=\/wp\/v2\/users\/2"}],"replies":[{"embeddable":true,"href":"https:\/\/lospoliticosveracruz.com.mx\/index.php?rest_route=%2Fwp%2Fv2%2Fcomments&post=141360"}],"version-history":[{"count":1,"href":"https:\/\/lospoliticosveracruz.com.mx\/index.php?rest_route=\/wp\/v2\/posts\/141360\/revisions"}],"predecessor-version":[{"id":141361,"href":"https:\/\/lospoliticosveracruz.com.mx\/index.php?rest_route=\/wp\/v2\/posts\/141360\/revisions\/141361"}],"wp:featuredmedia":[{"embeddable":true,"href":"https:\/\/lospoliticosveracruz.com.mx\/index.php?rest_route=\/wp\/v2\/media\/141259"}],"wp:attachment":[{"href":"https:\/\/lospoliticosveracruz.com.mx\/index.php?rest_route=%2Fwp%2Fv2%2Fmedia&parent=141360"}],"wp:term":[{"taxonomy":"category","embeddable":true,"href":"https:\/\/lospoliticosveracruz.com.mx\/index.php?rest_route=%2Fwp%2Fv2%2Fcategories&post=141360"},{"taxonomy":"post_tag","embeddable":true,"href":"https:\/\/lospoliticosveracruz.com.mx\/index.php?rest_route=%2Fwp%2Fv2%2Ftags&post=141360"}],"curies":[{"name":"wp","href":"https:\/\/api.w.org\/{rel}","templated":true}]}}