{"id":141731,"date":"2025-04-09T22:49:49","date_gmt":"2025-04-10T03:49:49","guid":{"rendered":"https:\/\/lospoliticosveracruz.com.mx\/?p=141731"},"modified":"2025-04-09T22:50:06","modified_gmt":"2025-04-10T03:50:06","slug":"ruth-ochoa-mendoza","status":"publish","type":"post","link":"https:\/\/lospoliticosveracruz.com.mx\/?p=141731","title":{"rendered":"RUTH OCHOA MENDOZA"},"content":{"rendered":"\n<p><a><\/a><a href=\"https:\/\/whatsapp.com\/channel\/0029Va8zRWlEKyZIP3Z1dF0e\"><strong>\u2002\u2002<\/strong><strong>\u00da<\/strong><strong>NETE A NUESTRO CANAL<\/strong><strong><\/strong><\/a><\/p>\n\n\n\n<p>\u00a1<a href=\"https:\/\/whatsapp.com\/channel\/0029Va8zRWlEKyZIP3Z1dF0e\"><strong>LOS POL\u00cd<\/strong><strong>TICOS VERACRUZ<\/strong><\/a> ya est\u00e1 en WhatsApp!<\/p>\n\n\n\n<p><strong>Bernardo Guti\u00e9rrez Parra<br><\/strong><em>Desde el Caf\u00e9<br><\/em>\u00bfSab\u00edas lector qu\u00e9 es un Magistrado del Tribunal de Apelaci\u00f3n? O te la pongo m\u00e1s sencilla; \u00bfsab\u00edas de su existencia? Si tu respuesta a ambas preguntas es no, no te preocupes ya que nueve de cada diez mexicanos lo ignoran.<\/p>\n\n\n\n<p>Esta semana tuve la oportunidad de platicar con la Doctora Ruth Ochoa Mendoza, que es una de las magistradas m\u00e1s preparadas de Veracruz y me platic\u00f3 sobre el tema.<\/p>\n\n\n\n<p>\u201cLa apelaci\u00f3n es el derecho que tiene todo aquel ciudadano que se ve afectado ante la resoluci\u00f3n de un juez, que le afecta o que no lo deja del todo satisfecho. As\u00ed que una resoluci\u00f3n que es apelada debe ser enviada a una instancia superior, para que revise la actuaci\u00f3n del juez y en su caso corregirle la plana. Es decir, para ordenarle que modifique o de plano para resolver por \u00e9l el asunto que le remiten. Esta instancia superior es un Magistrado del Tribunal de Apelaci\u00f3n, en este caso, de materia mixta, en el fuero federal; as\u00ed que este Magistrado de apelaci\u00f3n en materia mixta es quien se encarga de revisar lo que hacen los jueces federales de Distrito, que antes eran de Circuito, ahora son Tribunales colegiados de apelaci\u00f3n, segunda instancia del Poder Judicial de la Federaci\u00f3n\u201d me dijo la magistrada.<\/p>\n\n\n\n<p>Como ves, lector, no debe sentirse mal quien no entiende el entramado jur\u00eddico ni lo que hacen los Magistrados. Lo que s\u00ed nos debe interesar, es que no llegue a un lugar de tan compleja operaci\u00f3n alg\u00fan ignorante y mucho menos si adem\u00e1s de ignorante es soberbio y corrupto.<\/p>\n\n\n\n<p>En nuestra entidad existen dos Tribunales de Apelaci\u00f3n que son el 7 y el 10 y estos revisan casi a una veintena de Jueces federales y deben resolver infinidad de asuntos penales, civiles, laborales y fiscales y asuntos delicados y riesgosos que tienen que ver con las Fuerzas Armadas, con delincuencia organizada, defraudaci\u00f3n fiscal, huachicoleo y enriquecimiento il\u00edcito. adem\u00e1s de asuntos de todas las dependencias federales. De ah\u00ed la importancia de que no puede llegar el amigo de un amigo, mucho menos si no est\u00e1 preparado, a\u00fan cuando sea muy leal y hasta honesto, porque hasta corre riegos no solo de responsabilidades administrativas o penales, sino hasta de su integridad f\u00edsica y, lo m\u00e1s importante, no sabr\u00eda corregir las pifias de los jueces porque el corregido ser\u00eda \u00e9l.<\/p>\n\n\n\n<p>Por la importancia del proceso de elecci\u00f3n de Ministros, Jueces y Magistrados, le pregunt\u00e9 a la Doctora Ochoa Mendoza, sobre su aspiraci\u00f3n a la Magistratura del Tribunal Colegiado de Apelaci\u00f3n.<\/p>\n\n\n\n<p>-\u00bfQuiere ser los ojos que estar\u00e1n viendo lo que hacen los jueces de Distrito?- le pregunt\u00e9.<\/p>\n\n\n\n<p>-Quiero ser quien revise que la ley se aplique correctamente en el 7o. Circuito y, lo m\u00e1s importante, que nadie se vea afectado en sus derechos por una incorrecta interpretaci\u00f3n del derecho o por intereses ajenos a la justicia por una mala resoluci\u00f3n- me contest\u00f3.<\/p>\n\n\n\n<p>Y a rengl\u00f3n seguido agreg\u00f3: \u201cLa apelaci\u00f3n es eso, el derecho que tienen quienes se sienten afectados por una resoluci\u00f3n, para que una instancia superior revise si \u00e9sta se ajust\u00f3 al debido proceso y si fueron valorados todos los elementos que se vieron durante ese proceso. Como ve, la funci\u00f3n de un Magistrado es muy importante, porque adem\u00e1s de lo anterior, resuelve juicios de amparo contra actos de otros Tribunales Colegiados de Apelaci\u00f3n, califica impedimentos de esos magistrados para conocer algunos asuntos, adem\u00e1s de otras controversias y otras labores que la ley les asigna a los Magistrados, as\u00ed que se requiere un amplio conocimiento y mucha experiencia para desempe\u00f1ar este cargo\u201d.<\/p>\n\n\n\n<p>-De ser usted electa, \u00bfser\u00eda la \u00fanica Magistrada a cargo de tanta chamba?<\/p>\n\n\n\n<p>-No, ser\u00edamos tres Magistrados quienes resolver\u00edamos todo en audiencias presenciales o por videoconferencia- contest\u00f3.<\/p>\n\n\n\n<p>-\u00bfCu\u00e1l ser\u00eda, Doctora, la mayor relevancia del desempe\u00f1o en ese cargo?- pregunt\u00e9.<\/p>\n\n\n\n<p>-Son varias, pero una de las que considero m\u00e1s relevantes es la certeza jur\u00eddica, la tranquilidad del ciudadano de que si alg\u00fan Juez no resuelve conforme a derecho, habr\u00e1 otra instancia que, si le asiste la raz\u00f3n, se la dar\u00e1, sin duda. Eso genera confianza y tranquilidad en el ciudadano porque hay garant\u00eda de justicia.<\/p>\n\n\n\n<p>-Entonces, para llegar a ese cargo se debe estar muy bien preparado.<\/p>\n\n\n\n<p>-Efectivamente. todas las aspiraciones de promoci\u00f3n laboral, como en todo, deben estar plenamente justificadas y sustentadas. En mi caso, pr\u00e1cticamente conozco todas las \u00e1reas, desde diferentes \u00f3pticas, porque he estado en diversas instituciones que se relacionan con el cargo al que aspiro.<\/p>\n\n\n\n<p>Y me dio a conocer el largo camino que ha recorrido para llegar hasta donde est\u00e1: \u201cFui Agente del Ministerio P\u00fablico Federal por diez a\u00f1os, empezando como oficial secretario, que es en donde m\u00e1s se foguea uno haciendo de todo, porque hasta de testigos la hac\u00edamos. Despu\u00e9s, me toc\u00f3 litigar, es decir, estuve del otro lado del escritorio, otra \u00f3ptica. Tambi\u00e9n estuve en la iniciativa privada en las \u00e1reas del derecho, y tambi\u00e9n en la docencia, en una universidad privada, aqu\u00ed en Xalapa, hasta que tuve oportunidad de participar en un concurso de oposici\u00f3n para ingresar a la entonces Procuradur\u00eda General de la Rep\u00fablica.<\/p>\n\n\n\n<p>\u201cLlegar ah\u00ed no fue f\u00e1cil, pues \u00e9ramos 650 aspirantes de todo el pa\u00eds, pasamos a la siguiente etapa solo 60 y al final, qued\u00e9 yo como la elegida. Eso me dio la oportunidad de capacitarme en la funci\u00f3n ministerial, especialidad que ofrece el Instituto Nacional de Ciencias Penales en la Ciudad de M\u00e9xico, que es una instituci\u00f3n muy prestigiada que capacita a los Agentes del Ministerio P\u00fablico Federal, hoy Fiscales Federales.<\/p>\n\n\n\n<p>\u201cY en un a\u00f1o tuve que presentar un examen de oposici\u00f3n que versa sobre 30 materias, esto para asumir el cargo de Fiscal Federal. Una gran experiencia, porque fui adscrita a la Delegaci\u00f3n Estatal en Sinaloa, que presenta complicaciones m\u00e1s dif\u00edciles que en otras entidades y me escogieron justamente por el perfil y por los cursos que ya acumulaba, y porque hab\u00eda hecho mis pr\u00e1cticas en la Subprocuradur\u00eda Especializada en Delincuencia Organizada, lavado de dinero y contaba con suficientes pr\u00e1cticas en campo como el aseguramiento de pirater\u00eda y otros delitos federales\u201d.<\/p>\n\n\n\n<p>Este es lector, el perfil de una de las m\u00e1s preparadas aspirantes a ser Magistrada del Tribunal Colegiado de Apelaci\u00f3n en materia Mixta, la Doctora Ruth Ochoa Mendoza, quien aparecer\u00e1 en las boletas con el n\u00famero 11, en un cuadro azul y en una boleta rosa, en la elecci\u00f3n del pr\u00f3ximo 1 de junio.<\/p>\n\n\n\n<p>bernardogup@hotmail.com<\/p>\n","protected":false},"excerpt":{"rendered":"<p>\u2002\u2002\u00daNETE A NUESTRO CANAL \u00a1LOS POL\u00cdTICOS VERACRUZ ya est\u00e1 en WhatsApp! Bernardo Guti\u00e9rrez ParraDesde el Caf\u00e9\u00bfSab\u00edas lector qu\u00e9 es un Magistrado del Tribunal de Apelaci\u00f3n? O te la pongo m\u00e1s sencilla; \u00bfsab\u00edas de su existencia? Si tu respuesta a ambas preguntas es no, no te preocupes ya que nueve de cada diez mexicanos lo ignoran. [&hellip;]<\/p>\n","protected":false},"author":2,"featured_media":141479,"comment_status":"closed","ping_status":"closed","sticky":false,"template":"","format":"standard","meta":{"_jetpack_newsletter_access":"","_jetpack_dont_email_post_to_subs":false,"_jetpack_newsletter_tier_id":0,"_jetpack_memberships_contains_paywalled_content":false,"_jetpack_memberships_contains_paid_content":false,"footnotes":""},"categories":[70],"tags":[],"class_list":["post-141731","post","type-post","status-publish","format-standard","has-post-thumbnail","hentry","category-de-opinion"],"jetpack_featured_media_url":"https:\/\/lospoliticosveracruz.com.mx\/wp-content\/uploads\/2025\/04\/Bernardo-Gutierrez-Parra.jpg","jetpack_sharing_enabled":true,"jetpack_shortlink":"https:\/\/wp.me\/p4Qcd3-ARZ","_links":{"self":[{"href":"https:\/\/lospoliticosveracruz.com.mx\/index.php?rest_route=\/wp\/v2\/posts\/141731","targetHints":{"allow":["GET"]}}],"collection":[{"href":"https:\/\/lospoliticosveracruz.com.mx\/index.php?rest_route=\/wp\/v2\/posts"}],"about":[{"href":"https:\/\/lospoliticosveracruz.com.mx\/index.php?rest_route=\/wp\/v2\/types\/post"}],"author":[{"embeddable":true,"href":"https:\/\/lospoliticosveracruz.com.mx\/index.php?rest_route=\/wp\/v2\/users\/2"}],"replies":[{"embeddable":true,"href":"https:\/\/lospoliticosveracruz.com.mx\/index.php?rest_route=%2Fwp%2Fv2%2Fcomments&post=141731"}],"version-history":[{"count":2,"href":"https:\/\/lospoliticosveracruz.com.mx\/index.php?rest_route=\/wp\/v2\/posts\/141731\/revisions"}],"predecessor-version":[{"id":141733,"href":"https:\/\/lospoliticosveracruz.com.mx\/index.php?rest_route=\/wp\/v2\/posts\/141731\/revisions\/141733"}],"wp:featuredmedia":[{"embeddable":true,"href":"https:\/\/lospoliticosveracruz.com.mx\/index.php?rest_route=\/wp\/v2\/media\/141479"}],"wp:attachment":[{"href":"https:\/\/lospoliticosveracruz.com.mx\/index.php?rest_route=%2Fwp%2Fv2%2Fmedia&parent=141731"}],"wp:term":[{"taxonomy":"category","embeddable":true,"href":"https:\/\/lospoliticosveracruz.com.mx\/index.php?rest_route=%2Fwp%2Fv2%2Fcategories&post=141731"},{"taxonomy":"post_tag","embeddable":true,"href":"https:\/\/lospoliticosveracruz.com.mx\/index.php?rest_route=%2Fwp%2Fv2%2Ftags&post=141731"}],"curies":[{"name":"wp","href":"https:\/\/api.w.org\/{rel}","templated":true}]}}