{"id":141847,"date":"2025-04-11T06:49:54","date_gmt":"2025-04-11T11:49:54","guid":{"rendered":"https:\/\/lospoliticosveracruz.com.mx\/?p=141847"},"modified":"2025-04-11T06:50:08","modified_gmt":"2025-04-11T11:50:08","slug":"teuchitlan-v","status":"publish","type":"post","link":"https:\/\/lospoliticosveracruz.com.mx\/?p=141847","title":{"rendered":"TEUCHITL\u00c1N\u00a0V"},"content":{"rendered":"\n<p>[S\u00edguenos ahora tambi\u00e9n en WhatsApp.\u00a0<a href=\"https:\/\/whatsapp.com\/channel\/0029Va8zRWlEKyZIP3Z1dF0e\"><strong><em>Da clic aqu\u00ed<\/em><\/strong><\/a>]\u00a0<br><strong>Felipe de Jes\u00fas Fern\u00e1ndez Basilio<\/strong><\/p>\n\n\n\n<p><em>Desde a Janela<\/em><\/p>\n\n\n\n<p>Se dice con un dejo de resignaci\u00f3n que el crimen organizado en M\u00e9xico es como un monstruo de mil cabezas y si se intenta cortarlas, aparte de nunca terminar a causa de su gran n\u00famero, las que han sido cercenadas volver\u00e1n a crecer y hasta se multiplicar\u00e1n.<\/p>\n\n\n\n<p>Y efectivamente, erradicar la violencia criminal en M\u00e9xico es algo muy complicado, ya que como vimos en la entrega el anterior, la normalizaci\u00f3n de la violencia est\u00e1 muy arraigada en la sociedad y por lo mismo en el Estado.<\/p>\n\n\n\n<p>Mas lo anterior no quiere decir que aminorarla e incluso erradicarla sea imposible, solo que para lograr resultados primero que nada hay que reconocer el problema, lo cual a todas luces no est\u00e1 aconteciendo y muestra de ello,&nbsp;son las maromas que hacen tanto el gobierno como la Fiscal\u00eda General de la Rep\u00fablica para tratar de ocultar los hechos y lugares que muestran el horror en el que murieron miles de mexicanos y en el que viven muchos m\u00e1s.<\/p>\n\n\n\n<p>Y una vez que el problema sea reconocido, hay que buscar soluciones y estas necesitan ser multidisciplinarias debido a que el problema de la violencia del crimen organizado tiene muchas facetas.<\/p>\n\n\n\n<p>En&nbsp;esta ocasi\u00f3n vamos a centrarnos en que&nbsp;se tiene que fortalecer la represi\u00f3n, s\u00ed esa palabra que no nos gusta pero que en cuestiones criminales es imperativa; la \u00fanica represi\u00f3n que es permitida y que adem\u00e1s es una obligaci\u00f3n del Estado es la del delito.<\/p>\n\n\n\n<p>El Estado mexicano si es que en verdad quiere ser soberano tiene que reprimir sin tregua ni cuartel a la delincuencia organizada y para poder hacerlo con \u00e9xito tiene que establecer una polic\u00eda cient\u00edfica y tiene que modificar de ra\u00edz la forma de trabajo de las fiscal\u00edas.<\/p>\n\n\n\n<p>La polic\u00eda cient\u00edfica se necesita con urgencia, porque la \u00fanica forma efectiva conocida por la humanidad para combatir a los delincuentes se da a trav\u00e9s de la investigaci\u00f3n policial, investigaci\u00f3n que se da tanto en la propia escena del&nbsp;crimen como en todo lo que hay a su alrededor, como pueden ser v\u00ednculos financieros, estructuras trasnacionales, etc.<\/p>\n\n\n\n<p>Pero para poder investigar con excelencia y as\u00ed armar buenas acusaciones ante los tribunales es indispensable tener una polic\u00eda no militar sino cient\u00edfica y que&nbsp;sea una sola instituci\u00f3n con profesionistas en todas las \u00e1reas en las que se requieran para abrir una l\u00ednea de investigaci\u00f3n.<\/p>\n\n\n\n<p>El problema en M\u00e9xico siempre ha consistido en que esa polic\u00eda nunca ha existido y lo que hay son polic\u00edas sin estudios superiores y alguna que otra corporaci\u00f3n especializada pero que pertenecen a dependencias diversas, lo que inevitablemente dificulta la cooperaci\u00f3n entre ellas; un ejemplo de ello es la UIF que depende de Hacienda y no de Seguridad P\u00fablica y otro es que los Servicios Periciales pertenecen a las fiscal\u00edas y no a Seguridad P\u00fablica.<\/p>\n\n\n\n<p>Si existiera una polic\u00eda que se encargara de llevar a cabo las investigaciones a fondo, se conseguir\u00eda con relativa facilidad el siguiente objetivo que es&nbsp;volvereficientes<a><\/a>&nbsp;a las fiscal\u00edas, ya que estas solo se dedicar\u00edan a lo que deben de ser y no tendr\u00edan el rezago que tienen ni tampoco se cometer\u00edan tantos errores en la integraci\u00f3n de las carpetas de investigaci\u00f3n.<\/p>\n\n\n\n<p>As\u00ed es, una fiscal\u00eda profesional es receptora y no hacedora de&nbsp;las&nbsp;investigaciones; la funci\u00f3n real del fiscal es dar forma legal a las investigaciones que hace la polic\u00eda con la finalidad de presentar una acusaci\u00f3n ante un juez y una vez que la presenta, sostenerla a trav\u00e9s de la litigaci\u00f3n con el objetivo de lograr una sentencia condenatoria.<\/p>\n\n\n\n<p>El error hist\u00f3rico en M\u00e9xico ha sido hacer que los fiscales, o peor a\u00fan las propias v\u00edctimas, tengan que realizar las investigaciones cuando es evidente que no est\u00e1n capacitados para ello, teniendo como consecuencia una serie de errores en las investigaciones que provocan que no se sostengan cuando llegan al juzgador.<\/p>\n\n\n\n<p>M\u00e1s en M\u00e9xico, hasta ahorita, en lugar de avanzar hacia una represi\u00f3n eficaz del delito, vamos retrocediendo y muestra de ello es la destrucci\u00f3n del Poder Judicial, lo poco que funcionaba m\u00e1s o menos debido a una formaci\u00f3n profesional que se dio entre 1995&nbsp;y este 2025; ahora, ya ni eso va a funcionar bien pues la farsa de la elecci\u00f3n judicial va a borrar de un plumazo esos 30 a\u00f1os de profesionalizaci\u00f3n.<\/p>\n\n\n\n<p>Como bien podemos ver, s\u00ed hay soluciones para contener al crimen organizado lo malo es que, en lugar de buscarlas lo que se est\u00e1 haciendo es complicar m\u00e1s el problema y as\u00ed mismo, vemos que en lugar de reconocer que existe ese problema, el gobierno mexicano trata con todas sus fuerzas de ocultarlo y tan es as\u00ed que hasta reclaman que la ONU se\u00f1ale la existencia de masacres en M\u00e9xico.<\/p>\n\n\n\n<p>Y as\u00ed como hablamos de la represi\u00f3n estatal del delito, tambi\u00e9n existen soluciones en otros \u00e1mbitos como lo son la educaci\u00f3n y la cultura de los que con m\u00e1s calma hablaremos en colaboraciones posteriores, ya que el tema de la violencia seguir\u00e1 presente.<\/p>\n\n\n\n<p>Concluyo dese\u00e1ndoles unas felices Pascuas y nos reencontraremos despu\u00e9s de la Semana Santa.<\/p>\n\n\n\n<p><a href=\"mailto:felfebas@gmail.com\">felfebas@gmail.com<\/a><\/p>\n\n\n\n<p>Twitter: @FelipeFBasilio<\/p>\n","protected":false},"excerpt":{"rendered":"<p>[S\u00edguenos ahora tambi\u00e9n en WhatsApp.\u00a0Da clic aqu\u00ed]\u00a0Felipe de Jes\u00fas Fern\u00e1ndez Basilio Desde a Janela Se dice con un dejo de resignaci\u00f3n que el crimen organizado en M\u00e9xico es como un monstruo de mil cabezas y si se intenta cortarlas, aparte de nunca terminar a causa de su gran n\u00famero, las que han sido cercenadas volver\u00e1n [&hellip;]<\/p>\n","protected":false},"author":2,"featured_media":141384,"comment_status":"closed","ping_status":"closed","sticky":false,"template":"","format":"standard","meta":{"_jetpack_newsletter_access":"","_jetpack_dont_email_post_to_subs":false,"_jetpack_newsletter_tier_id":0,"_jetpack_memberships_contains_paywalled_content":false,"_jetpack_memberships_contains_paid_content":false,"footnotes":""},"categories":[70],"tags":[6393,43233],"class_list":["post-141847","post","type-post","status-publish","format-standard","has-post-thumbnail","hentry","category-de-opinion","tag-delincuencia-organizada","tag-teuchitlan"],"jetpack_featured_media_url":"https:\/\/lospoliticosveracruz.com.mx\/wp-content\/uploads\/2025\/04\/Felipe-Fernandez-Basilio.jpg","jetpack_sharing_enabled":true,"jetpack_shortlink":"https:\/\/wp.me\/p4Qcd3-ATR","_links":{"self":[{"href":"https:\/\/lospoliticosveracruz.com.mx\/index.php?rest_route=\/wp\/v2\/posts\/141847","targetHints":{"allow":["GET"]}}],"collection":[{"href":"https:\/\/lospoliticosveracruz.com.mx\/index.php?rest_route=\/wp\/v2\/posts"}],"about":[{"href":"https:\/\/lospoliticosveracruz.com.mx\/index.php?rest_route=\/wp\/v2\/types\/post"}],"author":[{"embeddable":true,"href":"https:\/\/lospoliticosveracruz.com.mx\/index.php?rest_route=\/wp\/v2\/users\/2"}],"replies":[{"embeddable":true,"href":"https:\/\/lospoliticosveracruz.com.mx\/index.php?rest_route=%2Fwp%2Fv2%2Fcomments&post=141847"}],"version-history":[{"count":2,"href":"https:\/\/lospoliticosveracruz.com.mx\/index.php?rest_route=\/wp\/v2\/posts\/141847\/revisions"}],"predecessor-version":[{"id":141849,"href":"https:\/\/lospoliticosveracruz.com.mx\/index.php?rest_route=\/wp\/v2\/posts\/141847\/revisions\/141849"}],"wp:featuredmedia":[{"embeddable":true,"href":"https:\/\/lospoliticosveracruz.com.mx\/index.php?rest_route=\/wp\/v2\/media\/141384"}],"wp:attachment":[{"href":"https:\/\/lospoliticosveracruz.com.mx\/index.php?rest_route=%2Fwp%2Fv2%2Fmedia&parent=141847"}],"wp:term":[{"taxonomy":"category","embeddable":true,"href":"https:\/\/lospoliticosveracruz.com.mx\/index.php?rest_route=%2Fwp%2Fv2%2Fcategories&post=141847"},{"taxonomy":"post_tag","embeddable":true,"href":"https:\/\/lospoliticosveracruz.com.mx\/index.php?rest_route=%2Fwp%2Fv2%2Ftags&post=141847"}],"curies":[{"name":"wp","href":"https:\/\/api.w.org\/{rel}","templated":true}]}}