{"id":141881,"date":"2025-04-11T13:26:39","date_gmt":"2025-04-11T18:26:39","guid":{"rendered":"https:\/\/lospoliticosveracruz.com.mx\/?p=141881"},"modified":"2025-04-11T13:27:04","modified_gmt":"2025-04-11T18:27:04","slug":"pri-que-hablen-los-municipios-hacia-el-2030","status":"publish","type":"post","link":"https:\/\/lospoliticosveracruz.com.mx\/?p=141881","title":{"rendered":"PRI: QUE HABLEN LOS MUNICIPIOS HACIA EL 2030"},"content":{"rendered":"\n<p><a><\/a><a href=\"https:\/\/whatsapp.com\/channel\/0029Va8zRWlEKyZIP3Z1dF0e\"><strong>\u2002\u2002<\/strong><strong>\u00da<\/strong><strong>NETE A NUESTRO CANAL<\/strong><strong><\/strong><\/a><\/p>\n\n\n\n<p>\u00a1<a href=\"https:\/\/whatsapp.com\/channel\/0029Va8zRWlEKyZIP3Z1dF0e\"><strong>LOS POL\u00cd<\/strong><strong>TICOS VERACRUZ<\/strong><\/a> ya est\u00e1 en WhatsApp!<\/p>\n\n\n\n<p><strong>Vicente Luna Hern\u00e1ndez<br><\/strong>Algunos dir\u00e1n que es muy pronto para pensar en el 2030 donde se renovar\u00e1n la Presidencia de la Rep\u00fablica y el gobierno del Estado, algunos dir\u00e1n que hay que esperar pasar el 2027 para ver el 2030, lo cierto es que en Veracruz hay muchas manos e intereses metidos m\u00e1s all\u00e1 de nuestras fronteras, m\u00e1s all\u00e1 de ser conocida como la joya de la corona, lo cierto es que Veracruz tiene una importancia econ\u00f3mica y estrat\u00e9gica de vital importancia para el desarrollo del pa\u00eds y pol\u00edticamente, representa \u2013 m\u00e1s que una rebanada \u2013 un suculento manjar en presupuesto y territorio, \u00bfen serio se ve lejano el 2030?<br>El rescate del PRI como partido nacional pasa por Veracruz, mirar con cierto optimismo hacia palacio nacional es posar la mirada en un rinconcito donde hacen sus nidos las olas del mar, lo cierto es que a pesar de su dirigencia nacional, de su dirigencia estatal y de los personajes que han renunciado a la filas y aquellos que lo hagan ma\u00f1ana, el PRI es un partido con presencia importante en ciertas regiones del Estado, la fuerza del PRI no son los discursos incendiarios de su presidente nacional y sus spots publicitarios, la fuerza del PRI son aquellas mujeres y hombres que llevan a cabo una gesti\u00f3n social permanente &#8211; a trav\u00e9s de organizaciones de la sociedad civil- sin presumir ninguna bandera partidista, la fuerza es la capacidad que tienen las y los candidatos para sumar a su equipo de trabajo liderazgos municipales con credibilidad y sin un desgaste partidista pero que creen en el proyecto que encabeza una candidata o un candidato del PRI, \u00bfqu\u00e9 le da el dirigente nacional a los candidatos? Algunos dir\u00e1n que la candidatura pero en estos momentos \u00bfqui\u00e9n necesita m\u00e1s a qui\u00e9n?<br>Lo cierto es que parece \u2013 parece \u2013 que el dirigente nacional no le cae el \u201cveinte\u201d que el PRI es una fuerza pol\u00edtica pol\u00edticamente sin mucha fuerza, &#8211; ah\u00ed est\u00e1n los resultados electorales y el n\u00famero de legisladores en el Congreso de la Uni\u00f3n y en el Congreso del Estado \u2013 sin embargo, piensa que con un discurso de bravuc\u00f3n de cantina levanta simpat\u00edas en las plazas p\u00fablicas o peor a\u00fan, as\u00ed piensa levantar votos el d\u00eda de la jornada electoral, que nadie se haga bolas, los votos y los triunfos electorales el pr\u00f3ximo 1 de Junio, no ser\u00e1n aportados por las estructuras territoriales del partido, no ser\u00e1n aportados por las regidoras y regidores que llegaron bajo las siglas del PRI, &#8211; la mayora cooptados por los alcaldes de otros colores -, los votos y triunfos municipales ser\u00e1n \u00fanica y exclusivamente m\u00e9rito de las y los candidatos que con orgullo partidista y con su prestigio personal por delante, tocan las puertas pidiendo el respaldo ciudadano.<\/p>\n\n\n\n<p>Ah\u00ed radica la fortaleza del PRI, en el entusiasmo de las y los candidatos y en el compromiso social con sus respectivos municipios a pesar de ir cuesta arriba, sin embargo, \u00bfqui\u00e9n les dijo que estar\u00edan en un lecho de rosas? el proyecto donde no se obtenga la victoria es mantener ese respaldo social y el reto mayor donde se logren triunfos electorales ser\u00e1 hacer un buen gobierno, la transformaci\u00f3n para bien debe llegar o continuar en los municipios m\u00e1s all\u00e1 del color del partido que tenga m\u00e1s votos<br>La realidad es que el PRI ganar\u00e1 municipios a pesar de sus representantes tanto nacionales como estatales, que nadie cierre los ojos a una realidad social, la mayor\u00eda de dirigentes de los partidos pol\u00edticos no representan votos ni simpat\u00edas ciudadanas, todos los partidos cojean del mismo pie, sin embargo, son los primeros en disfrutar las mieles del poder y eso no se puede evitar, se puede evitar que se cuelguen medallas que no les corresponden, se puede evitar que se involucren en las campa\u00f1as como si fueran ellos los candidatos, se puede evitar incluso que aparezcan en alg\u00fan evento p\u00fablico, y con eso seguramente se dar\u00e1n por bien servidos la mayor\u00eda de candidatos\u2026 es cierto, la verdad no peca pero como incomoda, \u00bfqu\u00e9 les interesa a las dirigencias? \u00bfRecibir aplausos en las plazas p\u00fablicas u obtener victorias electorales?<br>La fortaleza del PRI son sus leales liderazgos regionales, grupos pol\u00edticos que se han mantenido vigentes a pesar de estar fuera \u2013 la mayor\u00eda \u2013 de las mieles del poder \u2013 sin embargo, seguramente despu\u00e9s del 1 de junio, esos liderazgos se sentar\u00e1n y con resultados en mano echar\u00e1n a andar el proyecto Veracruz 2030, ser\u00e1n las y los ganadores de la contienda municipal quienes deben llevar a buen puerto un proyecto de gobierno por el bien de todos los sectores sociales de Veracruz, \u00bfen serio estar\u00e1 muy lejos \u2013 pol\u00edticamente \u2013 el 2030?<br>Los grupos pol\u00edticos de Patricio Chirinos Del \u00c1ngel, Juan Manuel Diez Francos, Cirilo V\u00e1zquez Parissi, H\u00e9ctor Yunes Landa, Jos\u00e9 Francisco Yunes Zorrilla, Ana Rosa Vald\u00e9s Salazar, Carolina Gudi\u00f1o Corro, Ponciano V\u00e1zquez Parissi, &#8211; las caras m\u00e1s visibles &#8211; entre otros, ser\u00e1n los responsables de sumar y sumar, \u00bfcuantos de ellas y ellos aguantar\u00e1n las presiones o las ganas de pasarse al partido guinda? Despu\u00e9s de la jornada electoral surgir\u00e1n y se dar\u00e1n a conocer liderazgos municipales que se han mantenido al margen de cuestiones partidistas.<br>P.D.- Con el \u00e1nimo que la dirigencia estatal del PRI est\u00e9 a la altura del compromiso que adquirir\u00e1n las y los candidatos\u2026Escribir\u00e9 otro d\u00eda.<\/p>\n","protected":false},"excerpt":{"rendered":"<p>\u2002\u2002\u00daNETE A NUESTRO CANAL \u00a1LOS POL\u00cdTICOS VERACRUZ ya est\u00e1 en WhatsApp! Vicente Luna Hern\u00e1ndezAlgunos dir\u00e1n que es muy pronto para pensar en el 2030 donde se renovar\u00e1n la Presidencia de la Rep\u00fablica y el gobierno del Estado, algunos dir\u00e1n que hay que esperar pasar el 2027 para ver el 2030, lo cierto es que en [&hellip;]<\/p>\n","protected":false},"author":2,"featured_media":141415,"comment_status":"closed","ping_status":"closed","sticky":false,"template":"","format":"standard","meta":{"_jetpack_newsletter_access":"","_jetpack_dont_email_post_to_subs":false,"_jetpack_newsletter_tier_id":0,"_jetpack_memberships_contains_paywalled_content":false,"_jetpack_memberships_contains_paid_content":false,"footnotes":""},"categories":[70],"tags":[15667],"class_list":["post-141881","post","type-post","status-publish","format-standard","has-post-thumbnail","hentry","category-de-opinion","tag-vicente-luna-hernandez"],"jetpack_featured_media_url":"https:\/\/lospoliticosveracruz.com.mx\/wp-content\/uploads\/2025\/04\/Vicente-Luna-Hernandez.jpg","jetpack_sharing_enabled":true,"jetpack_shortlink":"https:\/\/wp.me\/p4Qcd3-AUp","_links":{"self":[{"href":"https:\/\/lospoliticosveracruz.com.mx\/index.php?rest_route=\/wp\/v2\/posts\/141881","targetHints":{"allow":["GET"]}}],"collection":[{"href":"https:\/\/lospoliticosveracruz.com.mx\/index.php?rest_route=\/wp\/v2\/posts"}],"about":[{"href":"https:\/\/lospoliticosveracruz.com.mx\/index.php?rest_route=\/wp\/v2\/types\/post"}],"author":[{"embeddable":true,"href":"https:\/\/lospoliticosveracruz.com.mx\/index.php?rest_route=\/wp\/v2\/users\/2"}],"replies":[{"embeddable":true,"href":"https:\/\/lospoliticosveracruz.com.mx\/index.php?rest_route=%2Fwp%2Fv2%2Fcomments&post=141881"}],"version-history":[{"count":1,"href":"https:\/\/lospoliticosveracruz.com.mx\/index.php?rest_route=\/wp\/v2\/posts\/141881\/revisions"}],"predecessor-version":[{"id":141882,"href":"https:\/\/lospoliticosveracruz.com.mx\/index.php?rest_route=\/wp\/v2\/posts\/141881\/revisions\/141882"}],"wp:featuredmedia":[{"embeddable":true,"href":"https:\/\/lospoliticosveracruz.com.mx\/index.php?rest_route=\/wp\/v2\/media\/141415"}],"wp:attachment":[{"href":"https:\/\/lospoliticosveracruz.com.mx\/index.php?rest_route=%2Fwp%2Fv2%2Fmedia&parent=141881"}],"wp:term":[{"taxonomy":"category","embeddable":true,"href":"https:\/\/lospoliticosveracruz.com.mx\/index.php?rest_route=%2Fwp%2Fv2%2Fcategories&post=141881"},{"taxonomy":"post_tag","embeddable":true,"href":"https:\/\/lospoliticosveracruz.com.mx\/index.php?rest_route=%2Fwp%2Fv2%2Ftags&post=141881"}],"curies":[{"name":"wp","href":"https:\/\/api.w.org\/{rel}","templated":true}]}}