{"id":141965,"date":"2025-04-13T19:02:15","date_gmt":"2025-04-14T00:02:15","guid":{"rendered":"https:\/\/lospoliticosveracruz.com.mx\/?p=141965"},"modified":"2025-04-13T19:02:45","modified_gmt":"2025-04-14T00:02:45","slug":"alianza-cmic-y-cfe","status":"publish","type":"post","link":"https:\/\/lospoliticosveracruz.com.mx\/?p=141965","title":{"rendered":"ALIANZA CMIC Y CFE\u00a0"},"content":{"rendered":"\n<p><strong><a href=\"https:\/\/whatsapp.com\/channel\/0029Va8zRWlEKyZIP3Z1dF0e\">\u2002\u2002<strong>\u00danete a nuestro canal&nbsp;<\/strong>\u2002<\/a><\/strong><\/p>\n\n\n\n<p>\u00a1<strong>LOS POL\u00cdTICOS VERACRUZ<\/strong>&nbsp;ya est\u00e1 en WhatsApp!<\/p>\n\n\n\n<p>Veracruz: Con la finalidad de impulsar el sector el\u00e9ctrico y generar acciones conjuntas que beneficien al gremio constructor, la C\u00e1mara Mexicana de la Industria de la Construcci\u00f3n (CMIC) -Delegaci\u00f3n Veracruz-Puerto- y la Comisi\u00f3n Federal de Electricidad (CFE) formalizaron una alianza institucional.&nbsp;<\/p>\n\n\n\n<p>El encuentro fue encabezado por Alejandro Cagigas Obeso, presidente de la CMIC Veracruz, y Leopoldo Rodr\u00edguez Soto, titular de la Gerencia de Distribuci\u00f3n Oriente de la CFE, quienes coincidieron en la importancia de fortalecer los canales de comunicaci\u00f3n y capacitaci\u00f3n t\u00e9cnica.<\/p>\n\n\n\n<p>Como parte de los acuerdos establecidos, el 8 de abril se realiz\u00f3 un taller para mejorar la presentaci\u00f3n de licitaciones a trav\u00e9s del micrositio de la CFE, al cual asistieron m\u00e1s de 60 empresarios que aprendieron herramientas para mejorar la calidad y viabilidad de sus propuestas.<\/p>\n\n\n\n<p>Alejandro Cagigas agradeci\u00f3 la apertura y el compromiso de todo el equipo de la CFE, por su disposici\u00f3n para trabajar de la mano con el sector constructor y compartir conocimientos clave que permitan mejorar la competitividad y profesionalismo de los contratistas veracruzanos.<\/p>\n\n\n\n<p>Asimismo, anunci\u00f3, ya se preparan otras acciones derivadas de esta colaboraci\u00f3n, como el Foro de Construcciones El\u00e9ctricas, programado para los d\u00edas 12 y 13 de junio, un diplomado para contratistas confiables y cursos especializados en seguridad para obras el\u00e9ctricas.<\/p>\n\n\n\n<p>Con estas acciones, destac\u00f3 Cagigas Obeso, la CMIC refrenda su compromiso de ser un aliado estrat\u00e9gico de la CFE y de todos los actores involucrados en el desarrollo de infraestructura el\u00e9ctrica, con miras a consolidar un sector m\u00e1s fuerte, profesional y preparado para los retos del futuro.<\/p>\n","protected":false},"excerpt":{"rendered":"<p>\u2002\u2002\u00danete a nuestro canal&nbsp;\u2002 \u00a1LOS POL\u00cdTICOS VERACRUZ&nbsp;ya est\u00e1 en WhatsApp! Veracruz: Con la finalidad de impulsar el sector el\u00e9ctrico y generar acciones conjuntas que beneficien al gremio constructor, la C\u00e1mara Mexicana de la Industria de la Construcci\u00f3n (CMIC) -Delegaci\u00f3n Veracruz-Puerto- y la Comisi\u00f3n Federal de Electricidad (CFE) formalizaron una alianza institucional.&nbsp; El encuentro fue encabezado [&hellip;]<\/p>\n","protected":false},"author":2,"featured_media":141966,"comment_status":"closed","ping_status":"closed","sticky":false,"template":"","format":"standard","meta":{"_jetpack_newsletter_access":"","_jetpack_dont_email_post_to_subs":false,"_jetpack_newsletter_tier_id":0,"_jetpack_memberships_contains_paywalled_content":false,"_jetpack_memberships_contains_paid_content":false,"footnotes":""},"categories":[73],"tags":[43534],"class_list":["post-141965","post","type-post","status-publish","format-standard","has-post-thumbnail","hentry","category-de-boleto","tag-leopoldo-rodriguez-soto"],"jetpack_featured_media_url":"https:\/\/lospoliticosveracruz.com.mx\/wp-content\/uploads\/2025\/04\/IMG_9402.jpeg","jetpack_sharing_enabled":true,"jetpack_shortlink":"https:\/\/wp.me\/p4Qcd3-AVL","_links":{"self":[{"href":"https:\/\/lospoliticosveracruz.com.mx\/index.php?rest_route=\/wp\/v2\/posts\/141965","targetHints":{"allow":["GET"]}}],"collection":[{"href":"https:\/\/lospoliticosveracruz.com.mx\/index.php?rest_route=\/wp\/v2\/posts"}],"about":[{"href":"https:\/\/lospoliticosveracruz.com.mx\/index.php?rest_route=\/wp\/v2\/types\/post"}],"author":[{"embeddable":true,"href":"https:\/\/lospoliticosveracruz.com.mx\/index.php?rest_route=\/wp\/v2\/users\/2"}],"replies":[{"embeddable":true,"href":"https:\/\/lospoliticosveracruz.com.mx\/index.php?rest_route=%2Fwp%2Fv2%2Fcomments&post=141965"}],"version-history":[{"count":2,"href":"https:\/\/lospoliticosveracruz.com.mx\/index.php?rest_route=\/wp\/v2\/posts\/141965\/revisions"}],"predecessor-version":[{"id":141968,"href":"https:\/\/lospoliticosveracruz.com.mx\/index.php?rest_route=\/wp\/v2\/posts\/141965\/revisions\/141968"}],"wp:featuredmedia":[{"embeddable":true,"href":"https:\/\/lospoliticosveracruz.com.mx\/index.php?rest_route=\/wp\/v2\/media\/141966"}],"wp:attachment":[{"href":"https:\/\/lospoliticosveracruz.com.mx\/index.php?rest_route=%2Fwp%2Fv2%2Fmedia&parent=141965"}],"wp:term":[{"taxonomy":"category","embeddable":true,"href":"https:\/\/lospoliticosveracruz.com.mx\/index.php?rest_route=%2Fwp%2Fv2%2Fcategories&post=141965"},{"taxonomy":"post_tag","embeddable":true,"href":"https:\/\/lospoliticosveracruz.com.mx\/index.php?rest_route=%2Fwp%2Fv2%2Ftags&post=141965"}],"curies":[{"name":"wp","href":"https:\/\/api.w.org\/{rel}","templated":true}]}}