{"id":141994,"date":"2025-04-14T09:00:12","date_gmt":"2025-04-14T14:00:12","guid":{"rendered":"https:\/\/lospoliticosveracruz.com.mx\/?p=141994"},"modified":"2025-04-14T09:00:45","modified_gmt":"2025-04-14T14:00:45","slug":"la-apuesta-de-nahle-por-el-transporte-publico","status":"publish","type":"post","link":"https:\/\/lospoliticosveracruz.com.mx\/?p=141994","title":{"rendered":"LA APUESTA DE NAHLE POR EL TRANSPORTE P\u00daBLICO\u00a0"},"content":{"rendered":"\n<p><strong><a href=\"https:\/\/whatsapp.com\/channel\/0029Va8zRWlEKyZIP3Z1dF0e\"><\/a><\/strong><\/p>\n\n\n\n<p><strong><a href=\"https:\/\/whatsapp.com\/channel\/0029Va8zRWlEKyZIP3Z1dF0e\">\u2002\u2002<strong>\u00danete a nuestro canal&nbsp;<\/strong>\u2002<\/a><\/strong><\/p>\n\n\n\n<p>\u00a1<strong>LOS POL\u00cdTICOS VERACRUZ<\/strong>&nbsp;ya est\u00e1 en WhatsApp!<\/p>\n\n\n\n<p><strong>Yamiri Rodr\u00edguez Madrid<\/strong><\/p>\n\n\n\n<p><em>La vuelta a Veracruz en un teclazo<\/em><\/p>\n\n\n\n<p>Pocos gobernantes han tenido el valor de entrarle al llamado pulpo veracruzano.&nbsp;&nbsp;La semana pasada, la gobernadora Roc\u00edo Nahle Garc\u00eda expidi\u00f3 el Decreto para la constituci\u00f3n de un fideicomiso p\u00fablico, irrevocable, de administraci\u00f3n, inversi\u00f3n y pagos para la modernizaci\u00f3n del sistema de transporte p\u00fablico de pasajeros. A trav\u00e9s de un comunicado se explic\u00f3 que, con recursos p\u00fablicos y privados, se renovar\u00e1 el transporte p\u00fablico, adem\u00e1s de instaurar sistemas inteligentes que ayuden a mejorar la movilidad.<\/p>\n\n\n\n<p>Esto se llama agarrar el toro por los cuernos y le explico por qu\u00e9. Somos un estado con m\u00e1s de 8 millones de habitantes.&nbsp;&nbsp;Muchas de nuestras ciudades m\u00e1s grandes crecieron sin planeaci\u00f3n, como la capital Xalapa, lo que hace que el tr\u00e1fico sea muy complicado.&nbsp;&nbsp;&nbsp;Una buena parte de la poblaci\u00f3n utiliza el transporte p\u00fablico, pero este es viejo y con un p\u00e9simo servicio.<\/p>\n\n\n\n<p>En Xico, Coatepec y Teocelo, por ejemplo, las unidades tienen por lo menos 30 a\u00f1os en circulaci\u00f3n.&nbsp;&nbsp;En la zona conurbada, por el n\u00famero de accidentes diarios que hay de camiones, la capacitaci\u00f3n de los choferes es casi nula.&nbsp; &nbsp;&nbsp;Circule usted detr\u00e1s de un urbano y la mayor\u00eda de las unidades echan humo, peor que una chimenea. El INEGI tiene el reporte de poco m\u00e1s de 11 mil 700 unidades en el parque vehicular de transporte urbano de pasajeros en la entidad, pero las estimaciones son que la mitad ya sobrepaso los 15 a\u00f1os de antig\u00fcedad estipulados en la ley.<\/p>\n\n\n\n<p>Por eso la Gobernadora quiere que se adquieran unidades nuevas, con tecnolog\u00edas limpias y el fortalecimiento de la seguridad y la calidad del servicio. Hay que echar un ojo a c\u00f3mo est\u00e1 el transporte urbano en otros estados y c\u00f3mo est\u00e1 el nuestro para darse cuenta de que es urgente modernizarlo.<\/p>\n\n\n\n<p>En ciudades como Los Cabos, en Baja California Sur, los camiones costeros, los tur\u00edsticos, van climatizados, sin sobrecupo. En Quer\u00e9taro, donde recientemente se hizo una reingenier\u00eda del transporte, se adquirieron modernas unidades Mercedes Benz, conducidas por mujeres en su mayor\u00eda, que ya traen un sistema hidr\u00e1ulico para bajar a ras de piso y as\u00ed facilitar el ascenso y descenso de sillas de ruedas y adultos mayores; tienen rack para bicicletas, wifi y un sistema de prepago para ya no pagar en efectivo. Tambi\u00e9n se hizo un replanteamiento de rutas para eficientar tiempos y hasta carriles exclusivos para transporte, con paradas dignas, se construyeron.<\/p>\n\n\n\n<p>No es f\u00e1cil, por supuesto que no, pero reconocer el problema y plantear soluciones donde se beneficien usuarios, transportistas y por ende, el estado, es una se\u00f1al de buen camino.<\/p>\n\n\n\n<p>@YamiriRodriguez<\/p>\n","protected":false},"excerpt":{"rendered":"<p>\u2002\u2002\u00danete a nuestro canal&nbsp;\u2002 \u00a1LOS POL\u00cdTICOS VERACRUZ&nbsp;ya est\u00e1 en WhatsApp! Yamiri Rodr\u00edguez Madrid La vuelta a Veracruz en un teclazo Pocos gobernantes han tenido el valor de entrarle al llamado pulpo veracruzano.&nbsp;&nbsp;La semana pasada, la gobernadora Roc\u00edo Nahle Garc\u00eda expidi\u00f3 el Decreto para la constituci\u00f3n de un fideicomiso p\u00fablico, irrevocable, de administraci\u00f3n, inversi\u00f3n y pagos [&hellip;]<\/p>\n","protected":false},"author":2,"featured_media":141413,"comment_status":"closed","ping_status":"closed","sticky":false,"template":"","format":"standard","meta":{"_jetpack_newsletter_access":"","_jetpack_dont_email_post_to_subs":false,"_jetpack_newsletter_tier_id":0,"_jetpack_memberships_contains_paywalled_content":false,"_jetpack_memberships_contains_paid_content":false,"footnotes":""},"categories":[70],"tags":[1026,3578,195],"class_list":["post-141994","post","type-post","status-publish","format-standard","has-post-thumbnail","hentry","category-de-opinion","tag-morena","tag-rocio-nahle","tag-veracruz"],"jetpack_featured_media_url":"https:\/\/lospoliticosveracruz.com.mx\/wp-content\/uploads\/2025\/04\/Yamiri-Rodriguez-Madrid.jpg","jetpack_sharing_enabled":true,"jetpack_shortlink":"https:\/\/wp.me\/p4Qcd3-AWe","_links":{"self":[{"href":"https:\/\/lospoliticosveracruz.com.mx\/index.php?rest_route=\/wp\/v2\/posts\/141994","targetHints":{"allow":["GET"]}}],"collection":[{"href":"https:\/\/lospoliticosveracruz.com.mx\/index.php?rest_route=\/wp\/v2\/posts"}],"about":[{"href":"https:\/\/lospoliticosveracruz.com.mx\/index.php?rest_route=\/wp\/v2\/types\/post"}],"author":[{"embeddable":true,"href":"https:\/\/lospoliticosveracruz.com.mx\/index.php?rest_route=\/wp\/v2\/users\/2"}],"replies":[{"embeddable":true,"href":"https:\/\/lospoliticosveracruz.com.mx\/index.php?rest_route=%2Fwp%2Fv2%2Fcomments&post=141994"}],"version-history":[{"count":1,"href":"https:\/\/lospoliticosveracruz.com.mx\/index.php?rest_route=\/wp\/v2\/posts\/141994\/revisions"}],"predecessor-version":[{"id":141995,"href":"https:\/\/lospoliticosveracruz.com.mx\/index.php?rest_route=\/wp\/v2\/posts\/141994\/revisions\/141995"}],"wp:featuredmedia":[{"embeddable":true,"href":"https:\/\/lospoliticosveracruz.com.mx\/index.php?rest_route=\/wp\/v2\/media\/141413"}],"wp:attachment":[{"href":"https:\/\/lospoliticosveracruz.com.mx\/index.php?rest_route=%2Fwp%2Fv2%2Fmedia&parent=141994"}],"wp:term":[{"taxonomy":"category","embeddable":true,"href":"https:\/\/lospoliticosveracruz.com.mx\/index.php?rest_route=%2Fwp%2Fv2%2Fcategories&post=141994"},{"taxonomy":"post_tag","embeddable":true,"href":"https:\/\/lospoliticosveracruz.com.mx\/index.php?rest_route=%2Fwp%2Fv2%2Ftags&post=141994"}],"curies":[{"name":"wp","href":"https:\/\/api.w.org\/{rel}","templated":true}]}}