{"id":142138,"date":"2025-04-16T09:48:41","date_gmt":"2025-04-16T14:48:41","guid":{"rendered":"https:\/\/lospoliticosveracruz.com.mx\/?p=142138"},"modified":"2025-04-16T09:49:20","modified_gmt":"2025-04-16T14:49:20","slug":"apuntes-de-la-eleccion-en-veracruz","status":"publish","type":"post","link":"https:\/\/lospoliticosveracruz.com.mx\/?p=142138","title":{"rendered":"APUNTES DE LA ELECCI\u00d3N EN VERACRUZ\u00a0"},"content":{"rendered":"\n<p><strong><a href=\"https:\/\/whatsapp.com\/channel\/0029Va8zRWlEKyZIP3Z1dF0e\">\u2002\u2002<strong>\u00danete a nuestro canal<\/strong><\/a><\/strong><\/p>\n\n\n\n<p>\u00a1<strong>LOS POL\u00cdTICOS VERACRUZ<\/strong>&nbsp;ya est\u00e1 en WhatsApp!<\/p>\n\n\n\n<p><strong>Yamiri Rodr\u00edguez Madrid<\/strong><\/p>\n\n\n\n<p><em>La vuelta a Veracruz en un teclazo<\/em><\/p>\n\n\n\n<p>A menos de 50 d\u00edas de que las y los veracruzanos acudamos a las urnas el pr\u00f3ximo domingo 1 de junio, es necesario revisar algunos datos importantes de este proceso a cargo del Organismo P\u00fablico Local Electoral (OPLE) Veracruz, entre estos las acciones afirmativas.<\/p>\n\n\n\n<p>Empecemos por el hecho de que el Congreso Local, en julio del a\u00f1o pasado, reform\u00f3 el C\u00f3digo Electoral a fin de que los partidos pol\u00edticos registren al menos una f\u00f3rmula de candidaturas de personas con discapacidad en ocho municipios entre aquellos que cuentan con ocho a trece regidur\u00edas, en la posici\u00f3n que libremente determinen en el listado de representaci\u00f3n proporcional.<\/p>\n\n\n\n<p>En lo que hace a los pueblos originarios, para esta elecci\u00f3n partidos y\/o coaliciones deben tener al menos 78 f\u00f3rmulas de candidaturas por Mayor\u00eda Relativa (39 Presidencias y 39 Sindicaturas), en 39 Municipios cuya poblaci\u00f3n total es igual o mayor al 80% y al menos 11 f\u00f3rmulas de candidaturas por MR (Presidencia o Sindicatura), en 11 municipios cuya poblaci\u00f3n total es igual o mayor al 60% pero menor al 80%.<\/p>\n\n\n\n<p>Para que j\u00f3venes sean incluidos, se postular\u00e1n candidaturas en ayuntamientos que se integran a partir de 6 ediles y que no hayan sido objeto de Acci\u00f3n Afirmativa Ind\u00edgena. Es decir, en 57 ayuntamientos podr\u00e1n postularse a trav\u00e9s de MR o por RP.<\/p>\n\n\n\n<p>Deben tener tambi\u00e9n al menos 1 f\u00f3rmula por RP en 3 ayuntamientos de entre aquellos que cuentan con 12 o 13 Regidur\u00edas, en la posici\u00f3n de RP que libremente determinen. En 6 municipios podr\u00e1n realizar est\u00e1 postulaci\u00f3n a trav\u00e9s de RP.<\/p>\n\n\n\n<p>Y para la poblaci\u00f3n afromexicana, debe haber al menos 1 f\u00f3rmula en 4 de los 9 municipios que tienen 10% o m\u00e1s de poblaci\u00f3n y podr\u00e1 realizarse en cualquier cargo edilicio, es decir, Presidencia Municipal, Sindicatura o Regidur\u00edas.<\/p>\n\n\n\n<p>Para muchos pueden parecer pocos espacios, pero si estas acciones afirmativas no se llevaran a cabo, poco se podr\u00eda avanzar, por eso el OPLE Veracruz ha sido insistente.&nbsp;&nbsp;&nbsp;Para los partidos pol\u00edticos ha sido todo un reto cumplir con estos acuerdos, pues poco se preocupan por la formaci\u00f3n de cuadros y cuando llegan los momentos de las postulaciones, todos, sin excepci\u00f3n, comienzan a padecer las de Ca\u00edn.&nbsp;&nbsp;Habr\u00e1 que ver de todos los postulados mediante acciones afirmativas, cu\u00e1ntos logran el triunfo.<\/p>\n\n\n\n<p>@YamiriRodriguez<\/p>\n","protected":false},"excerpt":{"rendered":"<p>\u2002\u2002\u00danete a nuestro canal \u00a1LOS POL\u00cdTICOS VERACRUZ&nbsp;ya est\u00e1 en WhatsApp! Yamiri Rodr\u00edguez Madrid La vuelta a Veracruz en un teclazo A menos de 50 d\u00edas de que las y los veracruzanos acudamos a las urnas el pr\u00f3ximo domingo 1 de junio, es necesario revisar algunos datos importantes de este proceso a cargo del Organismo P\u00fablico [&hellip;]<\/p>\n","protected":false},"author":2,"featured_media":141413,"comment_status":"closed","ping_status":"closed","sticky":false,"template":"","format":"standard","meta":{"_jetpack_newsletter_access":"","_jetpack_dont_email_post_to_subs":false,"_jetpack_newsletter_tier_id":0,"_jetpack_memberships_contains_paywalled_content":false,"_jetpack_memberships_contains_paid_content":false,"footnotes":""},"categories":[70],"tags":[],"class_list":["post-142138","post","type-post","status-publish","format-standard","has-post-thumbnail","hentry","category-de-opinion"],"jetpack_featured_media_url":"https:\/\/lospoliticosveracruz.com.mx\/wp-content\/uploads\/2025\/04\/Yamiri-Rodriguez-Madrid.jpg","jetpack_sharing_enabled":true,"jetpack_shortlink":"https:\/\/wp.me\/p4Qcd3-AYy","_links":{"self":[{"href":"https:\/\/lospoliticosveracruz.com.mx\/index.php?rest_route=\/wp\/v2\/posts\/142138","targetHints":{"allow":["GET"]}}],"collection":[{"href":"https:\/\/lospoliticosveracruz.com.mx\/index.php?rest_route=\/wp\/v2\/posts"}],"about":[{"href":"https:\/\/lospoliticosveracruz.com.mx\/index.php?rest_route=\/wp\/v2\/types\/post"}],"author":[{"embeddable":true,"href":"https:\/\/lospoliticosveracruz.com.mx\/index.php?rest_route=\/wp\/v2\/users\/2"}],"replies":[{"embeddable":true,"href":"https:\/\/lospoliticosveracruz.com.mx\/index.php?rest_route=%2Fwp%2Fv2%2Fcomments&post=142138"}],"version-history":[{"count":2,"href":"https:\/\/lospoliticosveracruz.com.mx\/index.php?rest_route=\/wp\/v2\/posts\/142138\/revisions"}],"predecessor-version":[{"id":142140,"href":"https:\/\/lospoliticosveracruz.com.mx\/index.php?rest_route=\/wp\/v2\/posts\/142138\/revisions\/142140"}],"wp:featuredmedia":[{"embeddable":true,"href":"https:\/\/lospoliticosveracruz.com.mx\/index.php?rest_route=\/wp\/v2\/media\/141413"}],"wp:attachment":[{"href":"https:\/\/lospoliticosveracruz.com.mx\/index.php?rest_route=%2Fwp%2Fv2%2Fmedia&parent=142138"}],"wp:term":[{"taxonomy":"category","embeddable":true,"href":"https:\/\/lospoliticosveracruz.com.mx\/index.php?rest_route=%2Fwp%2Fv2%2Fcategories&post=142138"},{"taxonomy":"post_tag","embeddable":true,"href":"https:\/\/lospoliticosveracruz.com.mx\/index.php?rest_route=%2Fwp%2Fv2%2Ftags&post=142138"}],"curies":[{"name":"wp","href":"https:\/\/api.w.org\/{rel}","templated":true}]}}