{"id":142141,"date":"2025-04-16T10:47:08","date_gmt":"2025-04-16T15:47:08","guid":{"rendered":"https:\/\/lospoliticosveracruz.com.mx\/?p=142141"},"modified":"2025-04-16T10:47:21","modified_gmt":"2025-04-16T15:47:21","slug":"vargas-llosa-poeta","status":"publish","type":"post","link":"https:\/\/lospoliticosveracruz.com.mx\/?p=142141","title":{"rendered":"VARGAS LLOSA, POETA"},"content":{"rendered":"\n<p><strong><a href=\"https:\/\/whatsapp.com\/channel\/0029Va8zRWlEKyZIP3Z1dF0e\">\u2002\u2002<strong>\u00danete a nuestro canal<\/strong><\/a><\/strong><\/p>\n\n\n\n<p>\u00a1<strong>LOS POL\u00cdTICOS VERACRUZ<\/strong>&nbsp;ya est\u00e1 en WhatsApp!<\/p>\n\n\n\n<p><strong>Sergio Gonz\u00e1lez Levet<\/strong><\/p>\n\n\n\n<p><em>Sin tacto<\/em><\/p>\n\n\n\n<p>Quiz\u00e1 por lo portentoso de su narrativa, que te capturaba la atenci\u00f3n y te hac\u00eda fan\u00e1tico de sus historias para siempre, Mario Vargas Llosa fue poco conocido en su personalidad casi oculta de poeta.<\/p>\n\n\n\n<p>Persisti\u00f3, adem\u00e1s de narrador, como ensayista y como dramaturgo en la percepci\u00f3n de su p\u00fablico leal, pero como poeta, muy poco.<\/p>\n\n\n\n<p>Y resulta que era tambi\u00e9n muy bueno. C\u00f3mo podr\u00eda no serlo con esa capacidad asombrosa para escribir literariamente lo que fuera.<\/p>\n\n\n\n<p>Dec\u00eda que como novelista hab\u00eda vivido toda su vida con la nostalgia del poeta que no pudo ser. Pero un poco lo fue sin querer, y hasta le publicaron en su juventud alg\u00fan librillo de versos, obra que Mario trataba de que todo el mundo olvidara. Se quejaba mucho cuando alg\u00fan alumno hac\u00eda su tesis sobre \u00e9l, y tra\u00eda desde las entra\u00f1as los poemas de juventud de Vargas Llosa, que \u00e9l dec\u00eda que le llenaban de verg\u00fcenza.<\/p>\n\n\n\n<p>Yo creo que fue un buen poeta, a secas, pero es una opini\u00f3n m\u00e1s personal que fruto de lo que pudiera haber aprendido en la Facultad de Letras. Y como prefiero no calificar al gran Nobel peruano en esa faceta, dejo a consideraci\u00f3n de usted, que est\u00e1 leyendo, algunos poemas cortos de Mario Vargas Llosa.<\/p>\n\n\n\n<p>Aunque dicen<\/p>\n\n\n\n<p>que s\u00f3lo los imb\u00e9ciles son felices,<\/p>\n\n\n\n<p>confieso que me sent\u00eda feliz.<\/p>\n\n\n\n<p>Compartir mis d\u00edas y mis noches con la<\/p>\n\n\n\n<p>ni\u00f1a mala<\/p>\n\n\n\n<p>me llenaba la vida.<\/p>\n\n\n\n<p>La incertidumbre es una margarita<\/p>\n\n\n\n<p>cuyos p\u00e9talos no se terminan jam\u00e1s<\/p>\n\n\n\n<p>de deshojar.<\/p>\n\n\n\n<p>Advertirles que la literatura es fuego,<\/p>\n\n\n\n<p>que ella significa inconformismo y rebeli\u00f3n,<\/p>\n\n\n\n<p>que la raz\u00f3n de ser del escritor es la protesta,<\/p>\n\n\n\n<p>la contradicci\u00f3n y la cr\u00edtica.<\/p>\n\n\n\n<p>Vale la pena vivir,<\/p>\n\n\n\n<p>aunque fuera solo porque sin<\/p>\n\n\n\n<p>la vida<\/p>\n\n\n\n<p>no podr\u00edamos leer ni fantasear historias.<\/p>\n\n\n\n<p>Padre Homero<\/p>\n\n\n\n<p>Ni siquiera sabemos si existi\u00f3 o lo inventamos<\/p>\n\n\n\n<p>para dar un due\u00f1o y una leyenda<\/p>\n\n\n\n<p>a los poemas que formaron<\/p>\n\n\n\n<p>al mundo en que vivimos.<\/p>\n\n\n\n<p>Las cuencas vac\u00edas de sus ojos<\/p>\n\n\n\n<p>iluminan como dos soles<\/p>\n\n\n\n<p>las aguas, las islas y las playas<\/p>\n\n\n\n<p>del Mediterr\u00e1neo.<\/p>\n\n\n\n<p>Tampoco sabemos si las historias<\/p>\n\n\n\n<p>que cant\u00f3 tuvieron ra\u00edces<\/p>\n\n\n\n<p>en la historia real o fueron fantaseadas<\/p>\n\n\n\n<p>por su imaginaci\u00f3n incandescente.<\/p>\n\n\n\n<p>Yo lo adivino<\/p>\n\n\n\n<p>como un viejecito bondadoso<\/p>\n\n\n\n<p>y exc\u00e9ntrico divirtiendo<\/p>\n\n\n\n<p>a ni\u00f1os y ancianos<\/p>\n\n\n\n<p>con fabulosas aventuras<\/p>\n\n\n\n<p>de guerreros y monstruos<\/p>\n\n\n\n<p>en una \u00e9poca inusitada<\/p>\n\n\n\n<p>en que hombres y dioses<\/p>\n\n\n\n<p>andaban entreverados<\/p>\n\n\n\n<p>y las batallas se ganaban<\/p>\n\n\n\n<p>con caballos de madera,<\/p>\n\n\n\n<p>el\u00edxires y magias.<\/p>\n\n\n\n<p>Lo diviso entre sombras y<\/p>\n\n\n\n<p>chisporroteo de fogatas,<\/p>\n\n\n\n<p>en aldeas con olor a<\/p>\n\n\n\n<p>vino y aceite,<\/p>\n\n\n\n<p>pulsando su ira<\/p>\n\n\n\n<p>acompa\u00f1ado<\/p>\n\n\n\n<p>por el murmullo del mar<\/p>\n\n\n\n<p>y la resaca,<\/p>\n\n\n\n<p>rodeado de caras expectantes.<\/p>\n\n\n\n<p>Su fantas\u00eda y verba<\/p>\n\n\n\n<p>embellec\u00edan las an\u00e9cdotas<\/p>\n\n\n\n<p>que tra\u00edan los marineros de sus viajes.<\/p>\n\n\n\n<p>sglevet@gmail.com<\/p>\n","protected":false},"excerpt":{"rendered":"<p>\u2002\u2002\u00danete a nuestro canal \u00a1LOS POL\u00cdTICOS VERACRUZ&nbsp;ya est\u00e1 en WhatsApp! Sergio Gonz\u00e1lez Levet Sin tacto Quiz\u00e1 por lo portentoso de su narrativa, que te capturaba la atenci\u00f3n y te hac\u00eda fan\u00e1tico de sus historias para siempre, Mario Vargas Llosa fue poco conocido en su personalidad casi oculta de poeta. Persisti\u00f3, adem\u00e1s de narrador, como ensayista [&hellip;]<\/p>\n","protected":false},"author":2,"featured_media":141432,"comment_status":"closed","ping_status":"closed","sticky":false,"template":"","format":"standard","meta":{"_jetpack_newsletter_access":"","_jetpack_dont_email_post_to_subs":false,"_jetpack_newsletter_tier_id":0,"_jetpack_memberships_contains_paywalled_content":false,"_jetpack_memberships_contains_paid_content":false,"footnotes":""},"categories":[75],"tags":[3757,1282],"class_list":["post-142141","post","type-post","status-publish","format-standard","has-post-thumbnail","hentry","category-cine-libros-y-mas","tag-mario-vargas-llosa","tag-sergio-gonzalez-levet"],"jetpack_featured_media_url":"https:\/\/lospoliticosveracruz.com.mx\/wp-content\/uploads\/2025\/04\/Levet.jpg","jetpack_sharing_enabled":true,"jetpack_shortlink":"https:\/\/wp.me\/p4Qcd3-AYB","_links":{"self":[{"href":"https:\/\/lospoliticosveracruz.com.mx\/index.php?rest_route=\/wp\/v2\/posts\/142141","targetHints":{"allow":["GET"]}}],"collection":[{"href":"https:\/\/lospoliticosveracruz.com.mx\/index.php?rest_route=\/wp\/v2\/posts"}],"about":[{"href":"https:\/\/lospoliticosveracruz.com.mx\/index.php?rest_route=\/wp\/v2\/types\/post"}],"author":[{"embeddable":true,"href":"https:\/\/lospoliticosveracruz.com.mx\/index.php?rest_route=\/wp\/v2\/users\/2"}],"replies":[{"embeddable":true,"href":"https:\/\/lospoliticosveracruz.com.mx\/index.php?rest_route=%2Fwp%2Fv2%2Fcomments&post=142141"}],"version-history":[{"count":2,"href":"https:\/\/lospoliticosveracruz.com.mx\/index.php?rest_route=\/wp\/v2\/posts\/142141\/revisions"}],"predecessor-version":[{"id":142143,"href":"https:\/\/lospoliticosveracruz.com.mx\/index.php?rest_route=\/wp\/v2\/posts\/142141\/revisions\/142143"}],"wp:featuredmedia":[{"embeddable":true,"href":"https:\/\/lospoliticosveracruz.com.mx\/index.php?rest_route=\/wp\/v2\/media\/141432"}],"wp:attachment":[{"href":"https:\/\/lospoliticosveracruz.com.mx\/index.php?rest_route=%2Fwp%2Fv2%2Fmedia&parent=142141"}],"wp:term":[{"taxonomy":"category","embeddable":true,"href":"https:\/\/lospoliticosveracruz.com.mx\/index.php?rest_route=%2Fwp%2Fv2%2Fcategories&post=142141"},{"taxonomy":"post_tag","embeddable":true,"href":"https:\/\/lospoliticosveracruz.com.mx\/index.php?rest_route=%2Fwp%2Fv2%2Ftags&post=142141"}],"curies":[{"name":"wp","href":"https:\/\/api.w.org\/{rel}","templated":true}]}}