{"id":14268,"date":"2014-12-19T09:10:06","date_gmt":"2014-12-19T15:10:06","guid":{"rendered":"http:\/\/www.lospoliticosveracruz.com.mx\/?p=14268"},"modified":"2014-12-19T09:10:06","modified_gmt":"2014-12-19T15:10:06","slug":"candidato-a-la-de-2","status":"publish","type":"post","link":"https:\/\/lospoliticosveracruz.com.mx\/?p=14268","title":{"rendered":"\u00a1Candidato a la de 2!"},"content":{"rendered":"<p><a href=\"http:\/\/www.lospoliticosveracruz.com.mx\/wp-content\/uploads\/2014\/12\/Gubernatura.jpg\"><img loading=\"lazy\" decoding=\"async\" class=\"alignnone size-medium wp-image-14270\" src=\"http:\/\/www.lospoliticosveracruz.com.mx\/wp-content\/uploads\/2014\/12\/Gubernatura-300x188.jpg\" alt=\"Gubernatura\" width=\"300\" height=\"188\" \/><\/a><\/p>\n<p><strong>Salvador Mu\u00f1oz<\/strong><\/p>\n<p><em>Los Pol\u00edticos\u00a0<\/em><\/p>\n<p>&nbsp;<\/p>\n<p>\u00bfAlguien sabe qu\u00e9 pas\u00f3 con aquellos diputados priistas que rechazaban la gubernatura de dos a\u00f1os?<br \/>\n\u00bfD\u00f3nde qued\u00f3 el Goliath en que estaba convertido David (Velasco Chedraui) y qu\u00e9 pas\u00f3 con Ahued que al final, acaso, Ahued-vo lo convencieron de los beneficios que representaba el lapso propuesto por la fracci\u00f3n (ahora s\u00ed, una fracci\u00f3n) del PAN as\u00ed como del Gobernador?<br \/>\nSi bien, hay que felicitar al menos a los diputados que mantuvieron su postura, como un Fidel Robles Guadarrama, Cuauht\u00e9moc Pola y los otros tres panistas, porque al menos se vieron congruentes en su decir y actuar, hay algo que nos dejan en claro nuestros diputados\u2026 los pol\u00edticos no son de fiar\u2026<br \/>\nAs\u00ed que, aprovechando que ni H\u00e9ctor, Pepe y Miguel \u00c1ngel Yunes simplemente no quieren la Gubernatura de dos a\u00f1os y aunque citan y mencionan, descobijan y destapan a Erick Lagos (\u201chombre de poca fe\u201d, me dice), a Alberto Silva Ramos y Gerardo Buganza, pero ninguno de ellos dice \u201cQuiero\u201d, voy a hacer una propuesta para Gobernador: \u00a1Que sea un periodista!<br \/>\n(Antes que nada, en aras de que tambi\u00e9n la palabra \u201cPeriodista\u201d ya anda muy devaluada, tan as\u00ed que hasta a m\u00ed me catalogan como tal, hago hincapi\u00e9 en la polisemia del sustantivo que se extiende a columnistas, reporteros, articulistas, fot\u00f3grafos, caricaturistas y hasta due\u00f1os de peri\u00f3dicos)<br \/>\n\u00bfPor qu\u00e9?<br \/>\nMuy f\u00e1cil\u2026 los periodistas somos m\u00e1s fregones que cualquier funcionario o servidor p\u00fablico. Cu\u00e1ntas veces no hemos hecho corajes y entripados porque el Presidente no puede resolver un pinche problema como el que el d\u00f3lar alcance los 15 pesos o m\u00e1s; o no comprendemos el porqu\u00e9 no ha corrido al inepto (\u00a1ah! \u00a1esos adjetivos! \u00a1qu\u00e9 ser\u00eda de nuestros art\u00edculos sin ellos!) de Murillo Karam\u2026 o qui\u00e9n no ha despotricado del \u201cGordonador\u201d Javier Duarte de Ochoa porque defiende a los ping\u00fcinos (\u00bfacaso Chilly Willy?), cuando debiera abogar por los Negritos y T\u00eda Rosa (ninguna alusi\u00f3n al sexenio pasado)&#8230; Que alce la mano quien no le haya ca\u00eddo en la punta de la\u2026 nariz que una de las primeras obras que hizo el alcalde la hizo en la calle donde vive su pap\u00e1\u2026<br \/>\nSi los periodistas gobern\u00e1ramos ya tuvi\u00e9ramos resuelto \u00a1todo!<br \/>\nPor eso, mi propuesta est\u00e1 encaminada a que en estos dos a\u00f1os de Gubernatura que se perfila para el 2016, sea un periodista nuestro candidato\u2026 en este caso: \u00a1Yo!<br \/>\nS\u00ed, es seguro que muchos digan que soy chayotero (por Orizaba, por Orizaba) pero para evitar malos entendidos, soy el \u00fanico candidato que ha de incluir en su equipo a \u00a1otros periodistas! Y aqu\u00ed les va mi Gabinete:<br \/>\n\u2014 Secretar\u00eda de Gobierno: Pepe Ortiz Medina (En Corto sin Cortes), para no perder el sentido religioso que le puso Buganza\u2026 hay que recordar que tanto Pepe como yo fuimos chicos del Coro de la Iglesia de los Corazones, as\u00ed que si en un momento alabamos a Dios, hoy le toque a mi amigo \u201calabar al Se\u00f1or\u201d&#8230; o sea, a m\u00ed.<br \/>\n\u2014Subsecretar\u00eda de Gobierno: Felipe Hakim Simon (Cr\u00f3nica del Poder)\u2026 habla tanto que marear\u00eda a cualquier manifestante de la Plaza Lerdo y asunto arreglado&#8230;<br \/>\n\u2014Seguridad P\u00fablica: Raymundo Le\u00f3n (Desde la Esquina) que ya es un experto en levantones, robos y equipos de seguridad\u2026 en carne propia&#8230;<br \/>\n\u2014Sefiplan: Marco Antonio Aguirre Rodr\u00edguez (M\u00edsticos y Terrenales), que pasar\u00eda a lo M\u00edstico porque nadie lo bajar\u00eda del quinto piso\u2026<br \/>\n\u2014Secretar\u00eda de Educaci\u00f3n: Luz Mar\u00eda Rivera (Desde el Puerto M\u00edtico), en aras de que todo aqu\u00e9l que escriba, verifique que si no son egresados de la Facultad de Ciencias de la Comunicaci\u00f3n o Periodismo, los mande derechito a la escuela\u2026<br \/>\n\u2014Secretar\u00eda de Cultura: A petici\u00f3n de mi cuate, El Hijo Pr\u00f3digo Armando Ortiz (disculpen, pero c\u00f3mo se puede gobernar si no es con los amigos), crear\u00eda esta secretar\u00eda para sacarlo de la Quinta de las Rosas porque ya est\u00e1 dando el viejazo\u2026<br \/>\n\u2014Secretar\u00eda del Trabajo: Gustavo Cadena (Al estilo Mathey), que sabe fletarse y bonito cuando de chamba se trata, igual trabaja para el magistrado Beto Sosa, que para el senador H\u00e9ctor Yunes y si se descuida, en una de \u00e9sas, hasta con el Capi Montano\u2026 \u00a1ah! y si bien nos va, hasta escribe columna\u2026 \u00a1trabajo le sobra!<br \/>\n\u2014Sedecop: Omar Alem\u00e1n Chang (L\u00edder), quien sin escribir una sola l\u00ednea levant\u00f3 una gran industria en Veracruz con franquicias en Puebla y DF\u2026 \u00a1claro que ayudar\u00eda a levantar a Veracruz!<br \/>\n\u2014SIOP: Julio Dom\u00ednguez Canales (Noreste y Newsweek Veracruz), quien ha demostrado ser muy ducho para las construcciones\u2026 esperemos que no para el diezmo\u2026<br \/>\n\u2014Sedema: Fito Soler (Alegre Veracruz) ser\u00eda el funcionario ideal porque mi amigo no es de Medio Ambiente\u2026 \u00a1es de poner Ambiente Completo!<br \/>\n\u2014Sedarpa: Arturo reyes Isidoro (Prosa Aprisa), quien al estar cerca durante muchos a\u00f1os en Prensa de Gobierno del estado, debe saber algo de la siembra y cosecha\u2026 de chayotes; adem\u00e1s (dixit Felipe Hakim), es una casi Vaca Sagrada \u00a1y eso es ganado y ganancia!<br \/>\n\u2014Secretar\u00eda de Salud: Despu\u00e9s de Nemi Dib, cualquiera puede ser titular de esta dependencia, por eso, all\u00ed va Tlacuilo (Revista El Tlacuilo), que bien tiene la misma gracia que Patch Adams\u2026 \u00a1pero en negrito!<br \/>\n\u2014Secretar\u00eda de Turismo: Pompeyo Lobato (Andar Veracruzano-RTV), que de aceptarme la invitaci\u00f3n, podr\u00eda decirse que ser\u00eda el primer titular de esta secretar\u00eda en realmente conocer todo el estado\u2026<br \/>\n\u2014Protecci\u00f3n Civil: Aqu\u00ed entrar\u00eda Tonatiuh Pola, \u00fanico pol\u00edtico en el Gabinete porque no creo que regrese a Telver; se espera que siempre tenga presente la Alerta Gris\u2026 lo \u00fanico que tendr\u00e1 gris en su cabecita\u2026<br \/>\n\u2014Contralor\u00eda: Alguien que pise callos a los dem\u00e1s compa\u00f1eros y que los haga cantar su declaraci\u00f3n patrimonial y matrimonial\u2026 Aurelio Contreras (R\u00fabrica)&#8230;<br \/>\n\u2014Procurador: Para seguir con la l\u00ednea del mu\u00f1eco de sololoy, Luis \u00c1ngel Bravo Contreras, qui\u00e9n mejor que Enrique Yasser Pompeyo (El Aguila), el mu\u00f1equito de pastel de boda\u2026 no sabe nada de Leyes pero da el gatazo\u2026<br \/>\n\u2014Sedesol: Su designaci\u00f3n ser\u00e1 v\u00eda consulta period\u00edstica para saber a cu\u00e1l de nuestros compa\u00f1eros lo conocimos con una mano adelante y otra atr\u00e1s y hoy vive en mansi\u00f3n, tiene carro con chofer y come en restaurante caro\u2026 \u00e9l puede ense\u00f1ar a la gente a salir de la pobreza&#8230;<br \/>\n\u2014CGCS: Ni Claudia Guerrero ni Maryjos\u00e9 Gamboa\u2026 capaz de que me madrean en lugar de ayudarme\u2026 estar\u00eda entre Jacy Meza o Miriam Gracia, pa\u2019 que hablen bonito de m\u00ed&#8230;<br \/>\n\u2014Presidenta del DIF: Mi Gaviota, Brenda Caballero, pero no ser\u00eda funcionaria p\u00fablica y las casas que tenemos las ha adquirido con el sudor de su frente\u2026 \u00a1bailando en el tubo!<br \/>\nEsperando que cuente con su apoyo, podemos decir que \u00a1ya tenemos candidato para la de dos!<\/p>\n<p>smcainito@gmail.com<\/p>\n","protected":false},"excerpt":{"rendered":"<p>Salvador Mu\u00f1oz Los Pol\u00edticos\u00a0 &nbsp; \u00bfAlguien sabe qu\u00e9 pas\u00f3 con aquellos diputados priistas que rechazaban la gubernatura de dos a\u00f1os? \u00bfD\u00f3nde qued\u00f3 el Goliath en que estaba convertido David (Velasco Chedraui) y qu\u00e9 pas\u00f3 con Ahued que al final, acaso, Ahued-vo lo convencieron de los beneficios que representaba el lapso propuesto por la fracci\u00f3n (ahora [&hellip;]<\/p>\n","protected":false},"author":2,"featured_media":0,"comment_status":"open","ping_status":"open","sticky":false,"template":"","format":"standard","meta":{"_jetpack_newsletter_access":"","_jetpack_dont_email_post_to_subs":false,"_jetpack_newsletter_tier_id":0,"_jetpack_memberships_contains_paywalled_content":false,"_jetpack_memberships_contains_paid_content":false,"footnotes":""},"categories":[70],"tags":[407,1219,1312,876],"class_list":["post-14268","post","type-post","status-publish","format-standard","hentry","category-de-opinion","tag-david-velasco-chedraui","tag-gubernatura-dos-anos","tag-periodistas","tag-ricardo-ahued"],"jetpack_featured_media_url":"","jetpack_sharing_enabled":true,"jetpack_shortlink":"https:\/\/wp.me\/p4Qcd3-3I8","_links":{"self":[{"href":"https:\/\/lospoliticosveracruz.com.mx\/index.php?rest_route=\/wp\/v2\/posts\/14268","targetHints":{"allow":["GET"]}}],"collection":[{"href":"https:\/\/lospoliticosveracruz.com.mx\/index.php?rest_route=\/wp\/v2\/posts"}],"about":[{"href":"https:\/\/lospoliticosveracruz.com.mx\/index.php?rest_route=\/wp\/v2\/types\/post"}],"author":[{"embeddable":true,"href":"https:\/\/lospoliticosveracruz.com.mx\/index.php?rest_route=\/wp\/v2\/users\/2"}],"replies":[{"embeddable":true,"href":"https:\/\/lospoliticosveracruz.com.mx\/index.php?rest_route=%2Fwp%2Fv2%2Fcomments&post=14268"}],"version-history":[{"count":2,"href":"https:\/\/lospoliticosveracruz.com.mx\/index.php?rest_route=\/wp\/v2\/posts\/14268\/revisions"}],"predecessor-version":[{"id":14271,"href":"https:\/\/lospoliticosveracruz.com.mx\/index.php?rest_route=\/wp\/v2\/posts\/14268\/revisions\/14271"}],"wp:attachment":[{"href":"https:\/\/lospoliticosveracruz.com.mx\/index.php?rest_route=%2Fwp%2Fv2%2Fmedia&parent=14268"}],"wp:term":[{"taxonomy":"category","embeddable":true,"href":"https:\/\/lospoliticosveracruz.com.mx\/index.php?rest_route=%2Fwp%2Fv2%2Fcategories&post=14268"},{"taxonomy":"post_tag","embeddable":true,"href":"https:\/\/lospoliticosveracruz.com.mx\/index.php?rest_route=%2Fwp%2Fv2%2Ftags&post=14268"}],"curies":[{"name":"wp","href":"https:\/\/api.w.org\/{rel}","templated":true}]}}