{"id":14338,"date":"2014-12-23T20:05:52","date_gmt":"2014-12-24T02:05:52","guid":{"rendered":"http:\/\/www.lospoliticosveracruz.com.mx\/?p=14338"},"modified":"2014-12-23T20:05:52","modified_gmt":"2014-12-24T02:05:52","slug":"el-gandalla-de-la-basura","status":"publish","type":"post","link":"https:\/\/lospoliticosveracruz.com.mx\/?p=14338","title":{"rendered":"El gandalla de la Basura"},"content":{"rendered":"<p><a href=\"http:\/\/www.lospoliticosveracruz.com.mx\/wp-content\/uploads\/2014\/12\/OCTAVIO-VAZQUEZ-LA-BASURA.jpg\"><img loading=\"lazy\" decoding=\"async\" class=\"alignnone size-medium wp-image-14331\" src=\"http:\/\/www.lospoliticosveracruz.com.mx\/wp-content\/uploads\/2014\/12\/OCTAVIO-VAZQUEZ-LA-BASURA-300x231.jpg\" alt=\"OCTAVIO VAZQUEZ LA BASURA\" width=\"300\" height=\"231\" \/><\/a> <a href=\"http:\/\/www.lospoliticosveracruz.com.mx\/wp-content\/uploads\/2014\/12\/Jorge-Amador-Hernandez.jpg\"><img loading=\"lazy\" decoding=\"async\" class=\"alignnone size-medium wp-image-14336\" src=\"http:\/\/www.lospoliticosveracruz.com.mx\/wp-content\/uploads\/2014\/12\/Jorge-Amador-Hernandez-300x200.jpg\" alt=\"Jorge Amador Hernandez\" width=\"300\" height=\"200\" \/><\/a> <a href=\"http:\/\/www.lospoliticosveracruz.com.mx\/wp-content\/uploads\/2014\/12\/Jorge-Amador-Hernandez-5.jpg\"><img loading=\"lazy\" decoding=\"async\" class=\"alignnone size-medium wp-image-14335\" src=\"http:\/\/www.lospoliticosveracruz.com.mx\/wp-content\/uploads\/2014\/12\/Jorge-Amador-Hernandez-5-300x200.jpg\" alt=\"Jorge Amador Hernandez 5\" width=\"300\" height=\"200\" \/><\/a> <a href=\"http:\/\/www.lospoliticosveracruz.com.mx\/wp-content\/uploads\/2014\/12\/Jorge-Amador-Hernandez-4.jpg\"><img loading=\"lazy\" decoding=\"async\" class=\"alignnone size-medium wp-image-14334\" src=\"http:\/\/www.lospoliticosveracruz.com.mx\/wp-content\/uploads\/2014\/12\/Jorge-Amador-Hernandez-4-300x200.jpg\" alt=\"Jorge Amador Hernandez 4\" width=\"300\" height=\"200\" \/><\/a> <a href=\"http:\/\/www.lospoliticosveracruz.com.mx\/wp-content\/uploads\/2014\/12\/Jorge-Amador-Hernandez-3.jpg\"><img loading=\"lazy\" decoding=\"async\" class=\"alignnone size-medium wp-image-14333\" src=\"http:\/\/www.lospoliticosveracruz.com.mx\/wp-content\/uploads\/2014\/12\/Jorge-Amador-Hernandez-3-300x200.jpg\" alt=\"Jorge Amador Hernandez 3\" width=\"300\" height=\"200\" \/><\/a> <a href=\"http:\/\/www.lospoliticosveracruz.com.mx\/wp-content\/uploads\/2014\/12\/Jorge-Amador-Hernandez-2.jpg\"><img loading=\"lazy\" decoding=\"async\" class=\"alignnone size-medium wp-image-14332\" src=\"http:\/\/www.lospoliticosveracruz.com.mx\/wp-content\/uploads\/2014\/12\/Jorge-Amador-Hernandez-2-300x200.jpg\" alt=\"Jorge Amador Hernandez 2\" width=\"300\" height=\"200\" \/><\/a><br \/>\n<strong>Salvador Mu\u00f1oz<\/strong><\/p>\n<p><em>Los Pol\u00edticos<\/em><\/p>\n<p>&nbsp;<\/p>\n<p>Primero, fue Lady Banquetas con Zazil Reyes Contreras\u2026 y Am\u00e9rico no dijo nada.<br \/>\nDespu\u00e9s, fue el Terror de los agentes de Tr\u00e1nsito, con Diana Santiago Huesca\u2026 y Am\u00e9rico no hizo nada.<br \/>\nAhora, el Gandalla de la Basura, Octavio V\u00e1zquez Ram\u00edrez, subdirector de Limpia P\u00fablica\u2026 \u00bfy Am\u00e9rico se dignar\u00e1 a actuar? \u00bfO dejar\u00e1 que sean otras las autoridades que tengan que resolver lo conducente?<br \/>\nII<br \/>\nCerca de las seis de la tarde de ayer, en las esquinas que conforman L\u00e1zaro C\u00e1rdenas y Maestros Veracruzanos, una unidad del Servicio de Limpia P\u00fablica obstaculizaba el tr\u00e1nsito.<br \/>\nEl fen\u00f3meno no es nuevo, pues cuando en aras de cumplir su tarea, muchas veces se va a paso de rueda recogiendo los desechos y bolsas que se dejan en las esquinas o a veces, como en esta ocasi\u00f3n, se bloqueaban dos arterias, por lo que un agente de vialidad se acerc\u00f3 en aras de darle fluidez al tr\u00e1fico pero s\u00f3lo obtuvo negativas.<br \/>\nEntonces, al momento de requerir la licencia de conducir al responsable de la unidad, apareci\u00f3 Octavio V\u00e1zquez Ram\u00edrez, quien de las agresiones verbales pas\u00f3 a las f\u00edsicas junto con otros individuos que se le fueron a los golpes a Jorge Amador Hern\u00e1ndez, agente de vialidad.<br \/>\nUna llamada al 066 hizo que elementos de Seguridad P\u00fablica se apersonaran en el sitio del incidente logrando detener a Octavio V\u00e1zquez Ram\u00edrez mientras otros agresores se daban a la fuga.<br \/>\nIII<br \/>\nOctavio V\u00e1zquez Ram\u00edrez, quien se identific\u00f3 como Subdirector de Limpia P\u00fablica del Ayuntamiento de Xalapa, fue trasladado a los separos de San Jos\u00e9 y puesto a diposici\u00f3n de las autoridades ministeriales. Mientras, el agente de Tr\u00e1nsito, Jorge Amador Hern\u00e1ndez era valorado por un m\u00e9dico pues presentaba diversas heridas en el rostro, cuello, cabeza y en el cuerpo, pues de acuerdo a los testigos y a la misma declaraci\u00f3n del agredido, tambi\u00e9n recibi\u00f3 patadas.<br \/>\nIV<br \/>\nSi bien, el alcalde de Xalapa, Am\u00e9rico Z\u00fa\u00f1iga Mart\u00ednez, es considerado un gentleman de la pol\u00edtica, es evidente que sus subalternos no est\u00e1n a la altura de su jefe.<br \/>\nNo es el primer caso de prepotencia entre los funcionarios municipales que rodean al edil xalape\u00f1o. Las historias ya las conocemos y otras, no se dieron a conocer a la luz p\u00fablica, en aras de proteger a inocentes.<br \/>\nEn anteriores casos, que han sido conocidos por la mayor\u00eda, ha salido en defensa incluso de sus subalternos involucrados en hechos bochornosos, tan as\u00ed, que en una de sus \u00faltimas declaraciones, hasta se atrevi\u00f3 a pedir una investigaci\u00f3n para lavar la honra de Diana Santiago.<br \/>\nEn el caso del gandalla de la Basura, Octavio V\u00e1zquez Ram\u00edrez, \u00bfmantendr\u00e1 la misma posici\u00f3n o dejar\u00e1 que sean las autoridades ministeriales que hagan su trabajo?<\/p>\n<p>smcainito@gmail.com<\/p>\n","protected":false},"excerpt":{"rendered":"<p>Salvador Mu\u00f1oz Los Pol\u00edticos &nbsp; Primero, fue Lady Banquetas con Zazil Reyes Contreras\u2026 y Am\u00e9rico no dijo nada. Despu\u00e9s, fue el Terror de los agentes de Tr\u00e1nsito, con Diana Santiago Huesca\u2026 y Am\u00e9rico no hizo nada. Ahora, el Gandalla de la Basura, Octavio V\u00e1zquez Ram\u00edrez, subdirector de Limpia P\u00fablica\u2026 \u00bfy Am\u00e9rico se dignar\u00e1 a actuar? [&hellip;]<\/p>\n","protected":false},"author":2,"featured_media":0,"comment_status":"open","ping_status":"open","sticky":false,"template":"","format":"standard","meta":{"_jetpack_newsletter_access":"","_jetpack_dont_email_post_to_subs":false,"_jetpack_newsletter_tier_id":0,"_jetpack_memberships_contains_paywalled_content":false,"_jetpack_memberships_contains_paid_content":false,"footnotes":""},"categories":[70],"tags":[539,240,1344,1343,192,96],"class_list":["post-14338","post","type-post","status-publish","format-standard","hentry","category-de-opinion","tag-americo-zuniga-martinez","tag-diana-santiago-huesca","tag-limpia-publica","tag-octavio-vazquez-ramirez","tag-transito","tag-xalapa"],"jetpack_featured_media_url":"","jetpack_sharing_enabled":true,"jetpack_shortlink":"https:\/\/wp.me\/p4Qcd3-3Jg","_links":{"self":[{"href":"https:\/\/lospoliticosveracruz.com.mx\/index.php?rest_route=\/wp\/v2\/posts\/14338","targetHints":{"allow":["GET"]}}],"collection":[{"href":"https:\/\/lospoliticosveracruz.com.mx\/index.php?rest_route=\/wp\/v2\/posts"}],"about":[{"href":"https:\/\/lospoliticosveracruz.com.mx\/index.php?rest_route=\/wp\/v2\/types\/post"}],"author":[{"embeddable":true,"href":"https:\/\/lospoliticosveracruz.com.mx\/index.php?rest_route=\/wp\/v2\/users\/2"}],"replies":[{"embeddable":true,"href":"https:\/\/lospoliticosveracruz.com.mx\/index.php?rest_route=%2Fwp%2Fv2%2Fcomments&post=14338"}],"version-history":[{"count":1,"href":"https:\/\/lospoliticosveracruz.com.mx\/index.php?rest_route=\/wp\/v2\/posts\/14338\/revisions"}],"predecessor-version":[{"id":14339,"href":"https:\/\/lospoliticosveracruz.com.mx\/index.php?rest_route=\/wp\/v2\/posts\/14338\/revisions\/14339"}],"wp:attachment":[{"href":"https:\/\/lospoliticosveracruz.com.mx\/index.php?rest_route=%2Fwp%2Fv2%2Fmedia&parent=14338"}],"wp:term":[{"taxonomy":"category","embeddable":true,"href":"https:\/\/lospoliticosveracruz.com.mx\/index.php?rest_route=%2Fwp%2Fv2%2Fcategories&post=14338"},{"taxonomy":"post_tag","embeddable":true,"href":"https:\/\/lospoliticosveracruz.com.mx\/index.php?rest_route=%2Fwp%2Fv2%2Ftags&post=14338"}],"curies":[{"name":"wp","href":"https:\/\/api.w.org\/{rel}","templated":true}]}}