{"id":14384,"date":"2015-01-04T22:51:29","date_gmt":"2015-01-05T04:51:29","guid":{"rendered":"http:\/\/www.lospoliticosveracruz.com.mx\/?p=14384"},"modified":"2015-01-04T22:51:29","modified_gmt":"2015-01-05T04:51:29","slug":"agarrada-de-bueyes","status":"publish","type":"post","link":"https:\/\/lospoliticosveracruz.com.mx\/?p=14384","title":{"rendered":"Agarrada de bueyes"},"content":{"rendered":"<p><a href=\"http:\/\/www.lospoliticosveracruz.com.mx\/wp-content\/uploads\/2015\/01\/Beatriz-Paredes-Javier-Duarte.jpg\"><img loading=\"lazy\" decoding=\"async\" class=\"alignnone size-medium wp-image-14385\" src=\"http:\/\/www.lospoliticosveracruz.com.mx\/wp-content\/uploads\/2015\/01\/Beatriz-Paredes-Javier-Duarte-300x219.jpg\" alt=\"Beatriz Paredes Javier Duarte\" width=\"300\" height=\"219\" \/><\/a><br \/>\n<strong>Salvador Mu\u00f1oz<\/strong><\/p>\n<p><em>Los Pol\u00edticos<\/em><\/p>\n<p>&nbsp;<\/p>\n<p>\u00a1Una alharaca! Eso fue lo que se hizo ayer en torno a Casa Veracruz, ayer a las quince horas. Todo por un rumor: La comida del Gobernador con los que se iban y con los que llegaban.<br \/>\nCitar a los que se van, ya est\u00e1 muy manoseado; tan manoseados como los que dicen que llegan.<br \/>\nLo cierto es que la bulla empez\u00f3 a sonar y hubo por all\u00ed fot\u00f3grafo y reportero husmeando las dos cuadras que comprenden la Casa Veracruz.<br \/>\nEstrat\u00e9gicamente, el fot\u00f3grafo se par\u00f3 en la esquina donde convergen las calles 24 de Febrero y Guillermo Prieto en espera de que, en cuanto viera el movimiento de camionetas, propio de estas actividades, y saliera el primer funcionario, \u00a1retratarlo! y as\u00ed ir armando la noticia que supuestamente ha de darse este lunes a las 19 horas\u2026<br \/>\nPero el acecho fue en vano\u2026 pasaron los minutos y nada\u2026 cerca de las 16 horas, otro rumor: Ya estaban los cambios en Palacio de Gobierno\u2026 para ese momento, tomo el celular, hablo a un amigo y le pregunto si su jefe estaba en una comida con el Gobernador.<br \/>\n\u2014Deja mandarle un mensaje, es que voy de salida\u2026 \u00a1voy al cine con la familia!\u2014 Primera se\u00f1al en contra\u2026 no estaba con su jefe.<br \/>\n\u2014\u00bfTe agarr\u00e9 en curva?<br \/>\n\u2014Me iba a meter al ba\u00f1o\u2026<br \/>\n\u2014\u00bfQu\u00e9 pel\u00edcula vas a ver?<br \/>\n\u2014Una noche en el Museo\u2026 una comedia, me gusta la comedia\u2026<br \/>\nMe dice que en cuanto tenga la respuesta me devuelve la llamada\u2026 Pasan no menos de cinco minutos y suena mi celular: \u201cNegativo, Chavita\u2026 si hubo comida \u00a1no lo invitaron!\u201d<br \/>\n\u2014Pero, dicen que ya est\u00e1n los cambios en Palacio\u2026<br \/>\n\u2014Nosotros ma\u00f1ana nos presentamos normal a nuestro trabajo\u2026 no nos han dicho nada\u2026<br \/>\nLe doy las gracias y le deseo feliz A\u00f1o Nuevo as\u00ed como que se divierta en el cine con su familia e hijos\u2026 \u00a1qu\u00e9 pinche envidia! \u00a1Y uno ac\u00e1 en la calle!<br \/>\nNo me quedo con la duda\u2026 llamo a una amiga: \u201cHola, disculpa que te moleste\u201d&#8230; Como siempre, atenta, me dice: \u201cPara nada, a tus \u00f3rdenes\u201d&#8230;<br \/>\n\u2014\u00bfEst\u00e1s trabajando?<br \/>\n\u2014S\u00ed\u2026<br \/>\n\u2014\u00a1Te tienen trabajando en Palacio!<br \/>\n\u2014No, no estoy en Palacio pero si me llama mi jefe, tengo que ir para all\u00e1&#8230;<br \/>\n\u2014\u00a1Ah! Entonces has de saber si ya hubo cambios en la dependencia donde trabajas\u2026 (Fue una oraci\u00f3n como preguntando)&#8230;<br \/>\n\u2014No, tengo entendido que si hay cambio, ser\u00eda entre las once horas o seis de la tarde de ma\u00f1ana\u2026<br \/>\nNo le quito m\u00e1s el tiempo\u2026<br \/>\nMe entra una llamada m\u00e1s\u2026 un amigo me dice: \u201cNo es con miembros del Gabinete\u2026 est\u00e1 comiendo con Beatriz Paredes Rangel\u201d.<br \/>\nO sea, toda una alharaca por una reuni\u00f3n de cuates, de amigos, de camaradas. \u00a1Vamos! Baste recordar que Paredes Rangel, embajadora de M\u00e9xico ante Brasil, fue compa\u00f1era de bancada de Javier Duarte de Ochoa en la LXI Legislatura del Congreso de la Uni\u00f3n.<br \/>\nBueno, eso de reuni\u00f3n de cuates es un decir\u2026 lo cierto es que si algo tienen en com\u00fan Brasil y Veracruz son sus buenas carnes y la comida que hubo entre Paredes y Duarte estuvo sazonada con Embrapa, que no es ninguna especia o parecido. Se trata de una instituci\u00f3n estatal vinculada al Ministerio Agropecuario y de Abastecimiento carioca que entre sus obligaciones est\u00e1 la de producir conocimiento cient\u00edfico y t\u00e9cnicas de producci\u00f3n para la agricultura y ganader\u00eda brasile\u00f1a.<br \/>\nLa idea entonces, debo entender, es intercambiar puntos entre los productores jarochos y la Empresa Brasileira de Investigaci\u00f3n Agropecuaria, en aras de mejoras bovinas\u2026 s\u00ed, eso en parte fue el encuentro de Javier Duarte con Beatriz Paredes\u2026 y mientras ellos hablaban de reses, a unos nos agarraron de bueyes.<\/p>\n<p>smcainito@gmail.com<\/p>\n","protected":false},"excerpt":{"rendered":"<p>Salvador Mu\u00f1oz Los Pol\u00edticos &nbsp; \u00a1Una alharaca! Eso fue lo que se hizo ayer en torno a Casa Veracruz, ayer a las quince horas. Todo por un rumor: La comida del Gobernador con los que se iban y con los que llegaban. Citar a los que se van, ya est\u00e1 muy manoseado; tan manoseados como [&hellip;]<\/p>\n","protected":false},"author":2,"featured_media":0,"comment_status":"open","ping_status":"open","sticky":false,"template":"","format":"standard","meta":{"_jetpack_newsletter_access":"","_jetpack_dont_email_post_to_subs":false,"_jetpack_newsletter_tier_id":0,"_jetpack_memberships_contains_paywalled_content":false,"_jetpack_memberships_contains_paid_content":false,"footnotes":""},"categories":[70],"tags":[1375,355,260,351],"class_list":["post-14384","post","type-post","status-publish","format-standard","hentry","category-de-opinion","tag-beatriz-paredes-rangel","tag-gabinete","tag-javier-duarte-de-ochoa","tag-palacio-de-gobierno"],"jetpack_featured_media_url":"","jetpack_sharing_enabled":true,"jetpack_shortlink":"https:\/\/wp.me\/p4Qcd3-3K0","_links":{"self":[{"href":"https:\/\/lospoliticosveracruz.com.mx\/index.php?rest_route=\/wp\/v2\/posts\/14384","targetHints":{"allow":["GET"]}}],"collection":[{"href":"https:\/\/lospoliticosveracruz.com.mx\/index.php?rest_route=\/wp\/v2\/posts"}],"about":[{"href":"https:\/\/lospoliticosveracruz.com.mx\/index.php?rest_route=\/wp\/v2\/types\/post"}],"author":[{"embeddable":true,"href":"https:\/\/lospoliticosveracruz.com.mx\/index.php?rest_route=\/wp\/v2\/users\/2"}],"replies":[{"embeddable":true,"href":"https:\/\/lospoliticosveracruz.com.mx\/index.php?rest_route=%2Fwp%2Fv2%2Fcomments&post=14384"}],"version-history":[{"count":1,"href":"https:\/\/lospoliticosveracruz.com.mx\/index.php?rest_route=\/wp\/v2\/posts\/14384\/revisions"}],"predecessor-version":[{"id":14386,"href":"https:\/\/lospoliticosveracruz.com.mx\/index.php?rest_route=\/wp\/v2\/posts\/14384\/revisions\/14386"}],"wp:attachment":[{"href":"https:\/\/lospoliticosveracruz.com.mx\/index.php?rest_route=%2Fwp%2Fv2%2Fmedia&parent=14384"}],"wp:term":[{"taxonomy":"category","embeddable":true,"href":"https:\/\/lospoliticosveracruz.com.mx\/index.php?rest_route=%2Fwp%2Fv2%2Fcategories&post=14384"},{"taxonomy":"post_tag","embeddable":true,"href":"https:\/\/lospoliticosveracruz.com.mx\/index.php?rest_route=%2Fwp%2Fv2%2Ftags&post=14384"}],"curies":[{"name":"wp","href":"https:\/\/api.w.org\/{rel}","templated":true}]}}