{"id":14418,"date":"2015-01-08T05:48:38","date_gmt":"2015-01-08T11:48:38","guid":{"rendered":"http:\/\/www.lospoliticosveracruz.com.mx\/?p=14418"},"modified":"2015-01-08T05:48:38","modified_gmt":"2015-01-08T11:48:38","slug":"el-gigante-del-golfo","status":"publish","type":"post","link":"https:\/\/lospoliticosveracruz.com.mx\/?p=14418","title":{"rendered":"El gigante del Golfo"},"content":{"rendered":"<p><a href=\"http:\/\/www.lospoliticosveracruz.com.mx\/wp-content\/uploads\/2015\/01\/Marco-Antonio-Fraga-Arenas-presidente-de-Spinver1.jpg\"><img loading=\"lazy\" decoding=\"async\" class=\"alignnone size-medium wp-image-14422\" src=\"http:\/\/www.lospoliticosveracruz.com.mx\/wp-content\/uploads\/2015\/01\/Marco-Antonio-Fraga-Arenas-presidente-de-Spinver1-196x300.jpg\" alt=\"Marco Antonio Fraga Arenas, presidente de Spinver\" width=\"196\" height=\"300\" \/><\/a><\/p>\n<p><strong>Salvador Mu\u00f1oz<\/strong><\/p>\n<p><em>Los Pol\u00edticos\u00a0<\/em><\/p>\n<p>&nbsp;<\/p>\n<p>En dos semanas, Nanchital podr\u00eda ser noticia. Un grupo de empresarios mexicanos tienen un proyecto que podr\u00eda revolucionar este municipio que ha sido visto desde hace mucho tiempo como el patito feo de la zona sur por sus vecinos: Coatzacoalcos, Minatitl\u00e1n y Cosoleacaque. \u00bfC\u00f3mo? Con cuatro enormes y ambiciosos proyectos que inici\u00f3 s\u00f3lo con la idea de modernizar el Puerto fluvial de Nanchital: construir el astillero m\u00e1s grande de Latinoam\u00e9rica, crear una Terminal de Usos M\u00faltiples, y rematar con un aeropuerto de carga.<br \/>\nLo mejor de esto es que dicho megaproyecto abarcar\u00eda a Cosoleacaque, Minatitl\u00e1n e Ixhuatl\u00e1n del Sureste.<br \/>\nPlaticamos en el aeropuerto de la Ciudad de M\u00e9xico. Se re\u00fane con sindicalistas, con ingenieros, se prepara para viajar a Toluca, pero Marco Antonio Fraga Arenas, presidente administrativo de Servicios Portuarios de Nanchital, Veracruz, SA de CV (Spinver), se da tiempo para contarme este proyecto donde apuesta invertir un capital de cinco mil millones de euros.<br \/>\nAmparado con t\u00edtulo de concesi\u00f3n para operar la Administraci\u00f3n Portuaria de Nanchital como Puerto, explica en tres puntos y a grandes rasgos el proyecto para hacer de Nanchital, el Gigante del Golfo:<br \/>\n1.- Redise\u00f1o y construcci\u00f3n del puerto fluvial de Nanchital, que contar\u00e1 con un Recinto Fiscalizado Estrat\u00e9gico, con capacidad para almacenar cualquier tipo de mercanc\u00eda, con despacho aduanal a cualquier parte del mundo y en condiciones de recibir embarcaciones de gran calado tipo Panamax.<br \/>\n2.- La construcci\u00f3n del astillero m\u00e1s grande de Latinoam\u00e9rica, adem\u00e1s de un adicional en Minatitl\u00e1n, que dar\u00e1 servicio de mantenimiento, reparaci\u00f3n y construcci\u00f3n de embarcaciones de gran calado; a esta segunda etapa se le agrega la Terminal de Usos M\u00faltiples.<br \/>\n3.- Y quiz\u00e1s la m\u00e1s importante que complementar\u00eda el despertar de Nanchital como el gran gigante del Golfo: El Corredor Multimodal, que unir\u00e1 los puertos de Coatzacoalcos, Nanchital y Salina Cruz, Oaxaca.<br \/>\nA estos puntos se a\u00fana la construcci\u00f3n de una autopista exclusiva para transporte pesado as\u00ed como un ferrocarril de alta velocidad con capacidad de carga, que ha de atender el tr\u00e1fico comercial entre el continente asi\u00e1tico y nuestro pa\u00eds, la Costa Este de Estados Unidos as\u00ed como de Europa al Oc\u00e9ano Pac\u00edfico y cerrando la pinza con Centroam\u00e9rica al interior de la Rep\u00fablica Mexicana\u2026 vamos, tal como lo viene so\u00f1ando Theurel Cotero y tal como lo planea el Presidente Enrique Pe\u00f1a Nieto.<br \/>\nHabla de 30 mil empleos directos y 50 mil indirectos. Habla de una empresa amable con el medio ambiente al programar la instalaci\u00f3n de dos plantas de energ\u00eda renovable as\u00ed como un corredor tur\u00edstico con hoteles y parques ecol\u00f3gicos en Ixhuatl\u00e1n del Sureste.<br \/>\n\u00bfY cu\u00e1ndo ha de iniciar esta maravilla? Conf\u00eda Fraga Arenas que a fin de mes se haga el anuncio oficial iniciando los trabajos de dragado de Nanchital a la desembocadura del r\u00edo Coatzacoalcos.<br \/>\nEl entusiasmo de Marco Antonio Fraga contagia, m\u00e1s cuando dice y asegura que el Puerto de Nanchital ha de acabar con las mismas especificaciones que el de Hyundai Heavy, en Ulsan, Corea del Sur.<br \/>\nFraga Arenas afirma que en estos momentos, se concluye la compra-venta de terrenos en la zona de Punta Brava (Nanchital), as\u00ed como en Copoacan (Minatitl\u00e1n), donde ha de construirse un complemento del Astillero.<br \/>\nS\u00ed, dice que ha tenido piedritas en el camino, pero conf\u00eda que en menos de dos semanas, aquellas personas que no creyeron en el capital mexicano, en el empresario mexicano, se queden callados cuando en el Distrito Federal se anuncie el proyecto que ha de hacer de Nanchital el gigante del Golfo\u2026<\/p>\n<p><a href=\"http:\/\/www.lospoliticosveracruz.com.mx\/wp-content\/uploads\/2015\/01\/Edificio-Inteligente-con-10-niveles-y-helipuerto.jpg\"><img loading=\"lazy\" decoding=\"async\" class=\"alignnone size-medium wp-image-14420\" src=\"http:\/\/www.lospoliticosveracruz.com.mx\/wp-content\/uploads\/2015\/01\/Edificio-Inteligente-con-10-niveles-y-helipuerto-276x300.jpg\" alt=\"Edificio Inteligente con 10 niveles y helipuerto\" width=\"276\" height=\"300\" \/><\/a><br \/>\nPD IVAI<br \/>\nMa\u00f1ana daremos a conocer c\u00f3mo maneja la transparencia Fernando Aguilera de Hombre en el Instituto Veracruzano de Acceso a la Informaci\u00f3n\u2026 s\u00f3lo as\u00ed se puede explicar que en menos de siete d\u00edas h\u00e1biles de este a\u00f1o que inicia, el ayuntamiento de Xalapa tenga m\u00e1s de 200 peticiones de informaci\u00f3n\u2026<br \/>\nsmcainito@gmail.com<\/p>\n","protected":false},"excerpt":{"rendered":"<p>Salvador Mu\u00f1oz Los Pol\u00edticos\u00a0 &nbsp; En dos semanas, Nanchital podr\u00eda ser noticia. Un grupo de empresarios mexicanos tienen un proyecto que podr\u00eda revolucionar este municipio que ha sido visto desde hace mucho tiempo como el patito feo de la zona sur por sus vecinos: Coatzacoalcos, Minatitl\u00e1n y Cosoleacaque. \u00bfC\u00f3mo? Con cuatro enormes y ambiciosos proyectos [&hellip;]<\/p>\n","protected":false},"author":2,"featured_media":0,"comment_status":"open","ping_status":"open","sticky":false,"template":"","format":"standard","meta":{"_jetpack_newsletter_access":"","_jetpack_dont_email_post_to_subs":false,"_jetpack_newsletter_tier_id":0,"_jetpack_memberships_contains_paywalled_content":false,"_jetpack_memberships_contains_paid_content":false,"footnotes":""},"categories":[70],"tags":[1393,374],"class_list":["post-14418","post","type-post","status-publish","format-standard","hentry","category-de-opinion","tag-marco-antonio-fraga-arenas","tag-nanchital"],"jetpack_featured_media_url":"","jetpack_sharing_enabled":true,"jetpack_shortlink":"https:\/\/wp.me\/p4Qcd3-3Ky","_links":{"self":[{"href":"https:\/\/lospoliticosveracruz.com.mx\/index.php?rest_route=\/wp\/v2\/posts\/14418","targetHints":{"allow":["GET"]}}],"collection":[{"href":"https:\/\/lospoliticosveracruz.com.mx\/index.php?rest_route=\/wp\/v2\/posts"}],"about":[{"href":"https:\/\/lospoliticosveracruz.com.mx\/index.php?rest_route=\/wp\/v2\/types\/post"}],"author":[{"embeddable":true,"href":"https:\/\/lospoliticosveracruz.com.mx\/index.php?rest_route=\/wp\/v2\/users\/2"}],"replies":[{"embeddable":true,"href":"https:\/\/lospoliticosveracruz.com.mx\/index.php?rest_route=%2Fwp%2Fv2%2Fcomments&post=14418"}],"version-history":[{"count":2,"href":"https:\/\/lospoliticosveracruz.com.mx\/index.php?rest_route=\/wp\/v2\/posts\/14418\/revisions"}],"predecessor-version":[{"id":14423,"href":"https:\/\/lospoliticosveracruz.com.mx\/index.php?rest_route=\/wp\/v2\/posts\/14418\/revisions\/14423"}],"wp:attachment":[{"href":"https:\/\/lospoliticosveracruz.com.mx\/index.php?rest_route=%2Fwp%2Fv2%2Fmedia&parent=14418"}],"wp:term":[{"taxonomy":"category","embeddable":true,"href":"https:\/\/lospoliticosveracruz.com.mx\/index.php?rest_route=%2Fwp%2Fv2%2Fcategories&post=14418"},{"taxonomy":"post_tag","embeddable":true,"href":"https:\/\/lospoliticosveracruz.com.mx\/index.php?rest_route=%2Fwp%2Fv2%2Ftags&post=14418"}],"curies":[{"name":"wp","href":"https:\/\/api.w.org\/{rel}","templated":true}]}}