{"id":14451,"date":"2015-01-12T00:21:20","date_gmt":"2015-01-12T06:21:20","guid":{"rendered":"http:\/\/www.lospoliticosveracruz.com.mx\/?p=14451"},"modified":"2015-01-12T00:21:20","modified_gmt":"2015-01-12T06:21:20","slug":"bueno-yunes-y-ampudia","status":"publish","type":"post","link":"https:\/\/lospoliticosveracruz.com.mx\/?p=14451","title":{"rendered":"Bueno, Yunes y Ampudia"},"content":{"rendered":"<p><a href=\"http:\/\/www.lospoliticosveracruz.com.mx\/wp-content\/uploads\/2015\/01\/Bueno-Yunes-Ampudia.jpg\"><img loading=\"lazy\" decoding=\"async\" class=\"alignnone size-medium wp-image-14452\" src=\"http:\/\/www.lospoliticosveracruz.com.mx\/wp-content\/uploads\/2015\/01\/Bueno-Yunes-Ampudia-300x159.jpg\" alt=\"Bueno Yunes Ampudia\" width=\"300\" height=\"159\" \/><\/a><br \/>\n<strong>Salvador Mu\u00f1oz<\/strong><\/p>\n<p><em>Los Pol\u00edticos<\/em><\/p>\n<p>&nbsp;<\/p>\n<p>A mediados de diciembre pasado, alzaba la voz cuando un reportero le preguntaba si contender\u00eda por la gubernatura de dos a\u00f1os: \u201cYo ya la tengo levantada; yo quiero ser candidato a Gobernador. Siempre hay tiempo para hacer muy buen trabajo\u2026 dos a\u00f1os, cinco a\u00f1os, seis a\u00f1os\u2026 cada cosa en su propia dimensi\u00f3n\u201d.<br \/>\nY por si fuera poco, agreg\u00f3: \u201cConsidero un reto muy importante entrar a gobernar Veracruz por el periodo que la Legislatura decida. Estoy seguro que con las reglas que pongan le vamos a ganar al PRI el gobierno de Veracruz\u201d.<br \/>\nHoy, la noticia que da a la radio es que el s\u00e1bado, present\u00f3 un amparo contra la sesi\u00f3n del Congreso del Estado en la que se aprob\u00f3 la reforma constitucional que avala la gubernatura de dos a\u00f1os en Veracruz.<br \/>\n\u00bfQu\u00e9 oblig\u00f3 al diputado federal que hab\u00eda alzado la mano para contender por la gubernatura de dos, cinco o seis a\u00f1os a cambiar de decisi\u00f3n?<br \/>\n\u00a1Sepa! S\u00f3lo Juan Bueno Torio lo sabe\u2026<br \/>\nII<br \/>\nLas recientes declaraciones de H\u00e9ctor Yunes Landa respecto a la pol\u00edtica que se vive en Veracruz, no extra\u00f1an\u2026 es m\u00e1s, \u00a1se extra\u00f1aban!<br \/>\nLas frases que expuso durante la \u00faltima visita del presidente Enrique Pe\u00f1a Nieto, evidencian el car\u00e1cter que todos conocemos del senador: Alebrestado, calent\u00f3n, explosivo, temperamental\u2026 \u00a1\u00e9se es H\u00e9ctor Yunes! Y por supuesto, es el candidato ideal\u2026 para sacar una buena entrevista en el estado de \u00e1nimo en que se encuentra desde hace m\u00e1s de un mes.<br \/>\nEl asunto es que en sus citas habla en plural pero en la realidad, se ve en singular. Por ejemplo, dice: \u201cABANDONAMOS el evento para evidenciar que no existe unidad. Que no existe acuerdo ni talento negociador. Toda pretensi\u00f3n de mostrar lo contrario es un montaje en el que no vamos a participar\u201d.<br \/>\nCon ese \u201cAbandonamos\u201d y \u201cno vamos a participar\u201d, se refiere a \u00e9l y al otro Senador, Pepe Yunes. Uno agradece la sinceridad de H\u00e9ctor, pero no la tibieza de Pepe que no hace m\u00e1s que recordar ese pasaje b\u00edblico que dice: \u201cYo conozco tus obras, que ni eres fr\u00edo ni caliente. \u00a1Ojal\u00e1 fueses fr\u00edo o caliente! Pero por cuanto eres tibio, y no fr\u00edo ni caliente, te vomitar\u00e9 de mi boca\u201d. Apocalipsis 3:15-16.<br \/>\nIII<br \/>\nCon Enrique Ampudia Mello ser\u00edan seis los que habr\u00edan pasado por la Secretar\u00eda Particular del Gobernador, aunque, claro, a cada uno habr\u00eda que darle su justa dimensi\u00f3n.<br \/>\nPor ejemplo: Juan Manuel del Castillo (dos veces en la Particular) es amigo y de todas las confianzas de Javier Duarte.<br \/>\nJorge Carvallo y Juan Antonio Nemi Dib a veces fung\u00edan como Log\u00edstica y Harry Grappa pas\u00f3 sin pena ni gloria. Pero ojo, porque la llegada de Enrique Ampudia a la Secretar\u00eda Particular en la Oficina del Jefe del Poder Ejecutivo del Estado, tiene tintes de mayor penetraci\u00f3n en el acontecer de la entidad. Baste checar el tiempo\u2026 y no precisamente el Clima&#8230;<br \/>\n\u00a1Vamos a ponerlo as\u00ed, ahora que inici\u00f3 el Torneo de Clausura y Javier Duarte de Ochoa va por el cierre de su administraci\u00f3n con doble calendario electoral por delante donde, primero, debe meter el mayor n\u00famero de diputados de Veracruz en San L\u00e1zaro y, segundo, preparar la estrategia adecuada para la sucesi\u00f3n! El exsubsecretario de Gobierno de Javier Duarte ser\u00e1 un pivote para regular el aire del bal\u00f3n de este juego pol\u00edtico.<br \/>\nPero, que no los agarren en fuera de lugar\u2026 Con la renovaci\u00f3n del Congreso de la Uni\u00f3n tambi\u00e9n empez\u00f3 la transici\u00f3n sexenal.<br \/>\nPor cierto\u2026 All\u00e1 en Plaza Las Am\u00e9ricas de esta ciudad capital,la ma\u00f1ana del jueves pasado, Enrique Ampudia Mello y Jos\u00e9 Luis Enr\u00edquez Ambell hac\u00edan surco sobre los pasillos de ese centro comercial. Ambos personajes, cercanos al Secretario de Gobierno, Gerardo Buganza, charlaron en traj\u00edn durante largo tiempo. Y al contrario al columnista, es seguro que los temas que abordaron no fueron precisamente los juegos de la NFL, la alineaci\u00f3n de los Tiburones Rojos o el triunfo del Am\u00e9rica&#8230;<\/p>\n<p>smcainito@gmail.com<\/p>\n","protected":false},"excerpt":{"rendered":"<p>Salvador Mu\u00f1oz Los Pol\u00edticos &nbsp; A mediados de diciembre pasado, alzaba la voz cuando un reportero le preguntaba si contender\u00eda por la gubernatura de dos a\u00f1os: \u201cYo ya la tengo levantada; yo quiero ser candidato a Gobernador. Siempre hay tiempo para hacer muy buen trabajo\u2026 dos a\u00f1os, cinco a\u00f1os, seis a\u00f1os\u2026 cada cosa en su [&hellip;]<\/p>\n","protected":false},"author":2,"featured_media":0,"comment_status":"open","ping_status":"open","sticky":false,"template":"","format":"standard","meta":{"_jetpack_newsletter_access":"","_jetpack_dont_email_post_to_subs":false,"_jetpack_newsletter_tier_id":0,"_jetpack_memberships_contains_paywalled_content":false,"_jetpack_memberships_contains_paid_content":false,"footnotes":""},"categories":[70],"tags":[1412,348,1305,246],"class_list":["post-14451","post","type-post","status-publish","format-standard","hentry","category-de-opinion","tag-enrique-ampudia-mello","tag-hector-yunes-landa","tag-juan-bueno-torio","tag-pepe-yunes-zorrilla"],"jetpack_featured_media_url":"","jetpack_sharing_enabled":true,"jetpack_shortlink":"https:\/\/wp.me\/p4Qcd3-3L5","_links":{"self":[{"href":"https:\/\/lospoliticosveracruz.com.mx\/index.php?rest_route=\/wp\/v2\/posts\/14451","targetHints":{"allow":["GET"]}}],"collection":[{"href":"https:\/\/lospoliticosveracruz.com.mx\/index.php?rest_route=\/wp\/v2\/posts"}],"about":[{"href":"https:\/\/lospoliticosveracruz.com.mx\/index.php?rest_route=\/wp\/v2\/types\/post"}],"author":[{"embeddable":true,"href":"https:\/\/lospoliticosveracruz.com.mx\/index.php?rest_route=\/wp\/v2\/users\/2"}],"replies":[{"embeddable":true,"href":"https:\/\/lospoliticosveracruz.com.mx\/index.php?rest_route=%2Fwp%2Fv2%2Fcomments&post=14451"}],"version-history":[{"count":1,"href":"https:\/\/lospoliticosveracruz.com.mx\/index.php?rest_route=\/wp\/v2\/posts\/14451\/revisions"}],"predecessor-version":[{"id":14453,"href":"https:\/\/lospoliticosveracruz.com.mx\/index.php?rest_route=\/wp\/v2\/posts\/14451\/revisions\/14453"}],"wp:attachment":[{"href":"https:\/\/lospoliticosveracruz.com.mx\/index.php?rest_route=%2Fwp%2Fv2%2Fmedia&parent=14451"}],"wp:term":[{"taxonomy":"category","embeddable":true,"href":"https:\/\/lospoliticosveracruz.com.mx\/index.php?rest_route=%2Fwp%2Fv2%2Fcategories&post=14451"},{"taxonomy":"post_tag","embeddable":true,"href":"https:\/\/lospoliticosveracruz.com.mx\/index.php?rest_route=%2Fwp%2Fv2%2Ftags&post=14451"}],"curies":[{"name":"wp","href":"https:\/\/api.w.org\/{rel}","templated":true}]}}