{"id":144957,"date":"2025-05-18T00:14:22","date_gmt":"2025-05-18T05:14:22","guid":{"rendered":"https:\/\/lospoliticosveracruz.com.mx\/?p=144957"},"modified":"2025-05-18T00:15:05","modified_gmt":"2025-05-18T05:15:05","slug":"veracruz-la-violencia-sigue-2","status":"publish","type":"post","link":"https:\/\/lospoliticosveracruz.com.mx\/?p=144957","title":{"rendered":"VERACRUZ, LA VIOLENCIA SIGUE"},"content":{"rendered":"\n<p>[S\u00edguenos ahora tambi\u00e9n en WhatsApp.\u00a0<a href=\"https:\/\/whatsapp.com\/channel\/0029Va8zRWlEKyZIP3Z1dF0e\"><strong><em>Da clic aqu\u00ed<\/em><\/strong><\/a>]\u00a0<br><strong>Ricardo Chua<\/strong><\/p>\n\n\n\n<p><em>Sale y Vale<\/em><\/p>\n\n\n\n<p>No bast\u00f3 que hace 8 d\u00edas empez\u00f3 la ola de inseguridad en Veracruz.. Tanto en las campa\u00f1as a alcald\u00edas con cr\u00edmenes contra los candidatos de MORENA.. As\u00ed como asesinatos en contra de polic\u00edas federales.. Ya que hoy en Veracruz, la violencia no s\u00f3lo persiste.. Los recientes sucesos en estas \u00faltimas 24 horas en distintos puntos del Estado, son la muestra: En Tempoal, el hallazgo de una cabeza humana dentro de una hielera, ha estremecido a la poblaci\u00f3n.. Luego en Nanchital, un video que circula en redes sociales muestran amenazas directas contra el candidato a alcalde de Movimiento Ciudadano.. \u00bfQU\u00c9 EST\u00c1 PASANDO?..<\/p>\n\n\n\n<p>Luego en Coatzacoalcos, un cuerpo calcinado fue encontrado en los alrededores de los Astilleros de la Marina, sin que hasta ahora se conozcan mayores detalles oficiales.. Pero el conflicto deriva, que frente a ello, las respuestas oficiales del gobierno del Estado han sido, por decir, lo menos, INSUFICIENTES.. La gobernadora Roc\u00edo Nahle Garc\u00eda declar\u00f3 que \u00abTodo se investiga\u00bb y que \u00abpresentar\u00e1 una estad\u00edstica a finales de mayo\u00bb.. Por otro lado, desde la segunda oficina m\u00e1s importante de Palacio de Gobierno, se ha intentado presentar esta etapa como una transici\u00f3n \u00abde la ley del -garrote- al gobierno del di\u00e1logo.. Y acaso.. \u00bfHa servido de algo?..<\/p>\n\n\n\n<p>El problema es que para la percepci\u00f3n p\u00fablica ese \u00abdi\u00e1logo\u00bb se est\u00e1 definiendo como una CARENCIA DE DOMINIO.. Y que ante la opacidad en la toma de decisiones y la incapacidad para contener la inseguridad y mantener la GOBERNABILIDAD.. Esto s\u00f3lo ha sido tomado como una simple ret\u00f3rica para justificar la inacci\u00f3n del gobierno de Veracruz.. Por eso, se ha mencionado que Ricardo Ahued, como secretario de Gobierno, es el responsable de mantener esta gobernabilidad en el Estado y como el segundo funcionario m\u00e1s importante en la administraci\u00f3n estatal, tiene la tarea de garantizar orden y estabilidad.. HOY NO HAY, NI UNO, NI OTRO..<\/p>\n\n\n\n<p>Ahued Barahuill, que ha sido alcalde dos veces, diputado federal, diputado local, senador y ahora titular de la SEGOB en Veracruz, ya debe tener en claro que escuchar o atender audiencias, no es el trabajo de un secretario de Gobierno.. Para esa labor est\u00e1 la Oficina de Atenci\u00f3n Ciudadana de la Gobernadora.. Si bien es cierto, la seguridad, no es responsabilidad directa estrictamente de su oficina en Palacio de Gobierno.. El ex alcalde de Xalapa con licencia sabe muy bien que la gobernabilidad (Que esa responsabilidad si le toca) y la seguridad de un Estado, siempre est\u00e1n entrelazadas.. Y ah\u00ed est\u00e1 la falla..<\/p>\n\n\n\n<p>El pasado 16 de noviembre del 2024, a dos semanas de tomar el poder en el gobierno de Veracruz, Roc\u00edo Nahle, como gobernadora electa, present\u00f3 al Contraalmirante Alfonso Reyes Garc\u00e9s, como el nuevo secretario de Seguridad P\u00fablica en Veracruz.. Obvio su nombramiento gener\u00f3 expectativas: Proveniente de la Secretar\u00eda de Marina, con formaci\u00f3n especializada y una carrera s\u00f3lida en temas de seguridad nacional.. Su llegada fue interpretada por muchos en Veracruz, como una intervenci\u00f3n directa del gobierno federal, para tratar de poner orden en Veracruz.. Una recomendaci\u00f3n que aval\u00f3 la Presidenta, Claudia Shienbaum para la entidad..<\/p>\n\n\n\n<p>Sobre todo porque en 2024, Veracruz, se le ten\u00eda como una entidad marcada por la violencia, el descontrol y que con este personaje en la SSP estatal, se iba a corregir los errores acomulados en la gesti\u00f3n estatal de Cuitl\u00e1huac Garc\u00eda Jim\u00e9nez, Eric Cisneros Burgos y Carlos Ju\u00e1rez Gil.. Sin embargo, a 6 meses despu\u00e9s de su nombramiento con Reyes Garc\u00e9s, el panorama no ha cambiado en el Estado.. La violencia contin\u00faa a la alza, ahora hasta asesinan a pol\u00edticos de MORENA de manera impune, por eso los cr\u00edmenes de alto impacto se multiplican y la percepci\u00f3n de inseguridad entre la ciudadan\u00eda, no disminuye..<\/p>\n\n\n\n<p>Pero lo m\u00e1s preocupante es la opacidad.. El titular de la SSP en Veracruz no ha tenido presencia p\u00fablica.. Parece que hasta huye de los medios de comunicaci\u00f3n.. Tanto as\u00ed, que al d\u00eda de hoy, no se le conoce su timbre de voz.. Su perfil t\u00e9cnico, que se pens\u00f3 ser\u00eda de sus fortalezas, se ha convertido en toda una barrera para estar al frente de su cargo.. Incluso, se dijo mucho que junto con \u00e9l, arrib\u00f3 a Veracruz, un equipo tanto material y humano muy t\u00e9cnico y especializado en la materia.. Pero hasta el momento, con todo lo que ha sucedido en los \u00faltimos d\u00edas, esto no se percibe porque no hay resultados concretos..<\/p>\n\n\n\n<p>As\u00ed que no queda de otra, si el secretario de Seguridad P\u00fablica en Veracruz, Alfonso Reyes Garc\u00e9s junto con el secretario de Gobierno, Ricardo Ahued.. La gobernadora Roc\u00edo Nahle, los nombr\u00f3 en esos cargos para darle seguridad a los veracruzanos y gobernabilidad al Estado, pareciera que no lo est\u00e1n logrando.. M\u00e1s si se basan en las opiniones de la misma mandataria estatal, que su gobierno llegaba para corregir el rumbo en todos los sentidos en Veracruz, despu\u00e9s del paso de gobiernos anteriores que le \u00abhicieron mucho da\u00f1o\u00bb a la entidad, as\u00ed que, pues, les lleg\u00f3 el tiempo de actuar y dar resultados porque ese tiempo se les est\u00e1 agotando.. AMEN..<\/p>\n\n\n\n<p>REFLEXI\u00d3N.. Los temas mencionados en este espacio en los \u00faltimos d\u00edas.. No es un ataque, ni una cr\u00edtica vac\u00eda a un gobierno o alg\u00fan funcionario p\u00fablico en especial.. Ya que ese es y seguir\u00e1 siendo el papel del an\u00e1lisis pol\u00edtico en medios de comunicaci\u00f3n, que es en ocasiones, poner el \u00abdedo en la llaga\u00bb aunque a veces incomode.. Cuando se elige gobernar y ser parte de un gobierno, no se pueden dar el lujo de tener la \u00abpiel delgada\u00bb.. La cr\u00edtica no es el enemigo, es una herramienta para corregir el rumbo.. Adem\u00e1s la relaci\u00f3n de los periodistas y el poder, no se puede basar en elogios, sino en verdades.. EL QUE LO ENTENDI\u00d3.. LO ENTENDI\u00d3..<\/p>\n","protected":false},"excerpt":{"rendered":"<p>[S\u00edguenos ahora tambi\u00e9n en WhatsApp.\u00a0Da clic aqu\u00ed]\u00a0Ricardo Chua Sale y Vale No bast\u00f3 que hace 8 d\u00edas empez\u00f3 la ola de inseguridad en Veracruz.. Tanto en las campa\u00f1as a alcald\u00edas con cr\u00edmenes contra los candidatos de MORENA.. As\u00ed como asesinatos en contra de polic\u00edas federales.. Ya que hoy en Veracruz, la violencia no s\u00f3lo persiste.. [&hellip;]<\/p>\n","protected":false},"author":2,"featured_media":141434,"comment_status":"closed","ping_status":"closed","sticky":false,"template":"","format":"standard","meta":{"_jetpack_newsletter_access":"","_jetpack_dont_email_post_to_subs":false,"_jetpack_newsletter_tier_id":0,"_jetpack_memberships_contains_paywalled_content":false,"_jetpack_memberships_contains_paid_content":false,"footnotes":""},"categories":[70],"tags":[721,1026,876,3578,195,463],"class_list":["post-144957","post","type-post","status-publish","format-standard","has-post-thumbnail","hentry","category-de-opinion","tag-elecciones","tag-morena","tag-ricardo-ahued","tag-rocio-nahle","tag-veracruz","tag-violencia"],"jetpack_featured_media_url":"https:\/\/lospoliticosveracruz.com.mx\/wp-content\/uploads\/2025\/04\/Chua-e1761364658706.jpg","jetpack_sharing_enabled":true,"jetpack_shortlink":"https:\/\/wp.me\/p4Qcd3-BI1","_links":{"self":[{"href":"https:\/\/lospoliticosveracruz.com.mx\/index.php?rest_route=\/wp\/v2\/posts\/144957","targetHints":{"allow":["GET"]}}],"collection":[{"href":"https:\/\/lospoliticosveracruz.com.mx\/index.php?rest_route=\/wp\/v2\/posts"}],"about":[{"href":"https:\/\/lospoliticosveracruz.com.mx\/index.php?rest_route=\/wp\/v2\/types\/post"}],"author":[{"embeddable":true,"href":"https:\/\/lospoliticosveracruz.com.mx\/index.php?rest_route=\/wp\/v2\/users\/2"}],"replies":[{"embeddable":true,"href":"https:\/\/lospoliticosveracruz.com.mx\/index.php?rest_route=%2Fwp%2Fv2%2Fcomments&post=144957"}],"version-history":[{"count":2,"href":"https:\/\/lospoliticosveracruz.com.mx\/index.php?rest_route=\/wp\/v2\/posts\/144957\/revisions"}],"predecessor-version":[{"id":144959,"href":"https:\/\/lospoliticosveracruz.com.mx\/index.php?rest_route=\/wp\/v2\/posts\/144957\/revisions\/144959"}],"wp:featuredmedia":[{"embeddable":true,"href":"https:\/\/lospoliticosveracruz.com.mx\/index.php?rest_route=\/wp\/v2\/media\/141434"}],"wp:attachment":[{"href":"https:\/\/lospoliticosveracruz.com.mx\/index.php?rest_route=%2Fwp%2Fv2%2Fmedia&parent=144957"}],"wp:term":[{"taxonomy":"category","embeddable":true,"href":"https:\/\/lospoliticosveracruz.com.mx\/index.php?rest_route=%2Fwp%2Fv2%2Fcategories&post=144957"},{"taxonomy":"post_tag","embeddable":true,"href":"https:\/\/lospoliticosveracruz.com.mx\/index.php?rest_route=%2Fwp%2Fv2%2Ftags&post=144957"}],"curies":[{"name":"wp","href":"https:\/\/api.w.org\/{rel}","templated":true}]}}