{"id":145097,"date":"2025-05-19T21:49:53","date_gmt":"2025-05-20T02:49:53","guid":{"rendered":"https:\/\/lospoliticosveracruz.com.mx\/?p=145097"},"modified":"2025-05-19T21:50:06","modified_gmt":"2025-05-20T02:50:06","slug":"yolanda-pide-a-daniela-que-se-sume-al-pt","status":"publish","type":"post","link":"https:\/\/lospoliticosveracruz.com.mx\/?p=145097","title":{"rendered":"YOLANDA PIDE A DANIELA QUE SE SUME AL PT!"},"content":{"rendered":"\n<p><strong>S\u00edguenos ahora tambi\u00e9n en WhatsApp. \u00a1<a href=\"https:\/\/whatsapp.com\/channel\/0029Va8zRWlEKyZIP3Z1dF0e\">Da clic aqu\u00ed<\/a>!<\/strong><\/p>\n\n\n\n<p>Durante su participaci\u00f3n en el primer debate organizado por el Organismo P\u00fablico Local Electoral (OPLE), la candidata a la presidencia municipal de Xalapa por el Partido del Trabajo (PT), Yolanda del Rosario Hern\u00e1ndez Aburto, invit\u00f3 a la candidata de Morena a declinar su candidatura y sumarse al proyecto del PT.<\/p>\n\n\n\n<p>En un ejercicio democr\u00e1tico, la candidata del Partido del Trabajo (PT) present\u00f3 una propuesta clara y comprometida con el desarrollo social y econ\u00f3mico de la capital veracruzana, en el que todos los sectores estar\u00e1n involucrados, \u201cun proyecto de verdadera izquierda\u201d.&nbsp;<\/p>\n\n\n\n<p>En su intervenci\u00f3n, destac\u00f3 que su proyecto de gobierno tiene como eje principal la generaci\u00f3n de nuevas y mejores oportunidades de empleo para las y los xalape\u00f1os. Subray\u00f3 que cerca del 60% del comercio en Xalapa se encuentra en la informalidad, y que los empleos formales ofrecen un salario promedio de apenas 5,700 pesos mensuales, cifra insuficiente para el sostenimiento de una familia.<\/p>\n\n\n\n<p>\u201cPor una vida digna, con empleos formales y bien remunerados, voy a trabajar. Hay talento y ganas; vamos a otorgar oportunidades reales mediante una estrategia integral para el empleo local\u201d, afirm\u00f3 la candidata.<\/p>\n\n\n\n<p>Asimismo, asegur\u00f3 tener el conocimiento administrativo necesario para fomentar la inversi\u00f3n privada y facilitar los tr\u00e1mites a nuevos emprendedores, fortaleciendo as\u00ed el comercio formal y la econom\u00eda local.<\/p>\n\n\n\n<p>En una segunda ronda del debate, la abanderada petista se mostr\u00f3 preparada para ser la portavoz de la ciudadan\u00eda y dar respuesta sensible a demandas fundamentales, como el abasto de agua. Propuso una reingenier\u00eda integral \u2014administrativa y operativa\u2014 en la Comisi\u00f3n Municipal de Agua y Saneamiento (CMAS), adem\u00e1s de implementar un programa de reforestaci\u00f3n urbana para impulsar una Xalapa sustentable.<\/p>\n\n\n\n<p>\u201cNo busco un cargo por ambici\u00f3n, sino por convicci\u00f3n. Quiero una administraci\u00f3n de puertas abiertas, comprometida con el bienestar de todas y todos, y con un verdadero desarrollo municipal\u201d, concluy\u00f3.<\/p>\n\n\n\n<p>Cabe destacar que Yolanda del Rosario Hern\u00e1ndez Aburto, es Licenciada en Derecho por la Universidad Veracruzana y Licenciada en Administraci\u00f3n de Empresas, es una reconocida luchadora social y de origen xalape\u00f1a, comprometida con las causas ciudadanas y el bienestar colectivo.<\/p>\n","protected":false},"excerpt":{"rendered":"<p>S\u00edguenos ahora tambi\u00e9n en WhatsApp. \u00a1Da clic aqu\u00ed! Durante su participaci\u00f3n en el primer debate organizado por el Organismo P\u00fablico Local Electoral (OPLE), la candidata a la presidencia municipal de Xalapa por el Partido del Trabajo (PT), Yolanda del Rosario Hern\u00e1ndez Aburto, invit\u00f3 a la candidata de Morena a declinar su candidatura y sumarse al [&hellip;]<\/p>\n","protected":false},"author":2,"featured_media":145098,"comment_status":"closed","ping_status":"closed","sticky":false,"template":"","format":"standard","meta":{"_jetpack_newsletter_access":"","_jetpack_dont_email_post_to_subs":false,"_jetpack_newsletter_tier_id":0,"_jetpack_memberships_contains_paywalled_content":false,"_jetpack_memberships_contains_paid_content":false,"footnotes":""},"categories":[73],"tags":[],"class_list":["post-145097","post","type-post","status-publish","format-standard","has-post-thumbnail","hentry","category-de-boleto"],"jetpack_featured_media_url":"https:\/\/lospoliticosveracruz.com.mx\/wp-content\/uploads\/2025\/05\/IMG_1025.jpeg","jetpack_sharing_enabled":true,"jetpack_shortlink":"https:\/\/wp.me\/p4Qcd3-BKh","_links":{"self":[{"href":"https:\/\/lospoliticosveracruz.com.mx\/index.php?rest_route=\/wp\/v2\/posts\/145097","targetHints":{"allow":["GET"]}}],"collection":[{"href":"https:\/\/lospoliticosveracruz.com.mx\/index.php?rest_route=\/wp\/v2\/posts"}],"about":[{"href":"https:\/\/lospoliticosveracruz.com.mx\/index.php?rest_route=\/wp\/v2\/types\/post"}],"author":[{"embeddable":true,"href":"https:\/\/lospoliticosveracruz.com.mx\/index.php?rest_route=\/wp\/v2\/users\/2"}],"replies":[{"embeddable":true,"href":"https:\/\/lospoliticosveracruz.com.mx\/index.php?rest_route=%2Fwp%2Fv2%2Fcomments&post=145097"}],"version-history":[{"count":1,"href":"https:\/\/lospoliticosveracruz.com.mx\/index.php?rest_route=\/wp\/v2\/posts\/145097\/revisions"}],"predecessor-version":[{"id":145099,"href":"https:\/\/lospoliticosveracruz.com.mx\/index.php?rest_route=\/wp\/v2\/posts\/145097\/revisions\/145099"}],"wp:featuredmedia":[{"embeddable":true,"href":"https:\/\/lospoliticosveracruz.com.mx\/index.php?rest_route=\/wp\/v2\/media\/145098"}],"wp:attachment":[{"href":"https:\/\/lospoliticosveracruz.com.mx\/index.php?rest_route=%2Fwp%2Fv2%2Fmedia&parent=145097"}],"wp:term":[{"taxonomy":"category","embeddable":true,"href":"https:\/\/lospoliticosveracruz.com.mx\/index.php?rest_route=%2Fwp%2Fv2%2Fcategories&post=145097"},{"taxonomy":"post_tag","embeddable":true,"href":"https:\/\/lospoliticosveracruz.com.mx\/index.php?rest_route=%2Fwp%2Fv2%2Ftags&post=145097"}],"curies":[{"name":"wp","href":"https:\/\/api.w.org\/{rel}","templated":true}]}}