{"id":145314,"date":"2025-05-22T08:51:10","date_gmt":"2025-05-22T13:51:10","guid":{"rendered":"https:\/\/lospoliticosveracruz.com.mx\/?p=145314"},"modified":"2025-05-22T08:51:39","modified_gmt":"2025-05-22T13:51:39","slug":"domingo-n-de-supuesta-victima-a-victimario","status":"publish","type":"post","link":"https:\/\/lospoliticosveracruz.com.mx\/?p=145314","title":{"rendered":"DOMINGO N, DE SUPUESTA V\u00cdCTIMA A VICTIMARIO"},"content":{"rendered":"\n<p><a><\/a><a href=\"https:\/\/whatsapp.com\/channel\/0029Va8zRWlEKyZIP3Z1dF0e\"><strong>\u2002\u2002<\/strong><strong>\u00da<\/strong><strong>NETE A NUESTRO CANAL<\/strong><strong><\/strong><\/a><\/p>\n\n\n\n<p>\u00a1<a href=\"https:\/\/whatsapp.com\/channel\/0029Va8zRWlEKyZIP3Z1dF0e\"><strong>LOS POL\u00cd<\/strong><strong>TICOS VERACRUZ<\/strong><\/a> ya est\u00e1 en WhatsApp!<\/p>\n\n\n\n<p><strong>Yamiri Rodr\u00edguez Madrid<\/strong><\/p>\n\n\n\n<p><em>La vuelta a Veracruz en un teclazo<br><\/em><\/p>\n\n\n\n<p>Mucho ojo con lo que pasa en Texistepec y hasta d\u00f3nde llegan los tent\u00e1culos de Domingo N. Hace unas semanas, el 3 de mayo, Domingo N. era una pobre v\u00edctima de un desalojo que se llev\u00f3 a cabo en dicho punto de la entidad veracruzana; semanas despu\u00e9s est\u00e1 detenido por su probable responsabilidad en el asesinato del expresidente municipal Sa\u00fal Reyes Rodr\u00edguez y se habla de su participaci\u00f3n en otro homicidio m\u00e1s, el de la candidata Yesenia Lara Guti\u00e9rrez. As\u00ed, pas\u00f3 de v\u00edctima a victimario.<br>Para que dimensione lo anterior, en su declaraci\u00f3n de los hechos aleg\u00f3 que con armas y palos lo hab\u00edan intentado sacar a \u00e9l y a sus compa\u00f1eros de las instalaciones de la Unidad Minera; en el incidente hubo varios detenidos, entre ellos un abogado xalape\u00f1o; todos sin antecedentes penales, pues no son delincuentes. En ese momento la supuesta responsabilidad se volc\u00f3 hacia ellos, pero cuando las diligencias de ley comenzaron, las cosas tomaron otro giro.<br>Los detenidos afirman que en ning\u00fan momento llevaban armas de fuego, lo que hace suponer que alguien las pudo haber sembrado para hacer a\u00fan m\u00e1s grande el hecho; las pruebas de rodizonato que les debieron practicar dir\u00e1n qui\u00e9n tiene la raz\u00f3n.<br>Sin embargo, en un dos por tres, comenzaron a salir a flote se\u00f1alamientos muy escabrosos contra Domingo N, quien se presenta como l\u00edder social y campesino. El primero de estos es por su supuesta relaci\u00f3n en el asesinato de Yesenia Lara, candidata de Morena a la presidencia municipal de Texistepec, pues \u00e9l quer\u00eda ser el abanderado; punto que hasta ahora la Fiscal\u00eda no ha confirmado, ni desmentido, si por esto tambi\u00e9n se le investiga, aunque sea una aseveraci\u00f3n en el pueblo.<br>Domingo fue detenido en su bunker de la Minera, en medio de un fuerte dispositivo por el crimen de Reyes Rodr\u00edguez en diciembre de 2022.Todo parece alinearse en su contra: el desalojo y la ejecuci\u00f3n de la candidata lo pusieron entre la espada y la pared por un asesinato de hace casi tres a\u00f1os. Ni su estrecha amistad con el presidente de la Junta de Coordinaci\u00f3n Pol\u00edtica del Congreso Local, Esteban Bautista -aunque hoy lo niegue tres veces como Pedro a Cristo-, parece que podr\u00e1 salvarlo de estas.<br>La detenci\u00f3n de quienes participaron en el desalojo deber\u00eda ser revisada desde esa perspectiva: \u00bfun presunto victimario es la v\u00edctima?<br>@YamiriRodriguez<\/p>\n","protected":false},"excerpt":{"rendered":"<p>\u2002\u2002\u00daNETE A NUESTRO CANAL \u00a1LOS POL\u00cdTICOS VERACRUZ ya est\u00e1 en WhatsApp! Yamiri Rodr\u00edguez Madrid La vuelta a Veracruz en un teclazo Mucho ojo con lo que pasa en Texistepec y hasta d\u00f3nde llegan los tent\u00e1culos de Domingo N. Hace unas semanas, el 3 de mayo, Domingo N. era una pobre v\u00edctima de un desalojo que [&hellip;]<\/p>\n","protected":false},"author":2,"featured_media":141413,"comment_status":"closed","ping_status":"closed","sticky":false,"template":"","format":"standard","meta":{"_jetpack_newsletter_access":"","_jetpack_dont_email_post_to_subs":false,"_jetpack_newsletter_tier_id":0,"_jetpack_memberships_contains_paywalled_content":false,"_jetpack_memberships_contains_paid_content":false,"footnotes":""},"categories":[70],"tags":[35236,42407],"class_list":["post-145314","post","type-post","status-publish","format-standard","has-post-thumbnail","hentry","category-de-opinion","tag-texistepec","tag-yamiri-rodriguez-madrid"],"jetpack_featured_media_url":"https:\/\/lospoliticosveracruz.com.mx\/wp-content\/uploads\/2025\/04\/Yamiri-Rodriguez-Madrid.jpg","jetpack_sharing_enabled":true,"jetpack_shortlink":"https:\/\/wp.me\/p4Qcd3-BNM","_links":{"self":[{"href":"https:\/\/lospoliticosveracruz.com.mx\/index.php?rest_route=\/wp\/v2\/posts\/145314","targetHints":{"allow":["GET"]}}],"collection":[{"href":"https:\/\/lospoliticosveracruz.com.mx\/index.php?rest_route=\/wp\/v2\/posts"}],"about":[{"href":"https:\/\/lospoliticosveracruz.com.mx\/index.php?rest_route=\/wp\/v2\/types\/post"}],"author":[{"embeddable":true,"href":"https:\/\/lospoliticosveracruz.com.mx\/index.php?rest_route=\/wp\/v2\/users\/2"}],"replies":[{"embeddable":true,"href":"https:\/\/lospoliticosveracruz.com.mx\/index.php?rest_route=%2Fwp%2Fv2%2Fcomments&post=145314"}],"version-history":[{"count":1,"href":"https:\/\/lospoliticosveracruz.com.mx\/index.php?rest_route=\/wp\/v2\/posts\/145314\/revisions"}],"predecessor-version":[{"id":145315,"href":"https:\/\/lospoliticosveracruz.com.mx\/index.php?rest_route=\/wp\/v2\/posts\/145314\/revisions\/145315"}],"wp:featuredmedia":[{"embeddable":true,"href":"https:\/\/lospoliticosveracruz.com.mx\/index.php?rest_route=\/wp\/v2\/media\/141413"}],"wp:attachment":[{"href":"https:\/\/lospoliticosveracruz.com.mx\/index.php?rest_route=%2Fwp%2Fv2%2Fmedia&parent=145314"}],"wp:term":[{"taxonomy":"category","embeddable":true,"href":"https:\/\/lospoliticosveracruz.com.mx\/index.php?rest_route=%2Fwp%2Fv2%2Fcategories&post=145314"},{"taxonomy":"post_tag","embeddable":true,"href":"https:\/\/lospoliticosveracruz.com.mx\/index.php?rest_route=%2Fwp%2Fv2%2Ftags&post=145314"}],"curies":[{"name":"wp","href":"https:\/\/api.w.org\/{rel}","templated":true}]}}