{"id":145555,"date":"2025-05-25T10:35:10","date_gmt":"2025-05-25T15:35:10","guid":{"rendered":"https:\/\/lospoliticosveracruz.com.mx\/?p=145555"},"modified":"2025-05-25T10:35:20","modified_gmt":"2025-05-25T15:35:20","slug":"al-tio-se-le-respeta","status":"publish","type":"post","link":"https:\/\/lospoliticosveracruz.com.mx\/?p=145555","title":{"rendered":"AL T\u00cdO SE LE RESPETA!"},"content":{"rendered":"\n<p><a><\/a><a href=\"https:\/\/whatsapp.com\/channel\/0029Va8zRWlEKyZIP3Z1dF0e\"><strong>\u2002\u2002<\/strong><strong>\u00da<\/strong><strong>NETE A NUESTRO CANAL<\/strong><strong><\/strong><\/a><\/p>\n\n\n\n<p>\u00a1<a href=\"https:\/\/whatsapp.com\/channel\/0029Va8zRWlEKyZIP3Z1dF0e\"><strong>LOS POL\u00cd<\/strong><strong>TICOS VERACRUZ<\/strong><\/a> ya est\u00e1 en WhatsApp!<\/p>\n\n\n\n<p><strong>Juan de Dios S\u00e1nchez Abreu<\/strong><\/p>\n\n\n\n<p><em>El Gordito de Oro<br><\/em><\/p>\n\n\n\n<p>Un hasta luego al cielo a nuestra amiga Cecilia Bocanegra, gran comunicadora de la zona sur del Estado. \u00a1Am\u00e9n!<br>*Nuestra solidaridad como Asociaci\u00f3n Mexicana de Comunicadores y Periodistas del Estado de Veracruz (Amecope-Veracruz) a los compa\u00f1eros periodistas de todo el estado, ya que en estos tiempos desempe\u00f1ar este oficio, es dif\u00edcil por tanta inseguridad que existe. Les pedimos a las autoridades federales, estatales y municipales poner atenci\u00f3n a los compa\u00f1eros comunicadores.<\/p>\n\n\n\n<p>Seguimos en la organizaci\u00f3n del 3\u00b0 Congreso Estatal de la Asociaci\u00f3n Mexicana de Comunicadores y Periodistas del Estado de Veracruz (AMECOPE-VERACRUZ), este viernes 6 de junio 2025 en la ciudad de Xalapa, Veracruz.<br>*Felicito a los l\u00edderes del Sindicato Magisterial Veracruzano (SMV), a su secretario general el Prof. Ram\u00f3n Dom\u00ednguez Polo, y al presidente del Consejo General del SMV, Prof. Luis Alonso Polo Villalobos, ya que una vez m\u00e1s celebraron a sus maestros socios del sindicato por el d\u00eda del maestro, as\u00ed como a las madres y a los administrativos; eso dice mucho de los l\u00edderes quienes siempre est\u00e1n atentos a sus agremiados del Estado. \u00a1Enhorabuena!<\/p>\n\n\n\n<p>La semana pasada anduvo de gira por Veracruz (Orizaba), la l\u00edder nacional de Morena, Luisa Mar\u00eda Alcalde, que cada que viene solo da problemas a Morena-Veracruz. Ahora se atrevi\u00f3 a criticar al exgobernador Fidel Herrera Beltr\u00e1n, diciendo que todo lo que huele \u201cal T\u00edo es tufo\u201d. Que me disculpe la modelo de cami\u00f3n, pero para hablar de Fidel Herrera debe primero tener la boca limpia, ser veracruzana y, segundo, conocer perfectamente la trayectoria del t\u00edo. La modelito de gasolineras no le llega ni a los talones. Ella tuvo la oportunidad de ser (secretaria del trabajo y de gobernaci\u00f3n) con el peje, donde por cierto est\u00e1 trabajando toda su familia: mam\u00e1 , pap\u00e1 y hermanas, y paso de noche sin pena ni gloria, a pesar de que su papi hacia los negocios por ella. Ahora que es la l\u00edder nacional de Morena, todo mundo sabe que quien manda en ese instituto pol\u00edtico, es Andr\u00e9s Manuel L\u00f3pez (Andy), por lo que Luisa Mar\u00eda debe primero saber que a los muertos se les respeta; segundo, quisiera ser una m\u00ednima parte de lo que fue el exgobernador de Veracruz, un caballero, un parlamentario de primera y pol\u00edticamente un maestro de muchas generaciones, pero adem\u00e1s se le olvid\u00f3 a la modelo de cami\u00f3n que sus aliados en Morena, son los del partido Verde donde Javier Herrera Borunda es el secretario de organizaci\u00f3n del Comit\u00e9 Nacional, y que Edgar Herrera Lendechy es el delegado nacional encargado del Comit\u00e9 Estatal del Verde en Veracruz, y ellos son dos familiares directo de Fidel Herrera (hijo y sobrino) por lo que debi\u00f3 mantener su boquita calladita antes de meter en problema a la gobernadora Roc\u00edo Nahle, quien en d\u00edas pasado se gan\u00f3 los aplausos de los veracruzanos, al conservar la cordura y respeto ante el fallecimiento de un exgobernador veracruzano; as\u00ed que la gobernadora debe decirle a la modelo de cami\u00f3n: si vienes a Veracruz, \u201cno me ayudes comadre\u201d. Con comentario agrios y sin sentido para llamar la atenci\u00f3n, se debe saber el librito de la pol\u00edtica, como dijera un veracruzano excepcional cuencue\u00f1o \u201cVeracruz late con Fuerza\u201d. As\u00ed que a Fidel Herrera en Veracruz se le respeta. \u00a1Esperemos que, en tu pr\u00f3xima gira a la zona norte de Veracruz, no vengas a ca\u2026la!<\/p>\n\n\n\n<p>Jorge Carvallo Delf\u00edn es uno de los pol\u00edticos de la Fidelidad que le aprendi\u00f3 bien al \u201cT\u00edo Fide\u201d lo que es la verdadera pol\u00edtica, ahora \u00e9l camina solo en las grandes ligas y es actualmente dirigente nacional del Movimiento Nacional Ca\u00f1ero, donde viene desempe\u00f1ando un excelente papel a favor de sus amigos los ca\u00f1eros del pa\u00eds. Carvallo durante su trayectoria en los gobiernos de Fidel y Duarte, desempe\u00f1\u00f3 varios cargos dentro del gabinete y la pol\u00edtica veracruzana, por eso \u00e9l puede andar tranquilamente en Veracruz desarrollando su labor, y todo mundo lo saluda con mucho respeto y cari\u00f1o. Al l\u00edder ca\u00f1ero se le vio muy movido en el homenaje p\u00f3stumo de Fidel Herrera, incluso le toc\u00f3 atender a personajes de la pol\u00edtica nacional porque se lo pidi\u00f3 su amigo Javier Herrera, con quien le une una super amistad desde hace muchos a\u00f1os. As\u00ed que no debemos de perder de vista a Jorge Carvallo, que todav\u00eda tiene mucho que dar a nivel nacional y estatal. \u00a1Tiempo al tiempo!<\/p>\n\n\n\n<p>Cada semana que viene a Xalapa el Senador de Morena, Manuel Huerta Ladr\u00f3n de Guevara, pareciera que trae la encomienda de M\u00e9xico de despotricar contra sus compa\u00f1eros de partido y del gobierno, nada le parece todo est\u00e1 mal para \u00e9l, como si \u00e9l trajera la varita m\u00e1gica y todo pudiese resolver; es m\u00e1s cr\u00edtico que la propia oposici\u00f3n, tan es as\u00ed, que se fue a hacer campa\u00f1a a favor de algunos candidatos del PT. Tambi\u00e9n critica la inseguridad que hay en el estado cuando el gobierno actual es de su propio partido; lo que s\u00ed es cierto es que, si el Senador Huerta sigue estirando la liga, se puede reventar y no vaya a ser que despierte al tigre y se activen algunas denuncias que tienen en su contra, porque no es lo mismo ver la paja en el ojo ajeno que la viga en el propio. As\u00ed que Huerta Ladr\u00f3n de Guevara debe de analizar a largo plazo qu\u00e9 es lo mejor para \u00e9l \u00bftener aliados en M\u00e9xico o en su propio estado de Veracruz? \u00a1Aguas!<\/p>\n\n\n\n<p>Nos leemos la pr\u00f3xima semana. Te invitamos a que nos sigas por todas nuestras plataformas y redes sociales. Noticias y entrevista INNOVA-DIGITAL, L\u00daDICO con \u201cEL GORDITO DE ORO\u201d, la revista impresa y virtual INNOVA-DIGITAL, y el portal www.aagenciainnovadigital.com.mx<\/p>\n","protected":false},"excerpt":{"rendered":"<p>\u2002\u2002\u00daNETE A NUESTRO CANAL \u00a1LOS POL\u00cdTICOS VERACRUZ ya est\u00e1 en WhatsApp! Juan de Dios S\u00e1nchez Abreu El Gordito de Oro Un hasta luego al cielo a nuestra amiga Cecilia Bocanegra, gran comunicadora de la zona sur del Estado. \u00a1Am\u00e9n!*Nuestra solidaridad como Asociaci\u00f3n Mexicana de Comunicadores y Periodistas del Estado de Veracruz (Amecope-Veracruz) a los compa\u00f1eros [&hellip;]<\/p>\n","protected":false},"author":2,"featured_media":141259,"comment_status":"closed","ping_status":"closed","sticky":false,"template":"","format":"standard","meta":{"_jetpack_newsletter_access":"","_jetpack_dont_email_post_to_subs":false,"_jetpack_newsletter_tier_id":0,"_jetpack_memberships_contains_paywalled_content":false,"_jetpack_memberships_contains_paid_content":false,"footnotes":""},"categories":[70],"tags":[43946,436],"class_list":["post-145555","post","type-post","status-publish","format-standard","has-post-thumbnail","hentry","category-de-opinion","tag-cecilia-bocanegra","tag-juan-de-dios-sanchez-abreu"],"jetpack_featured_media_url":"https:\/\/lospoliticosveracruz.com.mx\/wp-content\/uploads\/2025\/04\/Juan-Sanchez-Abreu.jpg","jetpack_sharing_enabled":true,"jetpack_shortlink":"https:\/\/wp.me\/p4Qcd3-BRF","_links":{"self":[{"href":"https:\/\/lospoliticosveracruz.com.mx\/index.php?rest_route=\/wp\/v2\/posts\/145555","targetHints":{"allow":["GET"]}}],"collection":[{"href":"https:\/\/lospoliticosveracruz.com.mx\/index.php?rest_route=\/wp\/v2\/posts"}],"about":[{"href":"https:\/\/lospoliticosveracruz.com.mx\/index.php?rest_route=\/wp\/v2\/types\/post"}],"author":[{"embeddable":true,"href":"https:\/\/lospoliticosveracruz.com.mx\/index.php?rest_route=\/wp\/v2\/users\/2"}],"replies":[{"embeddable":true,"href":"https:\/\/lospoliticosveracruz.com.mx\/index.php?rest_route=%2Fwp%2Fv2%2Fcomments&post=145555"}],"version-history":[{"count":1,"href":"https:\/\/lospoliticosveracruz.com.mx\/index.php?rest_route=\/wp\/v2\/posts\/145555\/revisions"}],"predecessor-version":[{"id":145556,"href":"https:\/\/lospoliticosveracruz.com.mx\/index.php?rest_route=\/wp\/v2\/posts\/145555\/revisions\/145556"}],"wp:featuredmedia":[{"embeddable":true,"href":"https:\/\/lospoliticosveracruz.com.mx\/index.php?rest_route=\/wp\/v2\/media\/141259"}],"wp:attachment":[{"href":"https:\/\/lospoliticosveracruz.com.mx\/index.php?rest_route=%2Fwp%2Fv2%2Fmedia&parent=145555"}],"wp:term":[{"taxonomy":"category","embeddable":true,"href":"https:\/\/lospoliticosveracruz.com.mx\/index.php?rest_route=%2Fwp%2Fv2%2Fcategories&post=145555"},{"taxonomy":"post_tag","embeddable":true,"href":"https:\/\/lospoliticosveracruz.com.mx\/index.php?rest_route=%2Fwp%2Fv2%2Ftags&post=145555"}],"curies":[{"name":"wp","href":"https:\/\/api.w.org\/{rel}","templated":true}]}}