{"id":145851,"date":"2025-05-28T09:26:32","date_gmt":"2025-05-28T14:26:32","guid":{"rendered":"https:\/\/lospoliticosveracruz.com.mx\/?p=145851"},"modified":"2025-05-28T09:26:48","modified_gmt":"2025-05-28T14:26:48","slug":"pasion-politica-en-elecciones-municipales","status":"publish","type":"post","link":"https:\/\/lospoliticosveracruz.com.mx\/?p=145851","title":{"rendered":"PASI\u00d3N POL\u00cdTICA EN ELECCIONES MUNICIPALES"},"content":{"rendered":"\n<p><a><\/a><a href=\"https:\/\/whatsapp.com\/channel\/0029Va8zRWlEKyZIP3Z1dF0e\"><strong>\u2002\u2002<\/strong><strong>\u00da<\/strong><strong>NETE A NUESTRO CANAL<\/strong><strong><\/strong><\/a><\/p>\n\n\n\n<p>\u00a1<a href=\"https:\/\/whatsapp.com\/channel\/0029Va8zRWlEKyZIP3Z1dF0e\"><strong>LOS POL\u00cd<\/strong><strong>TICOS VERACRUZ<\/strong><\/a> ya est\u00e1 en WhatsApp!<\/p>\n\n\n\n<p><strong>Miguel Valera<br><\/strong><em>Contrase\u00f1as<\/em><\/p>\n\n\n\n<p>Cierran hoy las campa\u00f1as electorales en Veracruz y aunque hay mucha efervescencia, las preferencias parecen definidas en muchas demarcaciones. En Xalapa, la morenista Daniela Griego Ceballos encabeza las preferencias y por lo mismo, la campa\u00f1a de guerra sucia se ha enfocado hacia su persona y proyecto. Este martes denunci\u00f3 \u201ccon profunda indignaci\u00f3n\u201d, as\u00ed lo se\u00f1al\u00f3 en un comunicado, \u201cun intento m\u00e1s de guerra sucia orquestada en mi contra\u201d.<\/p>\n\n\n\n<p>\u201cEste d\u00eda \u2014dijo\u2014 en diversas colonias fueron distribuidos volantes an\u00f3nimos y ap\u00f3crifos con informaci\u00f3n falsa que intentan denostar nuestro proyecto de transformaci\u00f3n en un supuesto \u2018tercer lugar\u2019. Estos materiales carecen de fuente verificable, metodolog\u00eda o autor\u00eda responsable, lo que confirma su \u00fanico objetivo: desinformar, confundir al electorado y desviar la atenci\u00f3n del crecimiento imparable de nuestro movimiento\u201d, asent\u00f3.<\/p>\n\n\n\n<p>\u201cLos ataques no son nuevos, a\u00f1ade. Cada vez que el pueblo decide y se organiza, los mismos de siempre recurren a la politiquer\u00eda barata, al enga\u00f1o y al uso desesperado de recursos ilegales para intentar detener lo que ya es una realidad: la transformaci\u00f3n continuar\u00e1 en Xalapa. Desde este proyecto de esperanza hacemos un llamado a la ciudadan\u00eda a no dejarse enga\u00f1ar por panfletos sin fundamento y defender el compromiso con la democracia\u201d, apunt\u00f3.<\/p>\n\n\n\n<p>\u201cLas encuestas serias y los recorridos lo demuestran: la gente est\u00e1 con Morena, con Daniela Griego y su planilla\u201d, concluy\u00f3 en su parte informativo de campa\u00f1a.<\/p>\n\n\n\n<p>No cabe duda que Daniela Griego Ceballos ha hecho una campa\u00f1a seria, de altura, de cercan\u00eda con la gente. Lo hizo entre la militancia primero y luego entre los ciudadanos xalape\u00f1os en general. Pero no s\u00f3lo eso, la ex directora del Instituto de Pensiones del Estado, Soci\u00f3loga egresada de la Universidad Veracruzana, quien desde muy joven se involucr\u00f3 en organizaciones sociales como Asesor\u00eda y Servicios Rurales (ASER AC); Movimiento Agrario Ind\u00edgena Zapatista (MAIZ) y el Movimiento de Apoyo a Ni\u00f1os Trabajadores y de la Calla (MATRACA), entre otros, posee una trayectoria seria, de responsabilidad y compromiso social.<\/p>\n\n\n\n<p>Como puntera, es natural que se le ataque, que se busque minar su credibilidad pero eso es parte del show de siempre y de los aspirantes que, naturalmente, saben que tienen que montarse en el prestigio de otros para tratar de crecer. Lo cierto es que Xalapa tiene en Daniela Griego Ceballos un proyecto serio para consolidar su desarrollo.<\/p>\n\n\n\n<p>Hace algunos d\u00edas, en la colonia donde vivo, muy cerca al centro, un promotor del voto me regal\u00f3 un d\u00edptico en donde se exponen sus ocho ejes de trabajo. Ah\u00ed se lee que \u201cCon transparencia, honestidad, inclusi\u00f3n, democracia, humanismo y justicia social seguiremos transformando Xalapa\u201d.<\/p>\n\n\n\n<p>Los ocho ejes que refer\u00eda son: la promoci\u00f3n de la participaci\u00f3n ciudadana; el mejoramiento de la movilidad urbana; la protecci\u00f3n del medio ambiente; un modelo de gesti\u00f3n municipal para la cultura, la educaci\u00f3n y el deporte; un desarrollo urbano inteligente, planificado y sostenible; el fomento a la econom\u00eda local, la producci\u00f3n agr\u00edcola, las actividades empresariales y el emprendimiento; la recuperaci\u00f3n del potencial tur\u00edstico en sus diversas manifestaciones y el reforzamiento de la seguridad ciudadana.<\/p>\n\n\n\n<p>Xalapa tiene muchos retos a los que no se les podr\u00e1 dar soluci\u00f3n en un solo d\u00eda. La candidata morenista, quien cierra hoy campa\u00f1a a las 15:00 horas en la Plaza Lerdo, lo sabe, est\u00e1 preparada y seguramente tendr\u00e1 el respaldo ciudadano el pr\u00f3ximo domingo 1 de junio, para lograrlo.<\/p>\n\n\n\n<p>EN LA ANTESALA, SILVIO ARREMTE CONTRA ROM\u00c1N MORENO<\/p>\n\n\n\n<p>Ayer martes en el Parque Ju\u00e1rez me encontr\u00e9 a Rom\u00e1n Moreno Hern\u00e1ndez. No s\u00e9 si fue a reportarse a alguna oficina de Palacio de Gobierno o con el encargado de la pol\u00edtica interna, don Ricardo Ahued Bardahuil, porque iba acompa\u00f1ado de un excolaborador del ex mun\u00edcipe capitalino, don Luis Sardi\u00f1a Salgado. Me salud\u00f3 amable y me dijo convencido que va a ganar la elecci\u00f3n.<\/p>\n\n\n\n<p>Antes de ese saludo, como integrante de la Asociaci\u00f3n de Comunicadores del Estado de Veracruz (ACOVER), particip\u00e9 en un encuentro, al lado de mi buen amigo Melit\u00f3n Morales Dom\u00ednguez, con el aspirante priista Silvio Lagos Galindo, quien, dicho sea de paso, arremeti\u00f3 contra el candidato de tenis naranja y dijo literal que \u201cno sirve para nada\u201d.<\/p>\n\n\n\n<p>Estaba enojado, naturalmente, porque Rom\u00e1n Moreno lo atac\u00f3 tambi\u00e9n, de manera directa. Por eso, expuso brevemente que el candidato de MC lleva a su esposa en la planilla para ser Regidora 1 y a su hija para ser Regidora 3. Nada extra\u00f1o, considero, porque como me dec\u00eda un viejo maestro, la pol\u00edtica es para eso, para hacer negocios.<\/p>\n\n\n\n<p>Y as\u00ed, sigui\u00f3 Silvio Lagos Galindo: \u201cRom\u00e1n tiene que aclarar que \u00e9l no ha podido regularizar su licencia de la taquer\u00eda La vaca pinta y \u00e9l ha amenazado a la Regidora de Comercio para que le den el permiso\u201d.<\/p>\n\n\n\n<p>\u201cCuando \u00e9l compr\u00f3 el local donde est\u00e1 su taquer\u00eda, \u00e9l pens\u00f3 que ese local, de manera inherente le iba a dar la licencia para poder usar y vender alcohol y alimento. No se dio. El tipo lleva un a\u00f1o en la irregularidad. Para eso quiere ser presidente municipal. Literal, ha amenazado a la regidora. Este tipo Rom\u00e1n no tiene un solo \u00e1pice de decencia. Es un tipo que se dice taquero cuando lo \u00fanico que ha hecho es ser esquirol de MORENA y se ha beneficiado de contratos dando alimentaci\u00f3n en Dos Bocas, curiosamente\u201d.<\/p>\n\n\n\n<p>\u201c\u00c9l presume que es un gran empresario. No, \u00e9l no es un gran empresario \u00e9l es un tipo oportunista y que aclare de manera puntual el tema de la licencia de su negocio, que le diga a los xalape\u00f1os por qu\u00e9 ha amenazado a la regidora, por qu\u00e9 ha hecho una serie de bravuconer\u00edas y por qu\u00e9 su negocio sigue operando cuando \u00e9l no tiene la licencia para hacerlo\u201d.<\/p>\n\n\n\n<p>\u201cEse es Rom\u00e1n y publica lo que publica porque sabe que Silvio es el \u00fanico que le va a ganar a MORENA, \u00e9l no. Pero desde aqu\u00ed le digo que se preocupe porque a partir del 1 de enero de 2026 su negocio va a estar cerrado porque \u00e9l no tiene la licencia\u201d.<\/p>\n\n\n\n<p>\u201cYo fui respetuoso en la campa\u00f1a pero entiendo su desesperaci\u00f3n y aqu\u00ed le mando un mensaje claro: si \u00e9l no regulariza, como lo ha hecho y la actual administraci\u00f3n le ha permitido operar sin tener la licencia, su taquer\u00eda vendiendo alcohol, \u00e9l no tiene el m\u00ednimo derecho de hablar de decencia y su dicho de taquero, lo que queda en decirlo a \u00e9l es el porque est\u00e1 timando, enga\u00f1ando a los xalape\u00f1os\u201d, concluy\u00f3 visiblemente molesto.<\/p>\n\n\n\n<p>@MValeraH<\/p>\n","protected":false},"excerpt":{"rendered":"<p>\u2002\u2002\u00daNETE A NUESTRO CANAL \u00a1LOS POL\u00cdTICOS VERACRUZ ya est\u00e1 en WhatsApp! Miguel ValeraContrase\u00f1as Cierran hoy las campa\u00f1as electorales en Veracruz y aunque hay mucha efervescencia, las preferencias parecen definidas en muchas demarcaciones. En Xalapa, la morenista Daniela Griego Ceballos encabeza las preferencias y por lo mismo, la campa\u00f1a de guerra sucia se ha enfocado hacia [&hellip;]<\/p>\n","protected":false},"author":2,"featured_media":141429,"comment_status":"closed","ping_status":"closed","sticky":false,"template":"","format":"standard","meta":{"_jetpack_newsletter_access":"","_jetpack_dont_email_post_to_subs":false,"_jetpack_newsletter_tier_id":0,"_jetpack_memberships_contains_paywalled_content":false,"_jetpack_memberships_contains_paid_content":false,"footnotes":""},"categories":[70],"tags":[],"class_list":["post-145851","post","type-post","status-publish","format-standard","has-post-thumbnail","hentry","category-de-opinion"],"jetpack_featured_media_url":"https:\/\/lospoliticosveracruz.com.mx\/wp-content\/uploads\/2025\/04\/Miguel-Valera.jpg","jetpack_sharing_enabled":true,"jetpack_shortlink":"https:\/\/wp.me\/p4Qcd3-BWr","_links":{"self":[{"href":"https:\/\/lospoliticosveracruz.com.mx\/index.php?rest_route=\/wp\/v2\/posts\/145851","targetHints":{"allow":["GET"]}}],"collection":[{"href":"https:\/\/lospoliticosveracruz.com.mx\/index.php?rest_route=\/wp\/v2\/posts"}],"about":[{"href":"https:\/\/lospoliticosveracruz.com.mx\/index.php?rest_route=\/wp\/v2\/types\/post"}],"author":[{"embeddable":true,"href":"https:\/\/lospoliticosveracruz.com.mx\/index.php?rest_route=\/wp\/v2\/users\/2"}],"replies":[{"embeddable":true,"href":"https:\/\/lospoliticosveracruz.com.mx\/index.php?rest_route=%2Fwp%2Fv2%2Fcomments&post=145851"}],"version-history":[{"count":1,"href":"https:\/\/lospoliticosveracruz.com.mx\/index.php?rest_route=\/wp\/v2\/posts\/145851\/revisions"}],"predecessor-version":[{"id":145852,"href":"https:\/\/lospoliticosveracruz.com.mx\/index.php?rest_route=\/wp\/v2\/posts\/145851\/revisions\/145852"}],"wp:featuredmedia":[{"embeddable":true,"href":"https:\/\/lospoliticosveracruz.com.mx\/index.php?rest_route=\/wp\/v2\/media\/141429"}],"wp:attachment":[{"href":"https:\/\/lospoliticosveracruz.com.mx\/index.php?rest_route=%2Fwp%2Fv2%2Fmedia&parent=145851"}],"wp:term":[{"taxonomy":"category","embeddable":true,"href":"https:\/\/lospoliticosveracruz.com.mx\/index.php?rest_route=%2Fwp%2Fv2%2Fcategories&post=145851"},{"taxonomy":"post_tag","embeddable":true,"href":"https:\/\/lospoliticosveracruz.com.mx\/index.php?rest_route=%2Fwp%2Fv2%2Ftags&post=145851"}],"curies":[{"name":"wp","href":"https:\/\/api.w.org\/{rel}","templated":true}]}}