{"id":145853,"date":"2025-05-28T09:33:35","date_gmt":"2025-05-28T14:33:35","guid":{"rendered":"https:\/\/lospoliticosveracruz.com.mx\/?p=145853"},"modified":"2025-05-28T09:33:59","modified_gmt":"2025-05-28T14:33:59","slug":"judiciales-por-quien-votar","status":"publish","type":"post","link":"https:\/\/lospoliticosveracruz.com.mx\/?p=145853","title":{"rendered":"JUDICIALES, \u00bfPOR QUI\u00c9N VOTAR?"},"content":{"rendered":"\n<p>S\u00edguenos ahora tambi\u00e9n en WhatsApp.\u00a0\u00a1<a href=\"https:\/\/whatsapp.com\/channel\/0029Va8zRWlEKyZIP3Z1dF0e\"><strong>Da clic aqu\u00ed<\/strong><\/a><strong>!<\/strong><\/p>\n\n\n\n<p><strong>Sergio Gonz\u00e1lez Levet<\/strong><\/p>\n\n\n\n<p><em>Sin tacto<\/em><\/p>\n\n\n\n<p>Si usted ha decidido ir a votar el pr\u00f3ximo domingo en las elecciones judiciales federales y estatales, seguramente tendr\u00e1 varias dudas ante los cientos de aspirantes a los puestos de consejeros, magistrados y jueces que estar\u00e1n en pugna.<\/p>\n\n\n\n<pre class=\"wp-block-code\"><code> Cuando reciba en alguna casilla del Estado de Veracruz las 10 boletas que se dar\u00e1n a cada ciudadano, tendr\u00e1 que elegir en ellas los nombres y n\u00fameros de 37 personas, lo que no es f\u00e1cil debido a que pocos ciudadanos conocen a los competidores, que son en un caso personas con una enorme trayectoria profesional, jur\u00eddica, pero dentro del sistema judicial, por lo que el gran p\u00fablico no los conoce ni tiene idea de sus alcances. Son personajes conocidos\/desconocidos.\n\n Y en otro caso habr\u00e1 desconocidos\/desconocidos, es decir, muchachos reci\u00e9n egresados de la Facultad que obtuvieron m\u00e1s de 8.5 de promedio y se presentaron junto con cinco recomendaciones de vecinos que nada tienen que ver con el mundo de la justicia y las leyes.\n\n A los cerebros parsimoniosos de la Cuarta Transformaci\u00f3n se les ocurri\u00f3 hacer unos acordeones con nombres de sus favoritos para que sus electores cautivos vayan y copien lo se\u00f1alado y as\u00ed -seg\u00fan la l\u00f3gica aplastante pero errada de los morenos- manifiesten su voluntad popular.\n\n El INE se apresur\u00f3 a decir que estaba bien que los ciudadanos entraran a las casillas con acordeones, y por eso muchos de los acarreados a las urnas llegar\u00e1n a copiar m\u00e1s que a votar.\n\n Por eso se me ocurri\u00f3 que cualquiera podr\u00eda hacer una especie de lista de buenos candidatos, para que ciudadanos no cooptados por los programas sociales o las becas tengan una informaci\u00f3n sobre candidatos que re\u00fanen el perfil necesario para ser jueces, que tienen una vida en los tribunales, que han demostrado su honorabilidad y que ahora se presentan con el fin de permanecer en los puestos que hab\u00edan conseguido a base de trabajo, de estudio y de honestidad.\n\n \u00bfNombres? Con gusto:\n\n Jos\u00e9 Faustino Arango Esc\u00e1mez, candidato a Magistrado del Segundo Tribunal Colegiado en Materia Civil del S\u00e9ptimo Circuito, con sede en Xalapa. Color lila, n\u00famero 15.\n\n Rosalba Hern\u00e1ndez Hern\u00e1ndez, candidata a Magistrada en Materia Constitucional del Tribunal Superior de Justicia de Veracruz. Color amarillo, n\u00famero 8\n\n Octavio Ramos Ramos, candidato a la magistratura administrativa del S\u00e9ptimo Tribunal Colegiado de Circuito con sede en la ciudad de Veracruz. Color rosa, n\u00famero 24.\n\n Jos\u00e9 Hern\u00e1ndez Hern\u00e1ndez, candidato a Magistrado de Circuito en materia administrativa. Color amarillo, n\u00famero 24.\n\n Marco Antonio Virgen Mart\u00ednez, candidato a Magistrado del Tribunal de Conciliaci\u00f3n y Arbitraje. Color caf\u00e9, n\u00famero 6.\n\n Luis Rafael Hern\u00e1ndez Palacios, candidato a Magistrado de la Suprema Corte de Justicia de la Naci\u00f3n. Color morado, n\u00famero 50.\n\n Si vota por estos personajes comprobados no va a fallar, le aseguro.<\/code><\/pre>\n\n\n\n<p>sglevet@gmail.com<\/p>\n","protected":false},"excerpt":{"rendered":"<p>S\u00edguenos ahora tambi\u00e9n en WhatsApp.\u00a0\u00a1Da clic aqu\u00ed! Sergio Gonz\u00e1lez Levet Sin tacto Si usted ha decidido ir a votar el pr\u00f3ximo domingo en las elecciones judiciales federales y estatales, seguramente tendr\u00e1 varias dudas ante los cientos de aspirantes a los puestos de consejeros, magistrados y jueces que estar\u00e1n en pugna. sglevet@gmail.com<\/p>\n","protected":false},"author":2,"featured_media":141432,"comment_status":"closed","ping_status":"closed","sticky":false,"template":"","format":"standard","meta":{"_jetpack_newsletter_access":"","_jetpack_dont_email_post_to_subs":false,"_jetpack_newsletter_tier_id":0,"_jetpack_memberships_contains_paywalled_content":false,"_jetpack_memberships_contains_paid_content":false,"footnotes":""},"categories":[70],"tags":[43976,1282],"class_list":["post-145853","post","type-post","status-publish","format-standard","has-post-thumbnail","hentry","category-de-opinion","tag-elecciones-judiciales-federales","tag-sergio-gonzalez-levet"],"jetpack_featured_media_url":"https:\/\/lospoliticosveracruz.com.mx\/wp-content\/uploads\/2025\/04\/Levet.jpg","jetpack_sharing_enabled":true,"jetpack_shortlink":"https:\/\/wp.me\/p4Qcd3-BWt","_links":{"self":[{"href":"https:\/\/lospoliticosveracruz.com.mx\/index.php?rest_route=\/wp\/v2\/posts\/145853","targetHints":{"allow":["GET"]}}],"collection":[{"href":"https:\/\/lospoliticosveracruz.com.mx\/index.php?rest_route=\/wp\/v2\/posts"}],"about":[{"href":"https:\/\/lospoliticosveracruz.com.mx\/index.php?rest_route=\/wp\/v2\/types\/post"}],"author":[{"embeddable":true,"href":"https:\/\/lospoliticosveracruz.com.mx\/index.php?rest_route=\/wp\/v2\/users\/2"}],"replies":[{"embeddable":true,"href":"https:\/\/lospoliticosveracruz.com.mx\/index.php?rest_route=%2Fwp%2Fv2%2Fcomments&post=145853"}],"version-history":[{"count":1,"href":"https:\/\/lospoliticosveracruz.com.mx\/index.php?rest_route=\/wp\/v2\/posts\/145853\/revisions"}],"predecessor-version":[{"id":145854,"href":"https:\/\/lospoliticosveracruz.com.mx\/index.php?rest_route=\/wp\/v2\/posts\/145853\/revisions\/145854"}],"wp:featuredmedia":[{"embeddable":true,"href":"https:\/\/lospoliticosveracruz.com.mx\/index.php?rest_route=\/wp\/v2\/media\/141432"}],"wp:attachment":[{"href":"https:\/\/lospoliticosveracruz.com.mx\/index.php?rest_route=%2Fwp%2Fv2%2Fmedia&parent=145853"}],"wp:term":[{"taxonomy":"category","embeddable":true,"href":"https:\/\/lospoliticosveracruz.com.mx\/index.php?rest_route=%2Fwp%2Fv2%2Fcategories&post=145853"},{"taxonomy":"post_tag","embeddable":true,"href":"https:\/\/lospoliticosveracruz.com.mx\/index.php?rest_route=%2Fwp%2Fv2%2Ftags&post=145853"}],"curies":[{"name":"wp","href":"https:\/\/api.w.org\/{rel}","templated":true}]}}